{"id":10034,"date":"2016-05-06T14:03:08","date_gmt":"2016-05-06T17:03:08","guid":{"rendered":"http:\/\/cronicasyversiones.com\/?p=10034"},"modified":"2016-05-06T14:03:08","modified_gmt":"2016-05-06T17:03:08","slug":"andres-parra-sera-hugo-chavez-en-el-comandante","status":"publish","type":"post","link":"http:\/\/cronicasyversiones.com\/?p=10034","title":{"rendered":"Andr\u00e9s Parra ser\u00e1 Hugo Ch\u00e1vez en \u201cEl Comandante\u201d"},"content":{"rendered":"<div style=\"padding-bottom:20px; padding-top:10px;\" class=\"hupso-share-buttons\"><!-- Hupso Share Buttons - https:\/\/www.hupso.com\/share\/ --><a class=\"hupso_counters\" href=\"https:\/\/www.hupso.com\/share\/\"><img decoding=\"async\" src=\"http:\/\/static.hupso.com\/share\/buttons\/lang\/es\/share-small.png\" style=\"border:0px; padding-top:2px; float:left;\" alt=\"Share Button\"\/><\/a><script type=\"text\/javascript\">var hupso_services_c=new Array(\"twitter\",\"facebook_like\",\"google\");var hupso_counters_lang = \"es_LA\";var hupso_image_folder_url = \"\";var hupso_twitter_via=\"crsyvrs\";var hupso_url_c=\"\";<\/script><script type=\"text\/javascript\" src=\"http:\/\/static.hupso.com\/share\/js\/counters.js\"><\/script><!-- Hupso Share Buttons --><\/div><h2 style=\"text-align: justify;\">El actor colombiano, luego de interpretar a Pablo Escobar, se meter\u00e1 en la piel del fallecido presidente de Venezuela en una serie que prepara Sony.<\/h2>\n<p style=\"text-align: justify;\"><img loading=\"lazy\" decoding=\"async\" class=\"aligncenter\" src=\"https:\/\/pbs.twimg.com\/media\/ChvYrZmWUAEAMPT.jpg\" width=\"789\" height=\"395\" \/><br \/>\n<em><strong>\u00abHugo Ch\u00e1vez. El Comandante\u00bb<\/strong><\/em> es la nueva serie de <strong>Sony<\/strong> inspirada en distintos episodios de la vida del fallecido presidente de Venezuela, que ser\u00e1 encarnado por el actor colombiano <strong>Andr\u00e9s Parra.<\/strong><\/p>\n<p style=\"text-align: justify;\">Parra, caracterizado con la boina roja, habitual accesorio en la vestimenta del l\u00edder venezolano, revalid\u00f3 sus credenciales por su gran capacidad del int\u00e9rprete para mimetizarse con personajes reales, como realiz\u00f3 con <strong>Pablo Escobar<\/strong> en la exitosa narcoficci\u00f3n <em><strong>\u00abEscobar, el Patr\u00f3n del Mal\u00bb<\/strong><\/em>, producida por Caracol Televisi\u00f3n entre 2009 y 2012.<\/p>\n<p style=\"text-align: justify;\">La ficci\u00f3n sobre Ch\u00e1vez se promociona con la frase <strong>\u00abel poder de la pasi\u00f3n y la pasi\u00f3n por el poder\u00bb<\/strong> impresa sobre el rostro del fallecido dirigente bolivariano.<\/p>\n<p style=\"text-align: justify;\">A modo de adelanto, desde la producci\u00f3n de la serie publicaron en las redes sociales el afiche de este nuevo env\u00edo, en el que se aprecia el parecido en la caracterizaci\u00f3n del actor.<\/p>\n<p style=\"text-align: justify;\">Por la importancia del proyecto resulta la producci\u00f3n en castellano m\u00e1s ambiciosa realizada por <strong>Sony Pictures Television (SPT)<\/strong> hasta el momento. Las grabaciones de la serie comenzar\u00e1n en el a\u00f1o y a\u00fan se desconoce cuando llegar\u00e1n a la pantalla.<\/p>\n<div style=\"padding-bottom:20px; padding-top:10px;\" class=\"hupso-share-buttons\"><!-- Hupso Share Buttons - https:\/\/www.hupso.com\/share\/ --><a class=\"hupso_counters\" href=\"https:\/\/www.hupso.com\/share\/\"><img decoding=\"async\" src=\"http:\/\/static.hupso.com\/share\/buttons\/lang\/es\/share-small.png\" style=\"border:0px; padding-top:2px; float:left;\" alt=\"Share Button\"\/><\/a><script type=\"text\/javascript\">var hupso_services_c=new Array(\"twitter\",\"facebook_like\",\"google\");var hupso_counters_lang = \"es_LA\";var hupso_image_folder_url = \"\";var hupso_twitter_via=\"crsyvrs\";var hupso_url_c=\"\";<\/script><script type=\"text\/javascript\" src=\"http:\/\/static.hupso.com\/share\/js\/counters.js\"><\/script><!-- Hupso Share Buttons --><\/div> ","protected":false},"excerpt":{"rendered":"<div style=\"padding-bottom:20px; padding-top:10px;\" class=\"hupso-share-buttons\"><!-- Hupso Share Buttons - https:\/\/www.hupso.com\/share\/ --><a class=\"hupso_counters\" href=\"https:\/\/www.hupso.com\/share\/\"><img src=\"http:\/\/static.hupso.com\/share\/buttons\/lang\/es\/share-small.png\" style=\"border:0px; padding-top:2px; float:left;\" alt=\"Share Button\"\/><\/a><script type=\"text\/javascript\">var hupso_services_c=new Array(\"twitter\",\"facebook_like\",\"google\");var hupso_counters_lang = \"es_LA\";var hupso_image_folder_url = \"\";var hupso_twitter_via=\"crsyvrs\";var hupso_url_c=\"\";<\/script><script type=\"text\/javascript\" src=\"http:\/\/static.hupso.com\/share\/js\/counters.js\"><\/script><!-- Hupso Share Buttons --><\/div><p>El actor colombiano, luego de interpretar a Pablo Escobar, se meter\u00e1 en la piel del fallecido presidente de Venezuela en una serie que prepara Sony. \u00abHugo Ch\u00e1vez. El Comandante\u00bb es la nueva serie de Sony inspirada en distintos episodios&#46;&#46;&#46;<\/p>\n<div style=\"padding-bottom:20px; padding-top:10px;\" class=\"hupso-share-buttons\"><!-- Hupso Share Buttons - https:\/\/www.hupso.com\/share\/ --><a class=\"hupso_counters\" href=\"https:\/\/www.hupso.com\/share\/\"><img src=\"http:\/\/static.hupso.com\/share\/buttons\/lang\/es\/share-small.png\" style=\"border:0px; padding-top:2px; float:left;\" alt=\"Share Button\"\/><\/a><script type=\"text\/javascript\">var hupso_services_c=new Array(\"twitter\",\"facebook_like\",\"google\");var hupso_counters_lang = \"es_LA\";var hupso_image_folder_url = \"\";var hupso_twitter_via=\"crsyvrs\";var hupso_url_c=\"\";<\/script><script type=\"text\/javascript\" src=\"http:\/\/static.hupso.com\/share\/js\/counters.js\"><\/script><!-- Hupso Share Buttons --><\/div>","protected":false},"author":5,"featured_media":0,"comment_status":"open","ping_status":"closed","sticky":false,"template":"","format":"standard","meta":{"footnotes":""},"categories":[6],"tags":[4720,6603,3016],"class_list":["post-10034","post","type-post","status-publish","format-standard","hentry","category-radio-y-tv","tag-andres-parra","tag-hugo-chavez","tag-sony"],"_links":{"self":[{"href":"http:\/\/cronicasyversiones.com\/index.php?rest_route=\/wp\/v2\/posts\/10034","targetHints":{"allow":["GET"]}}],"collection":[{"href":"http:\/\/cronicasyversiones.com\/index.php?rest_route=\/wp\/v2\/posts"}],"about":[{"href":"http:\/\/cronicasyversiones.com\/index.php?rest_route=\/wp\/v2\/types\/post"}],"author":[{"embeddable":true,"href":"http:\/\/cronicasyversiones.com\/index.php?rest_route=\/wp\/v2\/users\/5"}],"replies":[{"embeddable":true,"href":"http:\/\/cronicasyversiones.com\/index.php?rest_route=%2Fwp%2Fv2%2Fcomments&post=10034"}],"version-history":[{"count":0,"href":"http:\/\/cronicasyversiones.com\/index.php?rest_route=\/wp\/v2\/posts\/10034\/revisions"}],"wp:attachment":[{"href":"http:\/\/cronicasyversiones.com\/index.php?rest_route=%2Fwp%2Fv2%2Fmedia&parent=10034"}],"wp:term":[{"taxonomy":"category","embeddable":true,"href":"http:\/\/cronicasyversiones.com\/index.php?rest_route=%2Fwp%2Fv2%2Fcategories&post=10034"},{"taxonomy":"post_tag","embeddable":true,"href":"http:\/\/cronicasyversiones.com\/index.php?rest_route=%2Fwp%2Fv2%2Ftags&post=10034"}],"curies":[{"name":"wp","href":"https:\/\/api.w.org\/{rel}","templated":true}]}}