{"id":10068,"date":"2016-05-11T00:00:21","date_gmt":"2016-05-11T03:00:21","guid":{"rendered":"http:\/\/cronicasyversiones.com\/?p=10068"},"modified":"2017-01-31T17:07:27","modified_gmt":"2017-01-31T20:07:27","slug":"los-amigo-el-disco-postumo-de-spinetta-nominado-en-los-premios-gardel","status":"publish","type":"post","link":"http:\/\/cronicasyversiones.com\/?p=10068","title":{"rendered":"\u201cLos Amigo\u201d, el disco p\u00f3stumo de Spinetta, nominado en los Premios Gardel"},"content":{"rendered":"<div style=\"padding-bottom:20px; padding-top:10px;\" class=\"hupso-share-buttons\"><!-- Hupso Share Buttons - https:\/\/www.hupso.com\/share\/ --><a class=\"hupso_counters\" href=\"https:\/\/www.hupso.com\/share\/\"><img decoding=\"async\" src=\"http:\/\/static.hupso.com\/share\/buttons\/lang\/es\/share-small.png\" style=\"border:0px; padding-top:2px; float:left;\" alt=\"Share Button\"\/><\/a><script type=\"text\/javascript\">var hupso_services_c=new Array(\"twitter\",\"facebook_like\",\"google\");var hupso_counters_lang = \"es_LA\";var hupso_image_folder_url = \"\";var hupso_twitter_via=\"crsyvrs\";var hupso_url_c=\"\";<\/script><script type=\"text\/javascript\" src=\"http:\/\/static.hupso.com\/share\/js\/counters.js\"><\/script><!-- Hupso Share Buttons --><\/div><h2 style=\"text-align: justify;\">Esta placa del Flaco competir\u00e1 como \u00a0Mejor \u00c1lbum,\u00a0 Canci\u00f3n del a\u00f1o, Mejor Dise\u00f1o de Portada y Mejor Grupo de Rock.<\/h2>\n<p><img loading=\"lazy\" decoding=\"async\" class=\"alignleft size-full wp-image-13915\" src=\"http:\/\/cronicasyversiones.com\/wp-content\/uploads\/2016\/05\/spinetta-599x360.jpg\" alt=\"\" width=\"599\" height=\"360\" srcset=\"http:\/\/cronicasyversiones.com\/wp-content\/uploads\/2016\/05\/spinetta-599x360.jpg 599w, http:\/\/cronicasyversiones.com\/wp-content\/uploads\/2016\/05\/spinetta-599x360-300x180.jpg 300w\" sizes=\"auto, (max-width: 599px) 100vw, 599px\" \/><\/p>\n<p style=\"text-align: justify;\">El <a href=\"http:\/\/cronicasyversiones.com\/?p=8324\">disco p\u00f3stumo de <strong>Luis Alberto Spinetta,<\/strong> \u201cLos amigo\u201d<\/a>, acumula cuatro nominaciones en la 18 edici\u00f3n de los <strong>Premios Gardel<\/strong> de la m\u00fasica en la Argentina, como a Mejor \u00c1lbum y Canci\u00f3n del a\u00f1o, por el bello tema \u201cIris\u201d.<\/p>\n<p style=\"text-align: justify;\">Tambi\u00e9n competir\u00e1 como Mejor Dise\u00f1o de Portada y Mejor Grupo de Rock, un dibujo hecho por el Flaco, a pesar de que el sonido del \u00e1lbum tiene interesantes aires jazzeros.<\/p>\n<p style=\"text-align: justify;\"><strong>\u201cLos Amigo\u201d,<\/strong> que fue grabado en 2011 y se lanz\u00f3 de manera p\u00f3stuma el 27 de noviembre de 2015, es el decimosexto trabajo como solista de Spinetta, fallecido por un c\u00e1ncer en 2012.<\/p>\n<p style=\"text-align: justify;\">En este \u00e1lbum participaron <strong>Daniel Ferr\u00f3n<\/strong> en bajo y<strong> Rodolfo Garc\u00eda<\/strong> en bater\u00eda. Tambi\u00e9n aportaron lo suyo el <strong>Mono Fontana <\/strong>y<strong> Claudio Cardone<\/strong>, dos de los tecladistas estrella de Spinetta, que le agregaron sus magistrales toques a lo que el tr\u00edo hab\u00eda dejado grabado.\u00a0<strong><br \/>\n<\/strong><\/p>\n<p style=\"text-align: justify;\">Adem\u00e1s, participaron del proyecto casi todo el Clan Spnietta y todos los hijos de Luis (Dante, Catarina, Valentino y Vera) se repartieron distintos roles. Tambi\u00e9n <strong>Mariano L\u00f3pez<\/strong> volvi\u00f3 a estar en los controles y el dise\u00f1o de tapa parti\u00f3 de un dibujo del propio Luis Alberto.<\/p>\n<p style=\"text-align: justify;\"><strong>\u201cLos Amigo\u201d<\/strong> es el primer disco que emerge del archivo spinetteano y pudo haber sido editado en su momento, pero la salud y la voz del m\u00fasico empezaron a resquebrajarse lentamente.<\/p>\n<p style=\"text-align: justify;\">La ceremonia de entrega de los premios se llevar\u00e1 a cabo el pr\u00f3ximo 7 de junio en el Teatro Gran Rex de Buenos Aires.<\/p>\n<p style=\"text-align: justify;\"><strong>\u00abIris\u00bb, nominada a Canci\u00f3n del a\u00f1o<\/strong><\/p>\n<p><iframe loading=\"lazy\" src=\"https:\/\/www.youtube.com\/embed\/vGWdlmFeew4\" width=\"560\" height=\"315\" frameborder=\"0\" allowfullscreen=\"allowfullscreen\"><\/iframe><\/p>\n<div style=\"padding-bottom:20px; padding-top:10px;\" class=\"hupso-share-buttons\"><!-- Hupso Share Buttons - https:\/\/www.hupso.com\/share\/ --><a class=\"hupso_counters\" href=\"https:\/\/www.hupso.com\/share\/\"><img decoding=\"async\" src=\"http:\/\/static.hupso.com\/share\/buttons\/lang\/es\/share-small.png\" style=\"border:0px; padding-top:2px; float:left;\" alt=\"Share Button\"\/><\/a><script type=\"text\/javascript\">var hupso_services_c=new Array(\"twitter\",\"facebook_like\",\"google\");var hupso_counters_lang = \"es_LA\";var hupso_image_folder_url = \"\";var hupso_twitter_via=\"crsyvrs\";var hupso_url_c=\"\";<\/script><script type=\"text\/javascript\" src=\"http:\/\/static.hupso.com\/share\/js\/counters.js\"><\/script><!-- Hupso Share Buttons --><\/div> ","protected":false},"excerpt":{"rendered":"<div style=\"padding-bottom:20px; padding-top:10px;\" class=\"hupso-share-buttons\"><!-- Hupso Share Buttons - https:\/\/www.hupso.com\/share\/ --><a class=\"hupso_counters\" href=\"https:\/\/www.hupso.com\/share\/\"><img src=\"http:\/\/static.hupso.com\/share\/buttons\/lang\/es\/share-small.png\" style=\"border:0px; padding-top:2px; float:left;\" alt=\"Share Button\"\/><\/a><script type=\"text\/javascript\">var hupso_services_c=new Array(\"twitter\",\"facebook_like\",\"google\");var hupso_counters_lang = \"es_LA\";var hupso_image_folder_url = \"\";var hupso_twitter_via=\"crsyvrs\";var hupso_url_c=\"\";<\/script><script type=\"text\/javascript\" src=\"http:\/\/static.hupso.com\/share\/js\/counters.js\"><\/script><!-- Hupso Share Buttons --><\/div><p>Esta placa del Flaco competir\u00e1 como \u00a0Mejor \u00c1lbum,\u00a0 Canci\u00f3n del a\u00f1o, Mejor Dise\u00f1o de Portada y Mejor Grupo de Rock. El disco p\u00f3stumo de Luis Alberto Spinetta, \u201cLos amigo\u201d, acumula cuatro nominaciones en la 18 edici\u00f3n de los Premios&#46;&#46;&#46;<\/p>\n<div style=\"padding-bottom:20px; padding-top:10px;\" class=\"hupso-share-buttons\"><!-- Hupso Share Buttons - https:\/\/www.hupso.com\/share\/ --><a class=\"hupso_counters\" href=\"https:\/\/www.hupso.com\/share\/\"><img src=\"http:\/\/static.hupso.com\/share\/buttons\/lang\/es\/share-small.png\" style=\"border:0px; padding-top:2px; float:left;\" alt=\"Share Button\"\/><\/a><script type=\"text\/javascript\">var hupso_services_c=new Array(\"twitter\",\"facebook_like\",\"google\");var hupso_counters_lang = \"es_LA\";var hupso_image_folder_url = \"\";var hupso_twitter_via=\"crsyvrs\";var hupso_url_c=\"\";<\/script><script type=\"text\/javascript\" src=\"http:\/\/static.hupso.com\/share\/js\/counters.js\"><\/script><!-- Hupso Share Buttons --><\/div>","protected":false},"author":5,"featured_media":0,"comment_status":"open","ping_status":"closed","sticky":false,"template":"","format":"standard","meta":{"footnotes":""},"categories":[3,3944],"tags":[6629,47],"class_list":["post-10068","post","type-post","status-publish","format-standard","hentry","category-musica","category-spinettario","tag-los-amigo","tag-luis-alberto-spinetta"],"_links":{"self":[{"href":"http:\/\/cronicasyversiones.com\/index.php?rest_route=\/wp\/v2\/posts\/10068","targetHints":{"allow":["GET"]}}],"collection":[{"href":"http:\/\/cronicasyversiones.com\/index.php?rest_route=\/wp\/v2\/posts"}],"about":[{"href":"http:\/\/cronicasyversiones.com\/index.php?rest_route=\/wp\/v2\/types\/post"}],"author":[{"embeddable":true,"href":"http:\/\/cronicasyversiones.com\/index.php?rest_route=\/wp\/v2\/users\/5"}],"replies":[{"embeddable":true,"href":"http:\/\/cronicasyversiones.com\/index.php?rest_route=%2Fwp%2Fv2%2Fcomments&post=10068"}],"version-history":[{"count":0,"href":"http:\/\/cronicasyversiones.com\/index.php?rest_route=\/wp\/v2\/posts\/10068\/revisions"}],"wp:attachment":[{"href":"http:\/\/cronicasyversiones.com\/index.php?rest_route=%2Fwp%2Fv2%2Fmedia&parent=10068"}],"wp:term":[{"taxonomy":"category","embeddable":true,"href":"http:\/\/cronicasyversiones.com\/index.php?rest_route=%2Fwp%2Fv2%2Fcategories&post=10068"},{"taxonomy":"post_tag","embeddable":true,"href":"http:\/\/cronicasyversiones.com\/index.php?rest_route=%2Fwp%2Fv2%2Ftags&post=10068"}],"curies":[{"name":"wp","href":"https:\/\/api.w.org\/{rel}","templated":true}]}}