{"id":10119,"date":"2016-05-15T00:01:26","date_gmt":"2016-05-15T03:01:26","guid":{"rendered":"http:\/\/cronicasyversiones.com\/?p=10119"},"modified":"2016-05-18T15:35:38","modified_gmt":"2016-05-18T18:35:38","slug":"melisa-lamione-presenta-infinitos-floreceres-su-primer-disco","status":"publish","type":"post","link":"http:\/\/cronicasyversiones.com\/?p=10119","title":{"rendered":"Melisa Lamione presenta \u201cInfinitos Floreceres\u201d, su primer disco"},"content":{"rendered":"<div style=\"padding-bottom:20px; padding-top:10px;\" class=\"hupso-share-buttons\"><!-- Hupso Share Buttons - https:\/\/www.hupso.com\/share\/ --><a class=\"hupso_counters\" href=\"https:\/\/www.hupso.com\/share\/\"><img decoding=\"async\" src=\"http:\/\/static.hupso.com\/share\/buttons\/lang\/es\/share-small.png\" style=\"border:0px; padding-top:2px; float:left;\" alt=\"Share Button\"\/><\/a><script type=\"text\/javascript\">var hupso_services_c=new Array(\"twitter\",\"facebook_like\",\"google\");var hupso_counters_lang = \"es_LA\";var hupso_image_folder_url = \"\";var hupso_twitter_via=\"crsyvrs\";var hupso_url_c=\"\";<\/script><script type=\"text\/javascript\" src=\"http:\/\/static.hupso.com\/share\/js\/counters.js\"><\/script><!-- Hupso Share Buttons --><\/div><h2 style=\"text-align: justify;\">La desatada cantante saldr\u00e1 a escena con su repertorio de folklore argentino y latinoamericano en Hasta Trilce junto a su banda y a m\u00fasicos invitados.<\/h2>\n<p><img loading=\"lazy\" decoding=\"async\" class=\"aligncenter\" src=\"http:\/\/www.unica-cartelera.com.ar\/images\/posters\/MELISALAMIONE0849_poster.jpg\" width=\"591\" height=\"443\" \/><\/p>\n<p><strong>Melisa Lamione<\/strong> presenta <strong>\u201cInfinitos Floreceres\u201d<\/strong>, su primer opus en que recorre distintos sonidos folkl\u00f3ricos, este jueves a las 21 en<strong> Hasta Trilce<\/strong>, ubicado en Maza 177, en el barrio porte\u00f1o de Almagro.<\/p>\n<p style=\"text-align: justify;\">Este \u00e1lbum fue grabado bajo la producci\u00f3n art\u00edstica de <strong>Iv\u00e1n Roy Valenzuela,<\/strong> que tambi\u00e9n se encarg\u00f3 del los arreglos y de ejecutar el bajo y el contrabajo, y contiene diez temas cargados de expresividad logrando que cada uno sea un universo distinto.<\/p>\n<p style=\"text-align: justify;\">En esta presentaci\u00f3n la cantante estar\u00e1 secundada, adem\u00e1s de por Valenzuela, por Pablo Mengo en guitarra, guitarr\u00f3n y arreglos, Riki Proz en piano, Gaspar Tytelman en percusi\u00f3n, Nardo Gonz\u00e1lez en guitarra y Osvaldo Burucu\u00e1 en guitarra y arreglos.<\/p>\n<p style=\"text-align: justify;\">Tambi\u00e9n se sumaron en calidad de invitados <strong>Facundo Guevara<\/strong> en percusi\u00f3n, Anah\u00ed Petz en percusi\u00f3n, Joe Troop en viol\u00edn, Gabriel Juncos en flauta traversa, Mariano Manzanelli en piano y arreglos, Rodolfo Lamione en voz y Jimena Macias en coros.<\/p>\n<p style=\"text-align: justify;\">Nacida y criada en el oeste del Conurbano bonaerense, desde los nueve recorri\u00f3 distintos escenarios integrando coros, <strong>bandas de rock y agrupaciones folkl\u00f3ricas,<\/strong> como integrante o invitada, sumando experiencias y matices.<\/p>\n<p style=\"text-align: justify;\">Estudi\u00f3 canto l\u00edrico y piano, y decidi\u00f3 dedicarse especialmente al canto popular, fuera de lo acad\u00e9mico, tomando clases con <strong>Ver\u00f3nica Condom\u00ed y Mariana Grisiglione.<\/strong><\/p>\n<p style=\"text-align: justify;\">Desde el a\u00f1o 2009 se dedica exclusivamente a su carrera como solista de <strong>folklore argentino y latinoamericano,<\/strong> y recorri\u00f3 varias provincias como Jujuy, Tucum\u00e1n, C\u00f3rdoba, Salta y Buenos Aires. En estas actuaciones pudo compartir escena<strong> Tom\u00e1s Lip\u00e1n, Juan Fal\u00fa,<\/strong> Lucho Hoyos, Osvaldo Burucu\u00e1, y N\u00e9stor Basurto, entre otros artistas.<\/p>\n<p style=\"text-align: justify;\">Adem\u00e1s, Melisa Lamione dej\u00f3 registrada <em><strong>\u201cMuchacha ojos de papel\u201d,<\/strong><\/em> en <a href=\"http:\/\/cronicasyversiones.com\/?p=4147\">\u201cRa\u00edz Spinetta\u201d, un disco triple tributo a <strong>Luis Alberto Spinetta<\/strong> en clave de folklore<\/a>, producido por N\u00e9stor D\u00edaz y Mauro Torres, trabajo ganador de un Premio Gardel al Mejor Disco Conceptual 2015.<\/p>\n<p><iframe loading=\"lazy\" src=\"https:\/\/www.youtube.com\/embed\/asfkPetmsSs\" width=\"560\" height=\"315\" frameborder=\"0\" allowfullscreen=\"allowfullscreen\"><\/iframe><\/p>\n<div style=\"padding-bottom:20px; padding-top:10px;\" class=\"hupso-share-buttons\"><!-- Hupso Share Buttons - https:\/\/www.hupso.com\/share\/ --><a class=\"hupso_counters\" href=\"https:\/\/www.hupso.com\/share\/\"><img decoding=\"async\" src=\"http:\/\/static.hupso.com\/share\/buttons\/lang\/es\/share-small.png\" style=\"border:0px; padding-top:2px; float:left;\" alt=\"Share Button\"\/><\/a><script type=\"text\/javascript\">var hupso_services_c=new Array(\"twitter\",\"facebook_like\",\"google\");var hupso_counters_lang = \"es_LA\";var hupso_image_folder_url = \"\";var hupso_twitter_via=\"crsyvrs\";var hupso_url_c=\"\";<\/script><script type=\"text\/javascript\" src=\"http:\/\/static.hupso.com\/share\/js\/counters.js\"><\/script><!-- Hupso Share Buttons --><\/div> ","protected":false},"excerpt":{"rendered":"<div style=\"padding-bottom:20px; padding-top:10px;\" class=\"hupso-share-buttons\"><!-- Hupso Share Buttons - https:\/\/www.hupso.com\/share\/ --><a class=\"hupso_counters\" href=\"https:\/\/www.hupso.com\/share\/\"><img src=\"http:\/\/static.hupso.com\/share\/buttons\/lang\/es\/share-small.png\" style=\"border:0px; padding-top:2px; float:left;\" alt=\"Share Button\"\/><\/a><script type=\"text\/javascript\">var hupso_services_c=new Array(\"twitter\",\"facebook_like\",\"google\");var hupso_counters_lang = \"es_LA\";var hupso_image_folder_url = \"\";var hupso_twitter_via=\"crsyvrs\";var hupso_url_c=\"\";<\/script><script type=\"text\/javascript\" src=\"http:\/\/static.hupso.com\/share\/js\/counters.js\"><\/script><!-- Hupso Share Buttons --><\/div><p>La desatada cantante saldr\u00e1 a escena con su repertorio de folklore argentino y latinoamericano en Hasta Trilce junto a su banda y a m\u00fasicos invitados. Melisa Lamione presenta \u201cInfinitos Floreceres\u201d, su primer opus en que recorre distintos sonidos folkl\u00f3ricos,&#46;&#46;&#46;<\/p>\n<div style=\"padding-bottom:20px; padding-top:10px;\" class=\"hupso-share-buttons\"><!-- Hupso Share Buttons - https:\/\/www.hupso.com\/share\/ --><a class=\"hupso_counters\" href=\"https:\/\/www.hupso.com\/share\/\"><img src=\"http:\/\/static.hupso.com\/share\/buttons\/lang\/es\/share-small.png\" style=\"border:0px; padding-top:2px; float:left;\" alt=\"Share Button\"\/><\/a><script type=\"text\/javascript\">var hupso_services_c=new Array(\"twitter\",\"facebook_like\",\"google\");var hupso_counters_lang = \"es_LA\";var hupso_image_folder_url = \"\";var hupso_twitter_via=\"crsyvrs\";var hupso_url_c=\"\";<\/script><script type=\"text\/javascript\" src=\"http:\/\/static.hupso.com\/share\/js\/counters.js\"><\/script><!-- Hupso Share Buttons --><\/div>","protected":false},"author":5,"featured_media":0,"comment_status":"open","ping_status":"closed","sticky":false,"template":"","format":"standard","meta":{"footnotes":""},"categories":[3],"tags":[1136,6653,2832],"class_list":["post-10119","post","type-post","status-publish","format-standard","hentry","category-musica","tag-folklore","tag-melisa-lamione","tag-raiz-spinetta"],"_links":{"self":[{"href":"http:\/\/cronicasyversiones.com\/index.php?rest_route=\/wp\/v2\/posts\/10119","targetHints":{"allow":["GET"]}}],"collection":[{"href":"http:\/\/cronicasyversiones.com\/index.php?rest_route=\/wp\/v2\/posts"}],"about":[{"href":"http:\/\/cronicasyversiones.com\/index.php?rest_route=\/wp\/v2\/types\/post"}],"author":[{"embeddable":true,"href":"http:\/\/cronicasyversiones.com\/index.php?rest_route=\/wp\/v2\/users\/5"}],"replies":[{"embeddable":true,"href":"http:\/\/cronicasyversiones.com\/index.php?rest_route=%2Fwp%2Fv2%2Fcomments&post=10119"}],"version-history":[{"count":0,"href":"http:\/\/cronicasyversiones.com\/index.php?rest_route=\/wp\/v2\/posts\/10119\/revisions"}],"wp:attachment":[{"href":"http:\/\/cronicasyversiones.com\/index.php?rest_route=%2Fwp%2Fv2%2Fmedia&parent=10119"}],"wp:term":[{"taxonomy":"category","embeddable":true,"href":"http:\/\/cronicasyversiones.com\/index.php?rest_route=%2Fwp%2Fv2%2Fcategories&post=10119"},{"taxonomy":"post_tag","embeddable":true,"href":"http:\/\/cronicasyversiones.com\/index.php?rest_route=%2Fwp%2Fv2%2Ftags&post=10119"}],"curies":[{"name":"wp","href":"https:\/\/api.w.org\/{rel}","templated":true}]}}