{"id":10121,"date":"2016-05-15T11:18:12","date_gmt":"2016-05-15T14:18:12","guid":{"rendered":"http:\/\/cronicasyversiones.com\/?p=10121"},"modified":"2016-05-15T11:18:12","modified_gmt":"2016-05-15T14:18:12","slug":"el-dia-nacional-del-cine-se-celebrara-con-seis-films-emblematicos","status":"publish","type":"post","link":"http:\/\/cronicasyversiones.com\/?p=10121","title":{"rendered":"El D\u00eda Nacional del Cine se celebrar\u00e1 con seis films emblem\u00e1ticos"},"content":{"rendered":"<div style=\"padding-bottom:20px; padding-top:10px;\" class=\"hupso-share-buttons\"><!-- Hupso Share Buttons - https:\/\/www.hupso.com\/share\/ --><a class=\"hupso_counters\" href=\"https:\/\/www.hupso.com\/share\/\"><img decoding=\"async\" src=\"http:\/\/static.hupso.com\/share\/buttons\/lang\/es\/share-small.png\" style=\"border:0px; padding-top:2px; float:left;\" alt=\"Share Button\"\/><\/a><script type=\"text\/javascript\">var hupso_services_c=new Array(\"twitter\",\"facebook_like\",\"google\");var hupso_counters_lang = \"es_LA\";var hupso_image_folder_url = \"\";var hupso_twitter_via=\"crsyvrs\";var hupso_url_c=\"\";<\/script><script type=\"text\/javascript\" src=\"http:\/\/static.hupso.com\/share\/js\/counters.js\"><\/script><!-- Hupso Share Buttons --><\/div><h2 style=\"text-align: justify;\">Se proyectar\u00e1n el 23 de mayo en los Espacios Incaa \u201cLa historia oficial\u201d, \u201cEsperando la carroza\u201d, \u201cLa tregua\u201d, \u201cMetegol\u201d, \u201cEl secreto de sus ojos\u201d y \u201cRelatos salvajes\u201d.<\/h2>\n<p><img loading=\"lazy\" decoding=\"async\" class=\"aligncenter\" src=\"http:\/\/staticvosf5b.lavozdelinterior.com.ar\/sites\/default\/files\/styles\/landscape_1008_566\/public\/nota_periodistica\/13_May_2014_22_14_01_el-secreto-de-sus-ojos1.jpg\" width=\"773\" height=\"434\" \/><\/p>\n<p style=\"text-align: justify;\">El <strong>Instituto Nacional de Cine y Artes Audiovisuales<\/strong> celebrar\u00e1 el lunes 23 de mayo el <strong>D\u00eda del Cine Nacional<\/strong>, con proyecciones especiales en los <strong>Espacios Incaa<\/strong> de todo el pa\u00eds.<\/p>\n<p style=\"text-align: justify;\">La celebraci\u00f3n tendr\u00e1 como eje la puesta en la pantalla grande de seis pel\u00edculas ic\u00f3nicas de la historia del cine argentino: <em><strong>\u00abLa historia oficial\u00bb<\/strong><\/em>, de Luis Puenzo, primera en obtener un Oscar; la gran comedia <em><strong>\u00abEsperando la carroza\u00bb<\/strong><\/em>, de Alejandro Doria; y <em><strong>\u00abLa tregua\u00bb<\/strong><\/em>, de Sergio Ren\u00e1n, que en 1975 fue el primer film argentino y sudamericano candidato a los Oscar.<\/p>\n<p style=\"text-align: justify;\">Adem\u00e1s se proyectar\u00e1 la pel\u00edcula de animaci\u00f3n <em><strong>\u00abMetegol\u00bb<\/strong><\/em> y la segunda producci\u00f3n nacional en ganar un Oscar, <em><strong>\u00abEl secreto de sus ojos\u00bb<\/strong><\/em>, ambas de Juan Jos\u00e9 Campanella; adem\u00e1s de <em><strong>\u00abRelatos salvajes\u00bb,<\/strong><\/em> de Dami\u00e1n Szifron, considerado el film m\u00e1s taquillero del cine local.<\/p>\n<p style=\"text-align: center;\"><em><strong>A prop\u00f3sito de esta celebraci\u00f3n, las entradas para las funciones costar\u00e1n un peso, como valor simb\u00f3lico.<\/strong><\/em><\/p>\n<p style=\"text-align: justify;\">Las seis pel\u00edculas se exhibir\u00e1n en los siguientes <strong>Espacios Incaa:<\/strong> Cine Gaumont (avenida Rivadavia 1635), Artecinema (Salta 1620), La M\u00e1scara (Piedras 736), de la Ciudad de Buenos Aires; La Plata (calle 50, entre 6 y 7), Mor\u00f3n (Brown y San Mart\u00edn), La Matanza (avenida Arturo Illia 2340), Lobos (9 de julio 142) y Trenque Lauquen (9 de julio 133), de la provincia de Buenos Aires.<\/p>\n<p style=\"text-align: justify;\">Tambi\u00e9n se exhibir\u00e1n en Neuqu\u00e9n (Av. Argentina 235, Neuqu\u00e9n); Misiones (Parque del conocimiento: Ruta 12, acceso oeste, Posadas); Chubut (Av. Gobernador Galina s\/n, Rawson), San Juan (Sarmiento 461 sur, San Juan), Santiago del Estero (avenida Besares 151, La Banda); y R\u00ed\u00ado Negro (avenida Rivadavia 117, Villa Regina).<\/p>\n<p style=\"text-align: justify;\">El <strong>D\u00eda del Cine Nacional<\/strong> se celebra en homenaje a la primera pel\u00edcula argumental,<em><strong> \u00abLa Revoluci\u00f3n de Mayo\u00bb,<\/strong><\/em> dirigida por Mario Gallo, que fue estrenada en el Teatro Ateneo de Buenos Aires el 23 de mayo de 1909.<\/p>\n<div style=\"padding-bottom:20px; padding-top:10px;\" class=\"hupso-share-buttons\"><!-- Hupso Share Buttons - https:\/\/www.hupso.com\/share\/ --><a class=\"hupso_counters\" href=\"https:\/\/www.hupso.com\/share\/\"><img decoding=\"async\" src=\"http:\/\/static.hupso.com\/share\/buttons\/lang\/es\/share-small.png\" style=\"border:0px; padding-top:2px; float:left;\" alt=\"Share Button\"\/><\/a><script type=\"text\/javascript\">var hupso_services_c=new Array(\"twitter\",\"facebook_like\",\"google\");var hupso_counters_lang = \"es_LA\";var hupso_image_folder_url = \"\";var hupso_twitter_via=\"crsyvrs\";var hupso_url_c=\"\";<\/script><script type=\"text\/javascript\" src=\"http:\/\/static.hupso.com\/share\/js\/counters.js\"><\/script><!-- Hupso Share Buttons --><\/div> ","protected":false},"excerpt":{"rendered":"<div style=\"padding-bottom:20px; padding-top:10px;\" class=\"hupso-share-buttons\"><!-- Hupso Share Buttons - https:\/\/www.hupso.com\/share\/ --><a class=\"hupso_counters\" href=\"https:\/\/www.hupso.com\/share\/\"><img src=\"http:\/\/static.hupso.com\/share\/buttons\/lang\/es\/share-small.png\" style=\"border:0px; padding-top:2px; float:left;\" alt=\"Share Button\"\/><\/a><script type=\"text\/javascript\">var hupso_services_c=new Array(\"twitter\",\"facebook_like\",\"google\");var hupso_counters_lang = \"es_LA\";var hupso_image_folder_url = \"\";var hupso_twitter_via=\"crsyvrs\";var hupso_url_c=\"\";<\/script><script type=\"text\/javascript\" src=\"http:\/\/static.hupso.com\/share\/js\/counters.js\"><\/script><!-- Hupso Share Buttons --><\/div><p>Se proyectar\u00e1n el 23 de mayo en los Espacios Incaa \u201cLa historia oficial\u201d, \u201cEsperando la carroza\u201d, \u201cLa tregua\u201d, \u201cMetegol\u201d, \u201cEl secreto de sus ojos\u201d y \u201cRelatos salvajes\u201d. El Instituto Nacional de Cine y Artes Audiovisuales celebrar\u00e1 el lunes 23&#46;&#46;&#46;<\/p>\n<div style=\"padding-bottom:20px; padding-top:10px;\" class=\"hupso-share-buttons\"><!-- Hupso Share Buttons - https:\/\/www.hupso.com\/share\/ --><a class=\"hupso_counters\" href=\"https:\/\/www.hupso.com\/share\/\"><img src=\"http:\/\/static.hupso.com\/share\/buttons\/lang\/es\/share-small.png\" style=\"border:0px; padding-top:2px; float:left;\" alt=\"Share Button\"\/><\/a><script type=\"text\/javascript\">var hupso_services_c=new Array(\"twitter\",\"facebook_like\",\"google\");var hupso_counters_lang = \"es_LA\";var hupso_image_folder_url = \"\";var hupso_twitter_via=\"crsyvrs\";var hupso_url_c=\"\";<\/script><script type=\"text\/javascript\" src=\"http:\/\/static.hupso.com\/share\/js\/counters.js\"><\/script><!-- Hupso Share Buttons --><\/div>","protected":false},"author":5,"featured_media":0,"comment_status":"open","ping_status":"closed","sticky":false,"template":"","format":"standard","meta":{"footnotes":""},"categories":[4],"tags":[6654,2736,6598,1529,4364,864,368,1349],"class_list":["post-10121","post","type-post","status-publish","format-standard","hentry","category-cine","tag-dia-del-cine-nacional","tag-el-secreto-de-sus-ojos","tag-esperando-la-carroza","tag-incaa","tag-la-historia-oficial","tag-la-tregua","tag-metegol","tag-relatos-salvajes"],"_links":{"self":[{"href":"http:\/\/cronicasyversiones.com\/index.php?rest_route=\/wp\/v2\/posts\/10121","targetHints":{"allow":["GET"]}}],"collection":[{"href":"http:\/\/cronicasyversiones.com\/index.php?rest_route=\/wp\/v2\/posts"}],"about":[{"href":"http:\/\/cronicasyversiones.com\/index.php?rest_route=\/wp\/v2\/types\/post"}],"author":[{"embeddable":true,"href":"http:\/\/cronicasyversiones.com\/index.php?rest_route=\/wp\/v2\/users\/5"}],"replies":[{"embeddable":true,"href":"http:\/\/cronicasyversiones.com\/index.php?rest_route=%2Fwp%2Fv2%2Fcomments&post=10121"}],"version-history":[{"count":0,"href":"http:\/\/cronicasyversiones.com\/index.php?rest_route=\/wp\/v2\/posts\/10121\/revisions"}],"wp:attachment":[{"href":"http:\/\/cronicasyversiones.com\/index.php?rest_route=%2Fwp%2Fv2%2Fmedia&parent=10121"}],"wp:term":[{"taxonomy":"category","embeddable":true,"href":"http:\/\/cronicasyversiones.com\/index.php?rest_route=%2Fwp%2Fv2%2Fcategories&post=10121"},{"taxonomy":"post_tag","embeddable":true,"href":"http:\/\/cronicasyversiones.com\/index.php?rest_route=%2Fwp%2Fv2%2Ftags&post=10121"}],"curies":[{"name":"wp","href":"https:\/\/api.w.org\/{rel}","templated":true}]}}