{"id":1013,"date":"2014-02-27T18:46:54","date_gmt":"2014-02-27T18:46:54","guid":{"rendered":"http:\/\/cronicasyversiones.com\/?p=1013"},"modified":"2014-02-27T18:46:54","modified_gmt":"2014-02-27T18:46:54","slug":"pantalla-pinamar-festeja-sus-primeros-10-anos","status":"publish","type":"post","link":"http:\/\/cronicasyversiones.com\/?p=1013","title":{"rendered":"Pantalla Pinamar festeja sus primeros 10 a\u00f1os"},"content":{"rendered":"<div style=\"padding-bottom:20px; padding-top:10px;\" class=\"hupso-share-buttons\"><!-- Hupso Share Buttons - https:\/\/www.hupso.com\/share\/ --><a class=\"hupso_counters\" href=\"https:\/\/www.hupso.com\/share\/\"><img decoding=\"async\" src=\"http:\/\/static.hupso.com\/share\/buttons\/lang\/es\/share-small.png\" style=\"border:0px; padding-top:2px; float:left;\" alt=\"Share Button\"\/><\/a><script type=\"text\/javascript\">var hupso_services_c=new Array(\"twitter\",\"facebook_like\",\"google\");var hupso_counters_lang = \"es_LA\";var hupso_image_folder_url = \"\";var hupso_twitter_via=\"crsyvrs\";var hupso_url_c=\"\";<\/script><script type=\"text\/javascript\" src=\"http:\/\/static.hupso.com\/share\/js\/counters.js\"><\/script><!-- Hupso Share Buttons --><\/div><h2>El encuentro de cine argentino-europeo celebra su primera d\u00e9cada entre el 8 y el 15 de marzo con una variada programaci\u00f3n que incluye diversos preestrenos nacionales.<\/h2>\n<p><a href=\"http:\/\/cronicasyversiones.com\/wp-content\/uploads\/2014\/02\/paraiso-700x340.jpg\"><img loading=\"lazy\" decoding=\"async\" class=\"size-full wp-image-1014 aligncenter\" alt=\"paraiso-700x340\" src=\"http:\/\/cronicasyversiones.com\/wp-content\/uploads\/2014\/02\/paraiso-700x340.jpg\" width=\"700\" height=\"340\" srcset=\"http:\/\/cronicasyversiones.com\/wp-content\/uploads\/2014\/02\/paraiso-700x340.jpg 700w, http:\/\/cronicasyversiones.com\/wp-content\/uploads\/2014\/02\/paraiso-700x340-300x145.jpg 300w, http:\/\/cronicasyversiones.com\/wp-content\/uploads\/2014\/02\/paraiso-700x340-624x303.jpg 624w\" sizes=\"auto, (max-width: 700px) 100vw, 700px\" \/><\/a><\/p>\n<p><em><strong>Pantalla Pinamar<\/strong><\/em>, el encuentro de cine argentino-europeo, festejar\u00e1 su d\u00e9cimo aniversario entre el 8 y el 15 de marzo con una variada programaci\u00f3n que incluye diversos preestrenos argentinos y la proyecci\u00f3n de<strong><em> \u00abNuovo Cinema Paradiso\u00bb<\/em><\/strong>, la versi\u00f3n completa del cl\u00e1sico de <em><strong>Giuseppe Tornatore<\/strong><\/em>, en su funci\u00f3n inaugural.<\/p>\n<p>El festival, que tendr\u00e1 a las mejores expresiones del s\u00e9timo arte de <strong>Italia, Hungr\u00eda, India y Suiza<\/strong> como invitadas especiales al festival, tambi\u00e9n rendir\u00e1 homenaje a cl\u00e1sicos como<em><strong> \u00abBelle de jour\u00bb<\/strong><\/em>, de Luis Bu\u00f1uel, e<em><strong> \u00abHiroshima, mon amour\u00bb<\/strong><\/em>, de Alain Resnais, y proyectar\u00e1 en su cierre\u00a0<em><strong> \u00abIsmael\u00bb<\/strong><\/em>, que\u00a0 <strong>Marcelo Pi\u00f1eyro<\/strong> film\u00f3 en Espa\u00f1a.<\/p>\n<p>\u201cLa inauguraci\u00f3n de esta d\u00e9cima edici\u00f3n plasmar\u00e1 un viejo sue\u00f1o personal: la proyecci\u00f3n de la versi\u00f3n completa por primera vez en la Argentina de `Nuovo Cinema Paradiso`, el famoso corte del director, que cuenta con casi una hora m\u00e1s de metraje y desarrolla una historia de amor que estaba apenas esbozada en la recordada `Cinema Paradiso`\u00bb, afirm\u00f3 el director de la muestra, <strong>Carlos Morelli<\/strong> a la agencia de noticias Telam.<\/p>\n<p>Entre los preestrenos argentinos del festival figuran \u00abFerm\u00edn\u00bb, de Hern\u00e1n Findling y Oliver Kokler; \u00abBoca de pozo\u00bb, de Sim\u00f3n Franco; \u00abBolishopping\u00bb, de Pablo Stigliani; y la coproducci\u00f3n con Espa\u00f1a \u00abInevitable\u00bb, de Jorge Algora.<\/p>\n<p>El apartado competitivo del evento, <em><strong>\u00abY el ganador es&#8230;\u00bb,<\/strong><\/em> donde concursan producciones nacionales que participaron en secciones oficiales festivales Clase A, estar\u00e1 integrado por <em><strong>\u00abWakolda\u00bb<\/strong><\/em>, de Luc\u00eda Puenzo (Cannes); <strong>\u00abUn para\u00edso para los malditos\u00bb<\/strong>, de Alejandro Montiel (Varsovia);<em><strong> \u00abFantasmas de la ruta\u00bb<\/strong><\/em>, de Jos\u00e9 Celestino Campusano; y <em><strong>\u00abLa laguna\u00bb<\/strong><\/em>, de Gast\u00f3n Bottaro y Luciano Juncos, que participaron en Mar del Plata.<\/p>\n<p>Adem\u00e1s de los homenajes alas pel\u00edculas hist\u00f3ricas como <em><strong>\u00abLa Patagonia rebelde\u00bb<\/strong><\/em>, de H\u00e9ctor Olivera; <em><strong>\u00abLa Tregua\u00bb<\/strong><\/em>, de Sergio Ren\u00e1n; <em><strong>\u00abBoquitas Pintadas\u00bb<\/strong><\/em>, de Leopoldo Torre Nilsson; y <em><strong>\u00abQuebracho\u00bb<\/strong><\/em>, de Ricardo Wullicher; el festival ofrecer\u00e1 un tributo al actor Ulises Dumont, a trav\u00e9s del estreno del documental<em><strong> \u00abUlises, un alma desbocada\u00bb,<\/strong><\/em> de Eduardo Calcagno, y otro a su par italiano Giuliano Gemma, con el film testimonial de su hija, la italiana Vera Gemma.<\/p>\n<p>Entre los films del Viejo Mundo\u00a0 se destacan, entre otras,\u00a0 las espa\u00f1olas \u00ab15 a\u00f1os y un d\u00eda\u00bb, de Gracia Querejeta; \u00abBlancanieves\u00bb, de Pablo Berger; y el documental en \u00abEncierro 3-D\u00bb, del holand\u00e9s Olivier van der Zee; una documental sobre el ritual anual de la suelta de toros en Pamplona, Espa\u00f1a.<\/p>\n<p>Adem\u00e1s, desde Europa tambi\u00e9n llegar\u00e1n la checa \u00abAlois Nebel\u00bb, de Tomas Lunak; y \u00abAquellos a\u00f1os felices\u00bb, de Daniele Luchetti; \u00abViolette\u00bb, acerca de Violette Leduc, del franc\u00e9s Mart\u00edn Prevost.<\/p>\n<p>En la secci\u00f3n<em><strong> \u00abEl Acontecimiento\u00bb<\/strong><\/em> el festival incluir\u00e1 a \u00abDe tal Padre, tal Hijo\u00bb, del japon\u00e9s Hirokazu Koreeda, ganadora del Premio del Jurado en el \u00faltimo Festival de Cannes, y al film biogr\u00e1fico \u00abMandela, el largo camino a la libertad\u00bb, coproducci\u00f3n anglo-sudafricana dirigida por Justin Chadwick, un testimonio fundamental sobre la vida y la obra del l\u00edder recientemente desaparecido.<\/p>\n<p>Todas las proyecciones del certamen se desarrollar\u00e1n en el Cine Oasis 1 y 2 de Pinamar, ubicado en avenida Shaw y Del Lenguado, con una entrada general de 10 pesos, que dar\u00e1 derecho a cada espectador a un sorteo por dos invitaciones dobles para concurrir, con todos los gastos pagos, a la und\u00e9cima edici\u00f3n de Pantalla Pinamar, entre el 7 y el 14 de marzo de 2015.<\/p>\n<p><object width=\"560\" height=\"315\" classid=\"clsid:d27cdb6e-ae6d-11cf-96b8-444553540000\" codebase=\"http:\/\/download.macromedia.com\/pub\/shockwave\/cabs\/flash\/swflash.cab#version=6,0,40,0\"><param name=\"allowFullScreen\" value=\"true\" \/><param name=\"allowscriptaccess\" value=\"always\" \/><param name=\"src\" value=\"\/\/www.youtube.com\/v\/VeQR4H7OaWs?hl=es_MX&amp;version=3\" \/><param name=\"allowfullscreen\" value=\"true\" \/><embed width=\"560\" height=\"315\" type=\"application\/x-shockwave-flash\" src=\"\/\/www.youtube.com\/v\/VeQR4H7OaWs?hl=es_MX&amp;version=3\" allowFullScreen=\"true\" allowscriptaccess=\"always\" allowfullscreen=\"true\" \/><\/object><\/p>\n<div style=\"padding-bottom:20px; padding-top:10px;\" class=\"hupso-share-buttons\"><!-- Hupso Share Buttons - https:\/\/www.hupso.com\/share\/ --><a class=\"hupso_counters\" href=\"https:\/\/www.hupso.com\/share\/\"><img decoding=\"async\" src=\"http:\/\/static.hupso.com\/share\/buttons\/lang\/es\/share-small.png\" style=\"border:0px; padding-top:2px; float:left;\" alt=\"Share Button\"\/><\/a><script type=\"text\/javascript\">var hupso_services_c=new Array(\"twitter\",\"facebook_like\",\"google\");var hupso_counters_lang = \"es_LA\";var hupso_image_folder_url = \"\";var hupso_twitter_via=\"crsyvrs\";var hupso_url_c=\"\";<\/script><script type=\"text\/javascript\" src=\"http:\/\/static.hupso.com\/share\/js\/counters.js\"><\/script><!-- Hupso Share Buttons --><\/div> ","protected":false},"excerpt":{"rendered":"<div style=\"padding-bottom:20px; padding-top:10px;\" class=\"hupso-share-buttons\"><!-- Hupso Share Buttons - https:\/\/www.hupso.com\/share\/ --><a class=\"hupso_counters\" href=\"https:\/\/www.hupso.com\/share\/\"><img src=\"http:\/\/static.hupso.com\/share\/buttons\/lang\/es\/share-small.png\" style=\"border:0px; padding-top:2px; float:left;\" alt=\"Share Button\"\/><\/a><script type=\"text\/javascript\">var hupso_services_c=new Array(\"twitter\",\"facebook_like\",\"google\");var hupso_counters_lang = \"es_LA\";var hupso_image_folder_url = \"\";var hupso_twitter_via=\"crsyvrs\";var hupso_url_c=\"\";<\/script><script type=\"text\/javascript\" src=\"http:\/\/static.hupso.com\/share\/js\/counters.js\"><\/script><!-- Hupso Share Buttons --><\/div><p>El encuentro de cine argentino-europeo celebra su primera d\u00e9cada entre el 8 y el 15 de marzo con una variada programaci\u00f3n que incluye diversos preestrenos nacionales. Pantalla Pinamar, el encuentro de cine argentino-europeo, festejar\u00e1 su d\u00e9cimo aniversario entre el&#46;&#46;&#46;<\/p>\n<div style=\"padding-bottom:20px; padding-top:10px;\" class=\"hupso-share-buttons\"><!-- Hupso Share Buttons - https:\/\/www.hupso.com\/share\/ --><a class=\"hupso_counters\" href=\"https:\/\/www.hupso.com\/share\/\"><img src=\"http:\/\/static.hupso.com\/share\/buttons\/lang\/es\/share-small.png\" style=\"border:0px; padding-top:2px; float:left;\" alt=\"Share Button\"\/><\/a><script type=\"text\/javascript\">var hupso_services_c=new Array(\"twitter\",\"facebook_like\",\"google\");var hupso_counters_lang = \"es_LA\";var hupso_image_folder_url = \"\";var hupso_twitter_via=\"crsyvrs\";var hupso_url_c=\"\";<\/script><script type=\"text\/javascript\" src=\"http:\/\/static.hupso.com\/share\/js\/counters.js\"><\/script><!-- Hupso Share Buttons --><\/div>","protected":false},"author":5,"featured_media":0,"comment_status":"open","ping_status":"open","sticky":false,"template":"","format":"standard","meta":{"footnotes":""},"categories":[4],"tags":[865,16,862,863,864,860,861,367],"class_list":["post-1013","post","type-post","status-publish","format-standard","hentry","category-cine","tag-boquitas-pintadas","tag-cronicas-y-versiones","tag-fantasmas-en-la-ruta","tag-la-patagonia-rebelde","tag-la-tregua","tag-pantalla-pinamar","tag-un-paraiso-de-los-malditos","tag-wakolda"],"_links":{"self":[{"href":"http:\/\/cronicasyversiones.com\/index.php?rest_route=\/wp\/v2\/posts\/1013","targetHints":{"allow":["GET"]}}],"collection":[{"href":"http:\/\/cronicasyversiones.com\/index.php?rest_route=\/wp\/v2\/posts"}],"about":[{"href":"http:\/\/cronicasyversiones.com\/index.php?rest_route=\/wp\/v2\/types\/post"}],"author":[{"embeddable":true,"href":"http:\/\/cronicasyversiones.com\/index.php?rest_route=\/wp\/v2\/users\/5"}],"replies":[{"embeddable":true,"href":"http:\/\/cronicasyversiones.com\/index.php?rest_route=%2Fwp%2Fv2%2Fcomments&post=1013"}],"version-history":[{"count":0,"href":"http:\/\/cronicasyversiones.com\/index.php?rest_route=\/wp\/v2\/posts\/1013\/revisions"}],"wp:attachment":[{"href":"http:\/\/cronicasyversiones.com\/index.php?rest_route=%2Fwp%2Fv2%2Fmedia&parent=1013"}],"wp:term":[{"taxonomy":"category","embeddable":true,"href":"http:\/\/cronicasyversiones.com\/index.php?rest_route=%2Fwp%2Fv2%2Fcategories&post=1013"},{"taxonomy":"post_tag","embeddable":true,"href":"http:\/\/cronicasyversiones.com\/index.php?rest_route=%2Fwp%2Fv2%2Ftags&post=1013"}],"curies":[{"name":"wp","href":"https:\/\/api.w.org\/{rel}","templated":true}]}}