{"id":10189,"date":"2016-05-21T00:01:18","date_gmt":"2016-05-21T03:01:18","guid":{"rendered":"http:\/\/cronicasyversiones.com\/?p=10189"},"modified":"2016-05-20T22:38:13","modified_gmt":"2016-05-21T01:38:13","slug":"hilda-herrera-a-dos-pianos-en-cafe-vinilo","status":"publish","type":"post","link":"http:\/\/cronicasyversiones.com\/?p=10189","title":{"rendered":"Hilda Herrera, \u201cA dos pianos\u201d en Caf\u00e9 Vinilo"},"content":{"rendered":"<div style=\"padding-bottom:20px; padding-top:10px;\" class=\"hupso-share-buttons\"><!-- Hupso Share Buttons - https:\/\/www.hupso.com\/share\/ --><a class=\"hupso_counters\" href=\"https:\/\/www.hupso.com\/share\/\"><img decoding=\"async\" src=\"http:\/\/static.hupso.com\/share\/buttons\/lang\/es\/share-small.png\" style=\"border:0px; padding-top:2px; float:left;\" alt=\"Share Button\"\/><\/a><script type=\"text\/javascript\">var hupso_services_c=new Array(\"twitter\",\"facebook_like\",\"google\");var hupso_counters_lang = \"es_LA\";var hupso_image_folder_url = \"\";var hupso_twitter_via=\"crsyvrs\";var hupso_url_c=\"\";<\/script><script type=\"text\/javascript\" src=\"http:\/\/static.hupso.com\/share\/js\/counters.js\"><\/script><!-- Hupso Share Buttons --><\/div><h2 style=\"text-align: justify;\">La pianista har\u00e1 un recorrido por el panorama de la m\u00fasica argentina junto con otros destacados instrumentistas.<\/h2>\n<p><img loading=\"lazy\" decoding=\"async\" class=\"size-full wp-image-10190 aligncenter\" src=\"http:\/\/cronicasyversiones.com\/wp-content\/uploads\/2016\/05\/CIBh3fJB7sivTfaua545X5KgdVt8e9f7k5YqeYsmF-BkOcH2dptdn7eQeT4Z4cvJLlKQ3tq8OTEG3ubzmSYiVErXyTEs2048.jpg\" alt=\"CIBh3fJB7sivTfaua545X5KgdVt8e9f7k5YqeYsmF-BkOcH2dptdn7eQeT4Z4cvJLlKQ3tq8OTEG3ubzmSYiVErXyTE=s2048\" width=\"716\" height=\"357\" srcset=\"http:\/\/cronicasyversiones.com\/wp-content\/uploads\/2016\/05\/CIBh3fJB7sivTfaua545X5KgdVt8e9f7k5YqeYsmF-BkOcH2dptdn7eQeT4Z4cvJLlKQ3tq8OTEG3ubzmSYiVErXyTEs2048.jpg 716w, http:\/\/cronicasyversiones.com\/wp-content\/uploads\/2016\/05\/CIBh3fJB7sivTfaua545X5KgdVt8e9f7k5YqeYsmF-BkOcH2dptdn7eQeT4Z4cvJLlKQ3tq8OTEG3ubzmSYiVErXyTEs2048-300x150.jpg 300w\" sizes=\"auto, (max-width: 716px) 100vw, 716px\" \/><\/p>\n<p><strong>Hilda Herrera<\/strong> presenta el espect\u00e1culo<em><strong> \u201cA dos pianos\u201d<\/strong><\/em> el viernes 27 y s\u00e1bado 28 de mayo a las 21 en <strong>Caf\u00e9 Vinilo,<\/strong> ubicado en Gorriti 3780, en el barrio porte\u00f1o de Palermo.<\/p>\n<p>En este concierto, enteramente a dos pianos donde Hilda Herrera junto a \u00e9stos pianistas consumados, habr\u00e1 un recorrido por el panorama de la m\u00fasica argentina.<\/p>\n<p>Acompa\u00f1ar\u00e1n a Hilda en esta puesta en escena <strong>Sebasti\u00e1n Gangi, \u00a0Nicol\u00e1s M\u00fcller, Lisandro Baum, Eugenia Aristimu\u00f1o, Liliana Campo, Santiago Primo y Jos\u00e9 Bulos.<\/strong><\/p>\n<p>Pianista y Compositora. Directora de distintas instituciones vinculadas a la m\u00fasica argentina, Hilda Herrea en 1992 y 1996 viaj\u00f3 a Francia invitada por el <strong>Conservatorio Chatillon y al S\u00e9ptimo Rendez-vous International du Piano en Creuse<\/strong> en representaci\u00f3n de la m\u00fasica argentina en piano.<\/p>\n<p>Autora de temas como \u00abZamba del Chaguanco\u00bb, \u00abNavidad 2000\u00bb y \u00abLa Poncho Colorado\u00bb. Su discograf\u00eda se complata con \u00abSe\u00f1ales Luminosas\u00bb (1997), \u00abYupanqui en piano\u00bb (2000), \u00abLa Diablera\u00bb (2005) y \u00abGardel\u00bb (2010).\u00a0 Adem\u00e1s realiz\u00f3 conciertos y dicta cursos en Argentina, Latinoam\u00e9rica y Europa.<\/p>\n<p>En 1997 la ONU premia su placa Se\u00f1ales luminosas como aporte a la m\u00fasica argentina para piano. En 2002 crea el CIMAP, Creadores e Int\u00e9rpretes de la M\u00fasica Argentina en Piano en el marco de la Direcci\u00f3n Nacional de M\u00fasica que nuclea a j\u00f3venes pianistas dedicados a la composici\u00f3n, arreglos e interpretaci\u00f3n tanto en m\u00fasica de ra\u00edz folkl\u00f3rica como en tango. Acad\u00e9mica Em\u00e9rita de la Academia Nacional del Tango desde 2007<\/p>\n<div style=\"padding-bottom:20px; padding-top:10px;\" class=\"hupso-share-buttons\"><!-- Hupso Share Buttons - https:\/\/www.hupso.com\/share\/ --><a class=\"hupso_counters\" href=\"https:\/\/www.hupso.com\/share\/\"><img decoding=\"async\" src=\"http:\/\/static.hupso.com\/share\/buttons\/lang\/es\/share-small.png\" style=\"border:0px; padding-top:2px; float:left;\" alt=\"Share Button\"\/><\/a><script type=\"text\/javascript\">var hupso_services_c=new Array(\"twitter\",\"facebook_like\",\"google\");var hupso_counters_lang = \"es_LA\";var hupso_image_folder_url = \"\";var hupso_twitter_via=\"crsyvrs\";var hupso_url_c=\"\";<\/script><script type=\"text\/javascript\" src=\"http:\/\/static.hupso.com\/share\/js\/counters.js\"><\/script><!-- Hupso Share Buttons --><\/div> ","protected":false},"excerpt":{"rendered":"<div style=\"padding-bottom:20px; padding-top:10px;\" class=\"hupso-share-buttons\"><!-- Hupso Share Buttons - https:\/\/www.hupso.com\/share\/ --><a class=\"hupso_counters\" href=\"https:\/\/www.hupso.com\/share\/\"><img src=\"http:\/\/static.hupso.com\/share\/buttons\/lang\/es\/share-small.png\" style=\"border:0px; padding-top:2px; float:left;\" alt=\"Share Button\"\/><\/a><script type=\"text\/javascript\">var hupso_services_c=new Array(\"twitter\",\"facebook_like\",\"google\");var hupso_counters_lang = \"es_LA\";var hupso_image_folder_url = \"\";var hupso_twitter_via=\"crsyvrs\";var hupso_url_c=\"\";<\/script><script type=\"text\/javascript\" src=\"http:\/\/static.hupso.com\/share\/js\/counters.js\"><\/script><!-- Hupso Share Buttons --><\/div><p>La pianista har\u00e1 un recorrido por el panorama de la m\u00fasica argentina junto con otros destacados instrumentistas. Hilda Herrera presenta el espect\u00e1culo \u201cA dos pianos\u201d el viernes 27 y s\u00e1bado 28 de mayo a las 21 en Caf\u00e9 Vinilo,&#46;&#46;&#46;<\/p>\n<div style=\"padding-bottom:20px; padding-top:10px;\" class=\"hupso-share-buttons\"><!-- Hupso Share Buttons - https:\/\/www.hupso.com\/share\/ --><a class=\"hupso_counters\" href=\"https:\/\/www.hupso.com\/share\/\"><img src=\"http:\/\/static.hupso.com\/share\/buttons\/lang\/es\/share-small.png\" style=\"border:0px; padding-top:2px; float:left;\" alt=\"Share Button\"\/><\/a><script type=\"text\/javascript\">var hupso_services_c=new Array(\"twitter\",\"facebook_like\",\"google\");var hupso_counters_lang = \"es_LA\";var hupso_image_folder_url = \"\";var hupso_twitter_via=\"crsyvrs\";var hupso_url_c=\"\";<\/script><script type=\"text\/javascript\" src=\"http:\/\/static.hupso.com\/share\/js\/counters.js\"><\/script><!-- Hupso Share Buttons --><\/div>","protected":false},"author":5,"featured_media":0,"comment_status":"open","ping_status":"closed","sticky":false,"template":"","format":"standard","meta":{"footnotes":""},"categories":[3],"tags":[4550,6697],"class_list":["post-10189","post","type-post","status-publish","format-standard","hentry","category-musica","tag-cafe-vinilo","tag-hilda-herrera"],"_links":{"self":[{"href":"http:\/\/cronicasyversiones.com\/index.php?rest_route=\/wp\/v2\/posts\/10189","targetHints":{"allow":["GET"]}}],"collection":[{"href":"http:\/\/cronicasyversiones.com\/index.php?rest_route=\/wp\/v2\/posts"}],"about":[{"href":"http:\/\/cronicasyversiones.com\/index.php?rest_route=\/wp\/v2\/types\/post"}],"author":[{"embeddable":true,"href":"http:\/\/cronicasyversiones.com\/index.php?rest_route=\/wp\/v2\/users\/5"}],"replies":[{"embeddable":true,"href":"http:\/\/cronicasyversiones.com\/index.php?rest_route=%2Fwp%2Fv2%2Fcomments&post=10189"}],"version-history":[{"count":0,"href":"http:\/\/cronicasyversiones.com\/index.php?rest_route=\/wp\/v2\/posts\/10189\/revisions"}],"wp:attachment":[{"href":"http:\/\/cronicasyversiones.com\/index.php?rest_route=%2Fwp%2Fv2%2Fmedia&parent=10189"}],"wp:term":[{"taxonomy":"category","embeddable":true,"href":"http:\/\/cronicasyversiones.com\/index.php?rest_route=%2Fwp%2Fv2%2Fcategories&post=10189"},{"taxonomy":"post_tag","embeddable":true,"href":"http:\/\/cronicasyversiones.com\/index.php?rest_route=%2Fwp%2Fv2%2Ftags&post=10189"}],"curies":[{"name":"wp","href":"https:\/\/api.w.org\/{rel}","templated":true}]}}