{"id":10205,"date":"2016-05-23T00:01:02","date_gmt":"2016-05-23T03:01:02","guid":{"rendered":"http:\/\/cronicasyversiones.com\/?p=10205"},"modified":"2016-05-22T19:43:25","modified_gmt":"2016-05-22T22:43:25","slug":"2091-una-serie-futurista-con-elenco-latinoamericano","status":"publish","type":"post","link":"http:\/\/cronicasyversiones.com\/?p=10205","title":{"rendered":"\u00ab2091\u00bb, una serie futurista con elenco latinoamericano"},"content":{"rendered":"<div style=\"padding-bottom:20px; padding-top:10px;\" class=\"hupso-share-buttons\"><!-- Hupso Share Buttons - https:\/\/www.hupso.com\/share\/ --><a class=\"hupso_counters\" href=\"https:\/\/www.hupso.com\/share\/\"><img decoding=\"async\" src=\"http:\/\/static.hupso.com\/share\/buttons\/lang\/es\/share-small.png\" style=\"border:0px; padding-top:2px; float:left;\" alt=\"Share Button\"\/><\/a><script type=\"text\/javascript\">var hupso_services_c=new Array(\"twitter\",\"facebook_like\",\"google\");var hupso_counters_lang = \"es_LA\";var hupso_image_folder_url = \"\";var hupso_twitter_via=\"crsyvrs\";var hupso_url_c=\"\";<\/script><script type=\"text\/javascript\" src=\"http:\/\/static.hupso.com\/share\/js\/counters.js\"><\/script><!-- Hupso Share Buttons --><\/div><h2>FOX comenz\u00f3 el rodaje de esta historia, con un reparto\u00a0de actores de la regi\u00f3n, en la que el hombre deber\u00e1 luchar contra la robotizaci\u00f3n para sobrevivir como especie.<\/h2>\n<p style=\"text-align: justify;\"><img loading=\"lazy\" decoding=\"async\" class=\"size-full wp-image-10206 aligncenter\" src=\"http:\/\/cronicasyversiones.com\/wp-content\/uploads\/2016\/05\/CixAJZ6VEAAR81Q.jpg\" alt=\"CixAJZ6VEAAR81Q\" width=\"600\" height=\"378\" srcset=\"http:\/\/cronicasyversiones.com\/wp-content\/uploads\/2016\/05\/CixAJZ6VEAAR81Q.jpg 600w, http:\/\/cronicasyversiones.com\/wp-content\/uploads\/2016\/05\/CixAJZ6VEAAR81Q-300x189.jpg 300w\" sizes=\"auto, (max-width: 600px) 100vw, 600px\" \/><br \/>\nProtagonizada por actores de distintos pa\u00edses de Am\u00e9rica latina, <strong>FOX<\/strong> arranca en Bogot\u00e1, Colombia, la filmaci\u00f3n de <em><strong>\u00ab2091\u00bb<\/strong><\/em>, su nueva superproduci\u00f3n de ficci\u00f3n en espa\u00f1ol<\/p>\n<p style=\"text-align: justify;\">Dirigida por el colombiano <strong>Felipe Mart\u00ednez<\/strong> y el mexicano <strong>\u00c1lvaro Curiel<\/strong>, esta nueva serie de dram\u00e1tica de 13 episodios alude a un futuro no tan lejano en el que la raza humana agot\u00f3 todos sus recursos naturales poni\u00e9ndose al borde de la extinci\u00f3n y que deber\u00e1 luchar contra la robotizaci\u00f3n para sobrevivir como especie.<\/p>\n<p style=\"text-align: justify;\">El elenco incluye a los colombianos Manolo Cardona, <strong>Angie Cepeda,<\/strong> Flora Mart\u00ednez y Natalia Reyes; los mexicanos Christopher Von Uckermann, Julio Bracho y Cristina Rodlo, los argentinos <strong>Ludovico Di Santo<\/strong> y <strong>Luz Cipriota<\/strong>; y los chilenos <strong>Benjam\u00edn Vicu\u00f1a<\/strong> y Gonzalo Vivanco.<\/p>\n<p style=\"text-align: justify;\">Tambi\u00e9n son parte del reparto los peruanos Salvador del Solar y Jason Day y el venezolano Jean Paul Leroux.<\/p>\n<p style=\"text-align: justify;\">El rodaje de <em><strong>\u00ab2091\u00bb<\/strong><\/em> se realizar\u00e1 durante cuatro meses en Bogot\u00e1 y el desierto de la Tatacoa bajo la producci\u00f3n de Fox Telecolombia.<\/p>\n<p style=\"text-align: justify;\">La m\u00fasica original de la serie est\u00e1 a cargo del compositor<strong> Emilio Kauderer,<\/strong> el creador de las bandas sonoras de \u00abEl secreto de sus ojos\u00bb y \u00abMetegol\u00bb, ambas dirigidas por Juan Jos\u00e9 Campanella.<\/p>\n<div style=\"padding-bottom:20px; padding-top:10px;\" class=\"hupso-share-buttons\"><!-- Hupso Share Buttons - https:\/\/www.hupso.com\/share\/ --><a class=\"hupso_counters\" href=\"https:\/\/www.hupso.com\/share\/\"><img decoding=\"async\" src=\"http:\/\/static.hupso.com\/share\/buttons\/lang\/es\/share-small.png\" style=\"border:0px; padding-top:2px; float:left;\" alt=\"Share Button\"\/><\/a><script type=\"text\/javascript\">var hupso_services_c=new Array(\"twitter\",\"facebook_like\",\"google\");var hupso_counters_lang = \"es_LA\";var hupso_image_folder_url = \"\";var hupso_twitter_via=\"crsyvrs\";var hupso_url_c=\"\";<\/script><script type=\"text\/javascript\" src=\"http:\/\/static.hupso.com\/share\/js\/counters.js\"><\/script><!-- Hupso Share Buttons --><\/div> ","protected":false},"excerpt":{"rendered":"<div style=\"padding-bottom:20px; padding-top:10px;\" class=\"hupso-share-buttons\"><!-- Hupso Share Buttons - https:\/\/www.hupso.com\/share\/ --><a class=\"hupso_counters\" href=\"https:\/\/www.hupso.com\/share\/\"><img src=\"http:\/\/static.hupso.com\/share\/buttons\/lang\/es\/share-small.png\" style=\"border:0px; padding-top:2px; float:left;\" alt=\"Share Button\"\/><\/a><script type=\"text\/javascript\">var hupso_services_c=new Array(\"twitter\",\"facebook_like\",\"google\");var hupso_counters_lang = \"es_LA\";var hupso_image_folder_url = \"\";var hupso_twitter_via=\"crsyvrs\";var hupso_url_c=\"\";<\/script><script type=\"text\/javascript\" src=\"http:\/\/static.hupso.com\/share\/js\/counters.js\"><\/script><!-- Hupso Share Buttons --><\/div><p>FOX comenz\u00f3 el rodaje de esta historia, con un reparto\u00a0de actores de la regi\u00f3n, en la que el hombre deber\u00e1 luchar contra la robotizaci\u00f3n para sobrevivir como especie. Protagonizada por actores de distintos pa\u00edses de Am\u00e9rica latina, FOX arranca&#46;&#46;&#46;<\/p>\n<div style=\"padding-bottom:20px; padding-top:10px;\" class=\"hupso-share-buttons\"><!-- Hupso Share Buttons - https:\/\/www.hupso.com\/share\/ --><a class=\"hupso_counters\" href=\"https:\/\/www.hupso.com\/share\/\"><img src=\"http:\/\/static.hupso.com\/share\/buttons\/lang\/es\/share-small.png\" style=\"border:0px; padding-top:2px; float:left;\" alt=\"Share Button\"\/><\/a><script type=\"text\/javascript\">var hupso_services_c=new Array(\"twitter\",\"facebook_like\",\"google\");var hupso_counters_lang = \"es_LA\";var hupso_image_folder_url = \"\";var hupso_twitter_via=\"crsyvrs\";var hupso_url_c=\"\";<\/script><script type=\"text\/javascript\" src=\"http:\/\/static.hupso.com\/share\/js\/counters.js\"><\/script><!-- Hupso Share Buttons --><\/div>","protected":false},"author":5,"featured_media":0,"comment_status":"open","ping_status":"closed","sticky":false,"template":"","format":"standard","meta":{"footnotes":""},"categories":[6],"tags":[6703,6704,5074,2514,6705,54,6706,6707],"class_list":["post-10205","post","type-post","status-publish","format-standard","hentry","category-radio-y-tv","tag-6703","tag-alvaro-curiel","tag-angie-cepeda","tag-benjamin-vicuna","tag-felipe-martinez","tag-fox","tag-ludovico-di-santo","tag-luz-cipriota"],"_links":{"self":[{"href":"http:\/\/cronicasyversiones.com\/index.php?rest_route=\/wp\/v2\/posts\/10205","targetHints":{"allow":["GET"]}}],"collection":[{"href":"http:\/\/cronicasyversiones.com\/index.php?rest_route=\/wp\/v2\/posts"}],"about":[{"href":"http:\/\/cronicasyversiones.com\/index.php?rest_route=\/wp\/v2\/types\/post"}],"author":[{"embeddable":true,"href":"http:\/\/cronicasyversiones.com\/index.php?rest_route=\/wp\/v2\/users\/5"}],"replies":[{"embeddable":true,"href":"http:\/\/cronicasyversiones.com\/index.php?rest_route=%2Fwp%2Fv2%2Fcomments&post=10205"}],"version-history":[{"count":0,"href":"http:\/\/cronicasyversiones.com\/index.php?rest_route=\/wp\/v2\/posts\/10205\/revisions"}],"wp:attachment":[{"href":"http:\/\/cronicasyversiones.com\/index.php?rest_route=%2Fwp%2Fv2%2Fmedia&parent=10205"}],"wp:term":[{"taxonomy":"category","embeddable":true,"href":"http:\/\/cronicasyversiones.com\/index.php?rest_route=%2Fwp%2Fv2%2Fcategories&post=10205"},{"taxonomy":"post_tag","embeddable":true,"href":"http:\/\/cronicasyversiones.com\/index.php?rest_route=%2Fwp%2Fv2%2Ftags&post=10205"}],"curies":[{"name":"wp","href":"https:\/\/api.w.org\/{rel}","templated":true}]}}