{"id":1024,"date":"2014-03-01T14:15:50","date_gmt":"2014-03-01T14:15:50","guid":{"rendered":"http:\/\/cronicasyversiones.com\/?p=1024"},"modified":"2014-03-01T14:15:50","modified_gmt":"2014-03-01T14:15:50","slug":"caos-navalha-la-muestra-de-gabriel-azevedo","status":"publish","type":"post","link":"http:\/\/cronicasyversiones.com\/?p=1024","title":{"rendered":"\u201cCaos Navalha\u201d, la muestra de Gabriel Azevedo"},"content":{"rendered":"<div style=\"padding-bottom:20px; padding-top:10px;\" class=\"hupso-share-buttons\"><!-- Hupso Share Buttons - https:\/\/www.hupso.com\/share\/ --><a class=\"hupso_counters\" href=\"https:\/\/www.hupso.com\/share\/\"><img decoding=\"async\" src=\"http:\/\/static.hupso.com\/share\/buttons\/lang\/es\/share-small.png\" style=\"border:0px; padding-top:2px; float:left;\" alt=\"Share Button\"\/><\/a><script type=\"text\/javascript\">var hupso_services_c=new Array(\"twitter\",\"facebook_like\",\"google\");var hupso_counters_lang = \"es_LA\";var hupso_image_folder_url = \"\";var hupso_twitter_via=\"crsyvrs\";var hupso_url_c=\"\";<\/script><script type=\"text\/javascript\" src=\"http:\/\/static.hupso.com\/share\/js\/counters.js\"><\/script><!-- Hupso Share Buttons --><\/div><h2>Las obras del destacado dise\u00f1ador gr\u00e1fico e ilustrador brasile\u00f1o se exhiben por primera vez en Argentina. El artista se destaca por su est\u00e9tica tropicalista y kitsch.<\/h2>\n<p><a href=\"http:\/\/cronicasyversiones.com\/wp-content\/uploads\/2014\/03\/gabi-1024x564.jpg\"><img loading=\"lazy\" decoding=\"async\" class=\"size-full wp-image-1027 aligncenter\" alt=\"gabi-1024x564\" src=\"http:\/\/cronicasyversiones.com\/wp-content\/uploads\/2014\/03\/gabi-1024x564.jpg\" width=\"727\" height=\"400\" srcset=\"http:\/\/cronicasyversiones.com\/wp-content\/uploads\/2014\/03\/gabi-1024x564.jpg 1024w, http:\/\/cronicasyversiones.com\/wp-content\/uploads\/2014\/03\/gabi-1024x564-300x165.jpg 300w, http:\/\/cronicasyversiones.com\/wp-content\/uploads\/2014\/03\/gabi-1024x564-624x343.jpg 624w\" sizes=\"auto, (max-width: 727px) 100vw, 727px\" \/><\/a><\/p>\n<p><strong>Gabriel Azevedo<\/strong> , un destacado dise\u00f1ador gr\u00e1fico e ilustrador brasile\u00f1o, por primera vez en Argentina, llega a <strong>El Quetzal<\/strong> con su muestra <em><strong>\u201cCaos Navalha\u201d<\/strong><\/em> y la frescura del carnaval.<\/p>\n<p>Esta muestra se puede visitar de martes a domingos, desde las 20,\u00a0 hasta el 30 de marzo en El Quetzal, ubicado en Guatemala 4516, Palermo. La entrada es gratuita.<\/p>\n<p><strong>Gabriel Azevedo<\/strong> es conocido por su <strong>est\u00e9tica tropicalista y kitsch<\/strong>. En esta primer muestra,\u00a0 \u201cCaos Navalha\u201d,\u00a0 representa a trav\u00e9s del caos y el exceso de texturas, collage y pintura los personajes y elementos propios del <strong>carnaval brasile\u00f1o.<\/strong><\/p>\n<p>Este dise\u00f1ador de estampas en la industria textil Kalimo, en S\u00e3o Paulo, la ciudad en la que reside desde hace tres a\u00f1os. El 12 de enero de 2014, inaugur\u00f3 con \u00e9xito la muestra \u201cCaos Navalha\u201d en A Casa do Cachorro Preto, galer\u00eda y centro cultural en la ciudad hist\u00f3rica Olinda, en Brasil.<\/p>\n<p>&nbsp;<\/p>\n<div style=\"padding-bottom:20px; padding-top:10px;\" class=\"hupso-share-buttons\"><!-- Hupso Share Buttons - https:\/\/www.hupso.com\/share\/ --><a class=\"hupso_counters\" href=\"https:\/\/www.hupso.com\/share\/\"><img decoding=\"async\" src=\"http:\/\/static.hupso.com\/share\/buttons\/lang\/es\/share-small.png\" style=\"border:0px; padding-top:2px; float:left;\" alt=\"Share Button\"\/><\/a><script type=\"text\/javascript\">var hupso_services_c=new Array(\"twitter\",\"facebook_like\",\"google\");var hupso_counters_lang = \"es_LA\";var hupso_image_folder_url = \"\";var hupso_twitter_via=\"crsyvrs\";var hupso_url_c=\"\";<\/script><script type=\"text\/javascript\" src=\"http:\/\/static.hupso.com\/share\/js\/counters.js\"><\/script><!-- Hupso Share Buttons --><\/div> ","protected":false},"excerpt":{"rendered":"<div style=\"padding-bottom:20px; padding-top:10px;\" class=\"hupso-share-buttons\"><!-- Hupso Share Buttons - https:\/\/www.hupso.com\/share\/ --><a class=\"hupso_counters\" href=\"https:\/\/www.hupso.com\/share\/\"><img src=\"http:\/\/static.hupso.com\/share\/buttons\/lang\/es\/share-small.png\" style=\"border:0px; padding-top:2px; float:left;\" alt=\"Share Button\"\/><\/a><script type=\"text\/javascript\">var hupso_services_c=new Array(\"twitter\",\"facebook_like\",\"google\");var hupso_counters_lang = \"es_LA\";var hupso_image_folder_url = \"\";var hupso_twitter_via=\"crsyvrs\";var hupso_url_c=\"\";<\/script><script type=\"text\/javascript\" src=\"http:\/\/static.hupso.com\/share\/js\/counters.js\"><\/script><!-- Hupso Share Buttons --><\/div><p>Las obras del destacado dise\u00f1ador gr\u00e1fico e ilustrador brasile\u00f1o se exhiben por primera vez en Argentina. El artista se destaca por su est\u00e9tica tropicalista y kitsch. Gabriel Azevedo , un destacado dise\u00f1ador gr\u00e1fico e ilustrador brasile\u00f1o, por primera vez&#46;&#46;&#46;<\/p>\n<div style=\"padding-bottom:20px; padding-top:10px;\" class=\"hupso-share-buttons\"><!-- Hupso Share Buttons - https:\/\/www.hupso.com\/share\/ --><a class=\"hupso_counters\" href=\"https:\/\/www.hupso.com\/share\/\"><img src=\"http:\/\/static.hupso.com\/share\/buttons\/lang\/es\/share-small.png\" style=\"border:0px; padding-top:2px; float:left;\" alt=\"Share Button\"\/><\/a><script type=\"text\/javascript\">var hupso_services_c=new Array(\"twitter\",\"facebook_like\",\"google\");var hupso_counters_lang = \"es_LA\";var hupso_image_folder_url = \"\";var hupso_twitter_via=\"crsyvrs\";var hupso_url_c=\"\";<\/script><script type=\"text\/javascript\" src=\"http:\/\/static.hupso.com\/share\/js\/counters.js\"><\/script><!-- Hupso Share Buttons --><\/div>","protected":false},"author":5,"featured_media":1027,"comment_status":"open","ping_status":"open","sticky":false,"template":"","format":"standard","meta":{"footnotes":""},"categories":[8],"tags":[876,875,16,874],"class_list":["post-1024","post","type-post","status-publish","format-standard","has-post-thumbnail","hentry","category-artes-plasticas","tag-arte-kitsch","tag-caos-navalha","tag-cronicas-y-versiones","tag-gabriel-azevedo"],"_links":{"self":[{"href":"http:\/\/cronicasyversiones.com\/index.php?rest_route=\/wp\/v2\/posts\/1024","targetHints":{"allow":["GET"]}}],"collection":[{"href":"http:\/\/cronicasyversiones.com\/index.php?rest_route=\/wp\/v2\/posts"}],"about":[{"href":"http:\/\/cronicasyversiones.com\/index.php?rest_route=\/wp\/v2\/types\/post"}],"author":[{"embeddable":true,"href":"http:\/\/cronicasyversiones.com\/index.php?rest_route=\/wp\/v2\/users\/5"}],"replies":[{"embeddable":true,"href":"http:\/\/cronicasyversiones.com\/index.php?rest_route=%2Fwp%2Fv2%2Fcomments&post=1024"}],"version-history":[{"count":0,"href":"http:\/\/cronicasyversiones.com\/index.php?rest_route=\/wp\/v2\/posts\/1024\/revisions"}],"wp:featuredmedia":[{"embeddable":true,"href":"http:\/\/cronicasyversiones.com\/index.php?rest_route=\/wp\/v2\/media\/1027"}],"wp:attachment":[{"href":"http:\/\/cronicasyversiones.com\/index.php?rest_route=%2Fwp%2Fv2%2Fmedia&parent=1024"}],"wp:term":[{"taxonomy":"category","embeddable":true,"href":"http:\/\/cronicasyversiones.com\/index.php?rest_route=%2Fwp%2Fv2%2Fcategories&post=1024"},{"taxonomy":"post_tag","embeddable":true,"href":"http:\/\/cronicasyversiones.com\/index.php?rest_route=%2Fwp%2Fv2%2Ftags&post=1024"}],"curies":[{"name":"wp","href":"https:\/\/api.w.org\/{rel}","templated":true}]}}