{"id":10285,"date":"2016-05-30T11:08:24","date_gmt":"2016-05-30T14:08:24","guid":{"rendered":"http:\/\/cronicasyversiones.com\/?p=10285"},"modified":"2016-05-30T11:08:24","modified_gmt":"2016-05-30T14:08:24","slug":"artistas-latinoamericanos-bajo-la-lente-de-eduardo-fisicaro","status":"publish","type":"post","link":"http:\/\/cronicasyversiones.com\/?p=10285","title":{"rendered":"Artistas latinoamericanos, bajo la lente de Eduardo Fisicaro"},"content":{"rendered":"<div style=\"padding-bottom:20px; padding-top:10px;\" class=\"hupso-share-buttons\"><!-- Hupso Share Buttons - https:\/\/www.hupso.com\/share\/ --><a class=\"hupso_counters\" href=\"https:\/\/www.hupso.com\/share\/\"><img decoding=\"async\" src=\"http:\/\/static.hupso.com\/share\/buttons\/lang\/es\/share-small.png\" style=\"border:0px; padding-top:2px; float:left;\" alt=\"Share Button\"\/><\/a><script type=\"text\/javascript\">var hupso_services_c=new Array(\"twitter\",\"facebook_like\",\"google\");var hupso_counters_lang = \"es_LA\";var hupso_image_folder_url = \"\";var hupso_twitter_via=\"crsyvrs\";var hupso_url_c=\"\";<\/script><script type=\"text\/javascript\" src=\"http:\/\/static.hupso.com\/share\/js\/counters.js\"><\/script><!-- Hupso Share Buttons --><\/div><h2 style=\"text-align: justify;\">En \u201cVibraciones\u201d, est\u00e1n en exposici\u00f3n retratos de artistas, m\u00fasicos, pintores, bailarines y poetas captados por el fot\u00f3grafo, en el momento que estaban presentando o creando su obra.<\/h2>\n<p><img loading=\"lazy\" decoding=\"async\" class=\"aligncenter\" src=\"http:\/\/www.identidad-cultural.com.ar\/fotos\/0003040-02l.jpg?rnd=78488\" width=\"600\" height=\"392\" \/><\/p>\n<p style=\"text-align: justify;\"><em><strong>\u00abVibraciones\u00bb,<\/strong><\/em> la muestra fotogr\u00e1fica de<strong> Eduardo Fisicaro<\/strong> y con textos de <strong>Pedro Patzer<\/strong> que re\u00fane m\u00e1s de 1000 im\u00e1genes de artistas populares a lo largo de Latinoam\u00e9rica en momentos especiales, tendr\u00e1 lugar entre el 14 de junio al 10 de julio en el <strong>Centro Cultural Borges,<\/strong> ubicado en Viamonte 525, en pleno Centro porte\u00f1o.<\/p>\n<p style=\"text-align: justify;\"><strong>Leopoldo Federico, Juan Gelman, Rodolfo Mederos y Paco Ib\u00e1\u00f1ez<\/strong> son algunos de los artistas, m\u00fasicos, pintores, bailarines y poetas que fueron captados por la lente sensible de Fisicaro, justo en el momento que estaban presentando o creando su obra.<\/p>\n<p style=\"text-align: justify;\">El fot\u00f3grafo realiza la muestra unido al escritor, poeta y guionista Pedro Patzer y a la curadur\u00eda de su colega el reconocido fot\u00f3grafo Marcelo Addax.<\/p>\n<p style=\"text-align: justify;\"><em><strong><img loading=\"lazy\" decoding=\"async\" class=\"alignleft\" src=\"http:\/\/www.identidad-cultural.com.ar\/fotos\/0003040-01l.jpg?rnd=\" width=\"442\" height=\"294\" \/>\u00abVibraciones\u00bb<\/strong> <\/em>incluye fotos de Juan Saavedra, Eleonora Cassano, Eduardo Galeano, Ernesto Cardenal, Juan Gelman, Rub\u00e9n Blades, Joan Baez, Cecilia Tood, Charly Garc\u00eda, Atilio Stampone, Eduardo Fal\u00fa, Horacio Guarany, Lila Downs, Teresa Parodi, Hermeto Pascoal, Hugo Fattoruso, Le\u00f3n Gieco, Paco Ib\u00e1\u00f1ez, Vitillo Abalos, Ram\u00f3n Ayala, Jairo y el Chango Spasiuk, entre otros.<\/p>\n<p style=\"text-align: justify;\"><strong>Eduardo Fisicaro<\/strong> es fot\u00f3grafo desde muy joven, y desde hace m\u00e1s de 10 a\u00f1os viene haciendo un trabajo de recopilaci\u00f3n de personajes del arte y la cultura, donde el retrato y la figura humana fueron el eje principal de su producci\u00f3n.<\/p>\n<p style=\"text-align: justify;\">La exposici\u00f3n se podr\u00e1 visitar de 10 a 21 en la Sala 11 de complejo cultural con entrada libre.<\/p>\n<p>&nbsp;<\/p>\n<div style=\"padding-bottom:20px; padding-top:10px;\" class=\"hupso-share-buttons\"><!-- Hupso Share Buttons - https:\/\/www.hupso.com\/share\/ --><a class=\"hupso_counters\" href=\"https:\/\/www.hupso.com\/share\/\"><img decoding=\"async\" src=\"http:\/\/static.hupso.com\/share\/buttons\/lang\/es\/share-small.png\" style=\"border:0px; padding-top:2px; float:left;\" alt=\"Share Button\"\/><\/a><script type=\"text\/javascript\">var hupso_services_c=new Array(\"twitter\",\"facebook_like\",\"google\");var hupso_counters_lang = \"es_LA\";var hupso_image_folder_url = \"\";var hupso_twitter_via=\"crsyvrs\";var hupso_url_c=\"\";<\/script><script type=\"text\/javascript\" src=\"http:\/\/static.hupso.com\/share\/js\/counters.js\"><\/script><!-- Hupso Share Buttons --><\/div> ","protected":false},"excerpt":{"rendered":"<div style=\"padding-bottom:20px; padding-top:10px;\" class=\"hupso-share-buttons\"><!-- Hupso Share Buttons - https:\/\/www.hupso.com\/share\/ --><a class=\"hupso_counters\" href=\"https:\/\/www.hupso.com\/share\/\"><img src=\"http:\/\/static.hupso.com\/share\/buttons\/lang\/es\/share-small.png\" style=\"border:0px; padding-top:2px; float:left;\" alt=\"Share Button\"\/><\/a><script type=\"text\/javascript\">var hupso_services_c=new Array(\"twitter\",\"facebook_like\",\"google\");var hupso_counters_lang = \"es_LA\";var hupso_image_folder_url = \"\";var hupso_twitter_via=\"crsyvrs\";var hupso_url_c=\"\";<\/script><script type=\"text\/javascript\" src=\"http:\/\/static.hupso.com\/share\/js\/counters.js\"><\/script><!-- Hupso Share Buttons --><\/div><p>En \u201cVibraciones\u201d, est\u00e1n en exposici\u00f3n retratos de artistas, m\u00fasicos, pintores, bailarines y poetas captados por el fot\u00f3grafo, en el momento que estaban presentando o creando su obra. \u00abVibraciones\u00bb, la muestra fotogr\u00e1fica de Eduardo Fisicaro y con textos de Pedro&#46;&#46;&#46;<\/p>\n<div style=\"padding-bottom:20px; padding-top:10px;\" class=\"hupso-share-buttons\"><!-- Hupso Share Buttons - https:\/\/www.hupso.com\/share\/ --><a class=\"hupso_counters\" href=\"https:\/\/www.hupso.com\/share\/\"><img src=\"http:\/\/static.hupso.com\/share\/buttons\/lang\/es\/share-small.png\" style=\"border:0px; padding-top:2px; float:left;\" alt=\"Share Button\"\/><\/a><script type=\"text\/javascript\">var hupso_services_c=new Array(\"twitter\",\"facebook_like\",\"google\");var hupso_counters_lang = \"es_LA\";var hupso_image_folder_url = \"\";var hupso_twitter_via=\"crsyvrs\";var hupso_url_c=\"\";<\/script><script type=\"text\/javascript\" src=\"http:\/\/static.hupso.com\/share\/js\/counters.js\"><\/script><!-- Hupso Share Buttons --><\/div>","protected":false},"author":5,"featured_media":0,"comment_status":"open","ping_status":"closed","sticky":false,"template":"","format":"standard","meta":{"footnotes":""},"categories":[8],"tags":[142,6737,6738,6736],"class_list":["post-10285","post","type-post","status-publish","format-standard","hentry","category-artes-plasticas","tag-centro-cultural-borges","tag-eduardo-fisicaro","tag-pedro-patzer","tag-vibraciones"],"_links":{"self":[{"href":"http:\/\/cronicasyversiones.com\/index.php?rest_route=\/wp\/v2\/posts\/10285","targetHints":{"allow":["GET"]}}],"collection":[{"href":"http:\/\/cronicasyversiones.com\/index.php?rest_route=\/wp\/v2\/posts"}],"about":[{"href":"http:\/\/cronicasyversiones.com\/index.php?rest_route=\/wp\/v2\/types\/post"}],"author":[{"embeddable":true,"href":"http:\/\/cronicasyversiones.com\/index.php?rest_route=\/wp\/v2\/users\/5"}],"replies":[{"embeddable":true,"href":"http:\/\/cronicasyversiones.com\/index.php?rest_route=%2Fwp%2Fv2%2Fcomments&post=10285"}],"version-history":[{"count":0,"href":"http:\/\/cronicasyversiones.com\/index.php?rest_route=\/wp\/v2\/posts\/10285\/revisions"}],"wp:attachment":[{"href":"http:\/\/cronicasyversiones.com\/index.php?rest_route=%2Fwp%2Fv2%2Fmedia&parent=10285"}],"wp:term":[{"taxonomy":"category","embeddable":true,"href":"http:\/\/cronicasyversiones.com\/index.php?rest_route=%2Fwp%2Fv2%2Fcategories&post=10285"},{"taxonomy":"post_tag","embeddable":true,"href":"http:\/\/cronicasyversiones.com\/index.php?rest_route=%2Fwp%2Fv2%2Ftags&post=10285"}],"curies":[{"name":"wp","href":"https:\/\/api.w.org\/{rel}","templated":true}]}}