{"id":10399,"date":"2016-06-05T11:45:00","date_gmt":"2016-06-05T14:45:00","guid":{"rendered":"http:\/\/cronicasyversiones.com\/?p=10399"},"modified":"2016-06-05T11:45:00","modified_gmt":"2016-06-05T14:45:00","slug":"fernando-cabrera-recala-en-buenos-aires-y-en-la-plata","status":"publish","type":"post","link":"http:\/\/cronicasyversiones.com\/?p=10399","title":{"rendered":"Fernando Cabrera recala en Buenos Aires y en La Plata"},"content":{"rendered":"<div style=\"padding-bottom:20px; padding-top:10px;\" class=\"hupso-share-buttons\"><!-- Hupso Share Buttons - https:\/\/www.hupso.com\/share\/ --><a class=\"hupso_counters\" href=\"https:\/\/www.hupso.com\/share\/\"><img decoding=\"async\" src=\"http:\/\/static.hupso.com\/share\/buttons\/lang\/es\/share-small.png\" style=\"border:0px; padding-top:2px; float:left;\" alt=\"Share Button\"\/><\/a><script type=\"text\/javascript\">var hupso_services_c=new Array(\"twitter\",\"facebook_like\",\"google\");var hupso_counters_lang = \"es_LA\";var hupso_image_folder_url = \"\";var hupso_twitter_via=\"crsyvrs\";var hupso_url_c=\"\";<\/script><script type=\"text\/javascript\" src=\"http:\/\/static.hupso.com\/share\/js\/counters.js\"><\/script><!-- Hupso Share Buttons --><\/div><h2 style=\"text-align: justify;\">El m\u00fasico uruguayo presentar\u00e1 su nuevo disco, en el que interpreta composiciones de sus coterr\u00e1neos Eduardo Mateo y Eduardo Darnauchans.<\/h2>\n<p style=\"text-align: justify;\"><img loading=\"lazy\" decoding=\"async\" class=\"aligncenter\" src=\"https:\/\/fbcdn-sphotos-c-a.akamaihd.net\/hphotos-ak-xtl1\/v\/t1.0-9\/13087434_10153363829836923_3524216239281590556_n.jpg?oh=f6751781ff43e3fbe32ab5d020f84942&amp;oe=57D31335&amp;__gda__=1472976724_363147aa92db79f6a591955b0bf88f77\" width=\"787\" height=\"529\" \/><br \/>\nEl uruguayo <strong>Fernando Cabrera<\/strong> saldr\u00e1 a escena en La Plata y Buenos Aires los pr\u00f3ximos viernes 9 y s\u00e1bado 10 presentando en sociedad el disco en que interpreta canciones de sus coterr\u00e1neos <strong>Eduardo Mateo <\/strong>y<strong> Eduardo Darnauchans.<\/strong><\/p>\n<p style=\"text-align: justify;\">La funci\u00f3n en La Plata ser\u00e1 el viernes 10 a las 21 en <strong>El Teatro Bar<\/strong> de calle 43 entre 6 y 7; mientras que en la porte\u00f1a ser\u00e1 con concierto previsto para el s\u00e1bado 11 a las 21 en la <strong>Usina del Arte<\/strong>, ubicada en Caffarena 1, del barrio de La Boca, en ambos casos acompa\u00f1ado por<strong> Edu Pitufo Lombardo.<\/strong><\/p>\n<p style=\"text-align: justify;\"><em><strong>\u00abFernando Cabrera canta Mateo y Darnauchans\u00bb<\/strong> <\/em>es el t\u00edtulo del disco que el autor, cantante y guitarrista viene a presentar y que fue grabado en vivo en agosto de 2015 en el <strong>Teatro El Galp\u00f3n de Montevideo<\/strong> con el acompa\u00f1amiento de Lombardo en percusi\u00f3n, guitarra y voz.<\/p>\n<p style=\"text-align: justify;\">Como lo se\u00f1ala el nombre del \u00e1lbum, se trata de un homenaje a dos figuras centrales de la canci\u00f3n popular moderna de Uruguay, con los que Cabrera supo compartir escenarios y grabaciones.<\/p>\n<p style=\"text-align: justify;\">Considerado desde hace tiempo uno de los m\u00fasicos y compositores m\u00e1s importantes del Uruguay, Cabrera ofrece una exquisita maestr\u00eda en el tratamiento de la canci\u00f3n, habitualmente con composiciones propias, ya sea como solista en guitarra el\u00e9ctrica y voz o en grupo.<\/p>\n<p><iframe loading=\"lazy\" src=\"https:\/\/www.youtube.com\/embed\/2aA-4gcCDEs\" width=\"600\" height=\"330\" frameborder=\"0\" allowfullscreen=\"allowfullscreen\"><\/iframe><\/p>\n<div style=\"padding-bottom:20px; padding-top:10px;\" class=\"hupso-share-buttons\"><!-- Hupso Share Buttons - https:\/\/www.hupso.com\/share\/ --><a class=\"hupso_counters\" href=\"https:\/\/www.hupso.com\/share\/\"><img decoding=\"async\" src=\"http:\/\/static.hupso.com\/share\/buttons\/lang\/es\/share-small.png\" style=\"border:0px; padding-top:2px; float:left;\" alt=\"Share Button\"\/><\/a><script type=\"text\/javascript\">var hupso_services_c=new Array(\"twitter\",\"facebook_like\",\"google\");var hupso_counters_lang = \"es_LA\";var hupso_image_folder_url = \"\";var hupso_twitter_via=\"crsyvrs\";var hupso_url_c=\"\";<\/script><script type=\"text\/javascript\" src=\"http:\/\/static.hupso.com\/share\/js\/counters.js\"><\/script><!-- Hupso Share Buttons --><\/div> ","protected":false},"excerpt":{"rendered":"<div style=\"padding-bottom:20px; padding-top:10px;\" class=\"hupso-share-buttons\"><!-- Hupso Share Buttons - https:\/\/www.hupso.com\/share\/ --><a class=\"hupso_counters\" href=\"https:\/\/www.hupso.com\/share\/\"><img src=\"http:\/\/static.hupso.com\/share\/buttons\/lang\/es\/share-small.png\" style=\"border:0px; padding-top:2px; float:left;\" alt=\"Share Button\"\/><\/a><script type=\"text\/javascript\">var hupso_services_c=new Array(\"twitter\",\"facebook_like\",\"google\");var hupso_counters_lang = \"es_LA\";var hupso_image_folder_url = \"\";var hupso_twitter_via=\"crsyvrs\";var hupso_url_c=\"\";<\/script><script type=\"text\/javascript\" src=\"http:\/\/static.hupso.com\/share\/js\/counters.js\"><\/script><!-- Hupso Share Buttons --><\/div><p>El m\u00fasico uruguayo presentar\u00e1 su nuevo disco, en el que interpreta composiciones de sus coterr\u00e1neos Eduardo Mateo y Eduardo Darnauchans. El uruguayo Fernando Cabrera saldr\u00e1 a escena en La Plata y Buenos Aires los pr\u00f3ximos viernes 9 y s\u00e1bado&#46;&#46;&#46;<\/p>\n<div style=\"padding-bottom:20px; padding-top:10px;\" class=\"hupso-share-buttons\"><!-- Hupso Share Buttons - https:\/\/www.hupso.com\/share\/ --><a class=\"hupso_counters\" href=\"https:\/\/www.hupso.com\/share\/\"><img src=\"http:\/\/static.hupso.com\/share\/buttons\/lang\/es\/share-small.png\" style=\"border:0px; padding-top:2px; float:left;\" alt=\"Share Button\"\/><\/a><script type=\"text\/javascript\">var hupso_services_c=new Array(\"twitter\",\"facebook_like\",\"google\");var hupso_counters_lang = \"es_LA\";var hupso_image_folder_url = \"\";var hupso_twitter_via=\"crsyvrs\";var hupso_url_c=\"\";<\/script><script type=\"text\/javascript\" src=\"http:\/\/static.hupso.com\/share\/js\/counters.js\"><\/script><!-- Hupso Share Buttons --><\/div>","protected":false},"author":5,"featured_media":0,"comment_status":"open","ping_status":"closed","sticky":false,"template":"","format":"standard","meta":{"footnotes":""},"categories":[3],"tags":[],"class_list":["post-10399","post","type-post","status-publish","format-standard","hentry","category-musica"],"_links":{"self":[{"href":"http:\/\/cronicasyversiones.com\/index.php?rest_route=\/wp\/v2\/posts\/10399","targetHints":{"allow":["GET"]}}],"collection":[{"href":"http:\/\/cronicasyversiones.com\/index.php?rest_route=\/wp\/v2\/posts"}],"about":[{"href":"http:\/\/cronicasyversiones.com\/index.php?rest_route=\/wp\/v2\/types\/post"}],"author":[{"embeddable":true,"href":"http:\/\/cronicasyversiones.com\/index.php?rest_route=\/wp\/v2\/users\/5"}],"replies":[{"embeddable":true,"href":"http:\/\/cronicasyversiones.com\/index.php?rest_route=%2Fwp%2Fv2%2Fcomments&post=10399"}],"version-history":[{"count":0,"href":"http:\/\/cronicasyversiones.com\/index.php?rest_route=\/wp\/v2\/posts\/10399\/revisions"}],"wp:attachment":[{"href":"http:\/\/cronicasyversiones.com\/index.php?rest_route=%2Fwp%2Fv2%2Fmedia&parent=10399"}],"wp:term":[{"taxonomy":"category","embeddable":true,"href":"http:\/\/cronicasyversiones.com\/index.php?rest_route=%2Fwp%2Fv2%2Fcategories&post=10399"},{"taxonomy":"post_tag","embeddable":true,"href":"http:\/\/cronicasyversiones.com\/index.php?rest_route=%2Fwp%2Fv2%2Ftags&post=10399"}],"curies":[{"name":"wp","href":"https:\/\/api.w.org\/{rel}","templated":true}]}}