{"id":10663,"date":"2016-06-27T00:01:16","date_gmt":"2016-06-27T03:01:16","guid":{"rendered":"http:\/\/cronicasyversiones.com\/?p=10663"},"modified":"2016-06-28T00:24:18","modified_gmt":"2016-06-28T03:24:18","slug":"emilio-del-guercio-repasa-sus-clasicos-en-la-usina-del-arte","status":"publish","type":"post","link":"http:\/\/cronicasyversiones.com\/?p=10663","title":{"rendered":"Emilio Del Guercio repasa sus cl\u00e1sicos en La Usina del Arte"},"content":{"rendered":"<div style=\"padding-bottom:20px; padding-top:10px;\" class=\"hupso-share-buttons\"><!-- Hupso Share Buttons - https:\/\/www.hupso.com\/share\/ --><a class=\"hupso_counters\" href=\"https:\/\/www.hupso.com\/share\/\"><img decoding=\"async\" src=\"http:\/\/static.hupso.com\/share\/buttons\/lang\/es\/share-small.png\" style=\"border:0px; padding-top:2px; float:left;\" alt=\"Share Button\"\/><\/a><script type=\"text\/javascript\">var hupso_services_c=new Array(\"twitter\",\"facebook_like\",\"google\");var hupso_counters_lang = \"es_LA\";var hupso_image_folder_url = \"\";var hupso_twitter_via=\"crsyvrs\";var hupso_url_c=\"\";<\/script><script type=\"text\/javascript\" src=\"http:\/\/static.hupso.com\/share\/js\/counters.js\"><\/script><!-- Hupso Share Buttons --><\/div><h2 style=\"text-align: justify;\">El m\u00fasico, ex integrante de Almendra y Aquelarre, recorrer\u00e1 sus composiciones de los \u201970 y \u201980 junto a su actual banda en un show con entradas gratuitas.<\/h2>\n<p><img loading=\"lazy\" decoding=\"async\" class=\"size-full wp-image-10677 aligncenter\" src=\"http:\/\/cronicasyversiones.com\/wp-content\/uploads\/2016\/06\/0000165358.jpg\" alt=\"0000165358\" width=\"770\" height=\"471\" srcset=\"http:\/\/cronicasyversiones.com\/wp-content\/uploads\/2016\/06\/0000165358.jpg 770w, http:\/\/cronicasyversiones.com\/wp-content\/uploads\/2016\/06\/0000165358-300x184.jpg 300w, http:\/\/cronicasyversiones.com\/wp-content\/uploads\/2016\/06\/0000165358-768x470.jpg 768w\" sizes=\"auto, (max-width: 770px) 100vw, 770px\" \/><\/p>\n<p>&nbsp;<\/p>\n<p style=\"text-align: justify;\"><strong>Emilio Del Guercio,<\/strong> uno de los ex integrantes de <strong>Almendra,<\/strong>\u00a0en un esperado retorno saldr\u00e1 la escena y se presentar\u00e1 el s\u00e1bado 2 de julio, a las 21, en el <strong>Auditorio de la Usina del Arte,<\/strong> ubicado en Caffarena 1 en el barrio de La Boca, con entrada libre y gratuita.<\/p>\n<p style=\"text-align: justify;\">En esta presentaci\u00f3n, el cantante y compositor repasar\u00e1 canciones de los \u201870 y \u201880 junto a su actual banda est\u00e1 formada por <strong>Dhany Ferr\u00f3n<\/strong> en bajo y voz, <strong>Gaby Am\u00e9ndola<\/strong> en guitarra y voz, <strong>Leandro Marquesano<\/strong> en teclados y voz, y<strong> Luis Ocampo<\/strong> en percusi\u00f3n y voz.<\/p>\n<p style=\"text-align: justify;\">Luego de grabar el disco <em><strong>\u00abPintada\u00bb<\/strong><\/em> en los 80, Del Guercio cultiv\u00f3 a\u00f1os de bajo perfil casi al punto de su auto exclusi\u00f3n de un ambiente musical que, a\u00fan hoy, sigue esperando un segundo disco solista.<\/p>\n<p style=\"text-align: justify;\">Desde 2009 y hasta 2013 el cantautor se desempe\u00f1\u00f3 en el ciclo <em><strong>\u00abComo Hice\u00bb<\/strong><\/em> en el canal <strong>Encuentro<\/strong>, programa de televisi\u00f3n\u00a0orientado a exhibir la historia de las canciones argentinas guardadas en nuestra memoria colectiva, un viejo proyecto suyo que volvi\u00f3 a darle visibilidad y tal vez lo motiv\u00f3 al desaf\u00edo de dejar un testimonio art\u00edstico m\u00e1s actual, en principio, dispuesto a subirse a escenarios m\u00e1s grandes.<\/p>\n<p style=\"text-align: justify;\">Emilio Del Guercio fue compa\u00f1ero de <strong>Luis Alberto Spinetta<\/strong> del colegio San Rom\u00e1n. Ambos junto a <strong>Edelmiro Molinari y Rodolfo Garc\u00eda<\/strong> fundaron el grupo Almendra en 1967. Junto a <strong>Los Gatos y Manal,<\/strong> esta banda fue una de las fundadoras del rock argentino.<\/p>\n<p style=\"text-align: justify;\">Luego de editar un disco doble, el segundo del grupo, se separaron y volvieron a reunirse en 1979 para brindar una serie de shows en el estadios de Obras Sanitaria. Este revival s\u00f3lo duro un par de a\u00f1os.<\/p>\n<p style=\"text-align: justify;\">Tambi\u00e9n, nuevamente junto a Garc\u00eda, le dio forma a Aquellarre, una banda que se complet\u00f3 con H\u00e9ctor Starc y Hugo <strong>H\u00e9ctor Starc y Hugo Gonz\u00e1lez Neira.<\/strong> Este combo edit\u00f3 cuatro disco durante 1971 a 1977, e incluso pasaron un par de temporadas en Barcelona.<br \/>\n.<br \/>\nLas entradas para el concierto de Emilio del Guercio podr\u00e1n ser retiradas dos horas antes de la funci\u00f3n por Caffarena 1.<\/p>\n<div style=\"padding-bottom:20px; padding-top:10px;\" class=\"hupso-share-buttons\"><!-- Hupso Share Buttons - https:\/\/www.hupso.com\/share\/ --><a class=\"hupso_counters\" href=\"https:\/\/www.hupso.com\/share\/\"><img decoding=\"async\" src=\"http:\/\/static.hupso.com\/share\/buttons\/lang\/es\/share-small.png\" style=\"border:0px; padding-top:2px; float:left;\" alt=\"Share Button\"\/><\/a><script type=\"text\/javascript\">var hupso_services_c=new Array(\"twitter\",\"facebook_like\",\"google\");var hupso_counters_lang = \"es_LA\";var hupso_image_folder_url = \"\";var hupso_twitter_via=\"crsyvrs\";var hupso_url_c=\"\";<\/script><script type=\"text\/javascript\" src=\"http:\/\/static.hupso.com\/share\/js\/counters.js\"><\/script><!-- Hupso Share Buttons --><\/div> ","protected":false},"excerpt":{"rendered":"<div style=\"padding-bottom:20px; padding-top:10px;\" class=\"hupso-share-buttons\"><!-- Hupso Share Buttons - https:\/\/www.hupso.com\/share\/ --><a class=\"hupso_counters\" href=\"https:\/\/www.hupso.com\/share\/\"><img src=\"http:\/\/static.hupso.com\/share\/buttons\/lang\/es\/share-small.png\" style=\"border:0px; padding-top:2px; float:left;\" alt=\"Share Button\"\/><\/a><script type=\"text\/javascript\">var hupso_services_c=new Array(\"twitter\",\"facebook_like\",\"google\");var hupso_counters_lang = \"es_LA\";var hupso_image_folder_url = \"\";var hupso_twitter_via=\"crsyvrs\";var hupso_url_c=\"\";<\/script><script type=\"text\/javascript\" src=\"http:\/\/static.hupso.com\/share\/js\/counters.js\"><\/script><!-- Hupso Share Buttons --><\/div><p>El m\u00fasico, ex integrante de Almendra y Aquelarre, recorrer\u00e1 sus composiciones de los \u201970 y \u201980 junto a su actual banda en un show con entradas gratuitas. &nbsp; Emilio Del Guercio, uno de los ex integrantes de Almendra,\u00a0en un&#46;&#46;&#46;<\/p>\n<div style=\"padding-bottom:20px; padding-top:10px;\" class=\"hupso-share-buttons\"><!-- Hupso Share Buttons - https:\/\/www.hupso.com\/share\/ --><a class=\"hupso_counters\" href=\"https:\/\/www.hupso.com\/share\/\"><img src=\"http:\/\/static.hupso.com\/share\/buttons\/lang\/es\/share-small.png\" style=\"border:0px; padding-top:2px; float:left;\" alt=\"Share Button\"\/><\/a><script type=\"text\/javascript\">var hupso_services_c=new Array(\"twitter\",\"facebook_like\",\"google\");var hupso_counters_lang = \"es_LA\";var hupso_image_folder_url = \"\";var hupso_twitter_via=\"crsyvrs\";var hupso_url_c=\"\";<\/script><script type=\"text\/javascript\" src=\"http:\/\/static.hupso.com\/share\/js\/counters.js\"><\/script><!-- Hupso Share Buttons --><\/div>","protected":false},"author":5,"featured_media":0,"comment_status":"open","ping_status":"closed","sticky":false,"template":"","format":"standard","meta":{"footnotes":""},"categories":[3],"tags":[723,4214,6890,3946,3945,47,2837],"class_list":["post-10663","post","type-post","status-publish","format-standard","hentry","category-musica","tag-almendra","tag-aquelarre","tag-dhany-ferron","tag-edelmiro-molinari","tag-emilio-del-guercio","tag-luis-alberto-spinetta","tag-rodolfo-garcia"],"_links":{"self":[{"href":"http:\/\/cronicasyversiones.com\/index.php?rest_route=\/wp\/v2\/posts\/10663","targetHints":{"allow":["GET"]}}],"collection":[{"href":"http:\/\/cronicasyversiones.com\/index.php?rest_route=\/wp\/v2\/posts"}],"about":[{"href":"http:\/\/cronicasyversiones.com\/index.php?rest_route=\/wp\/v2\/types\/post"}],"author":[{"embeddable":true,"href":"http:\/\/cronicasyversiones.com\/index.php?rest_route=\/wp\/v2\/users\/5"}],"replies":[{"embeddable":true,"href":"http:\/\/cronicasyversiones.com\/index.php?rest_route=%2Fwp%2Fv2%2Fcomments&post=10663"}],"version-history":[{"count":0,"href":"http:\/\/cronicasyversiones.com\/index.php?rest_route=\/wp\/v2\/posts\/10663\/revisions"}],"wp:attachment":[{"href":"http:\/\/cronicasyversiones.com\/index.php?rest_route=%2Fwp%2Fv2%2Fmedia&parent=10663"}],"wp:term":[{"taxonomy":"category","embeddable":true,"href":"http:\/\/cronicasyversiones.com\/index.php?rest_route=%2Fwp%2Fv2%2Fcategories&post=10663"},{"taxonomy":"post_tag","embeddable":true,"href":"http:\/\/cronicasyversiones.com\/index.php?rest_route=%2Fwp%2Fv2%2Ftags&post=10663"}],"curies":[{"name":"wp","href":"https:\/\/api.w.org\/{rel}","templated":true}]}}