{"id":10733,"date":"2016-07-02T00:00:12","date_gmt":"2016-07-02T03:00:12","guid":{"rendered":"http:\/\/cronicasyversiones.com\/?p=10733"},"modified":"2016-07-01T23:44:12","modified_gmt":"2016-07-02T02:44:12","slug":"obras-de-soldi-quinquela-y-marta-minuji-en-galerias-witcomb","status":"publish","type":"post","link":"http:\/\/cronicasyversiones.com\/?p=10733","title":{"rendered":"Obras de Soldi, Quinquela y Marta Minuj\u00edn, en Galer\u00edas Witcomb"},"content":{"rendered":"<div style=\"padding-bottom:20px; padding-top:10px;\" class=\"hupso-share-buttons\"><!-- Hupso Share Buttons - https:\/\/www.hupso.com\/share\/ --><a class=\"hupso_counters\" href=\"https:\/\/www.hupso.com\/share\/\"><img decoding=\"async\" src=\"http:\/\/static.hupso.com\/share\/buttons\/lang\/es\/share-small.png\" style=\"border:0px; padding-top:2px; float:left;\" alt=\"Share Button\"\/><\/a><script type=\"text\/javascript\">var hupso_services_c=new Array(\"twitter\",\"facebook_like\",\"google\");var hupso_counters_lang = \"es_LA\";var hupso_image_folder_url = \"\";var hupso_twitter_via=\"crsyvrs\";var hupso_url_c=\"\";<\/script><script type=\"text\/javascript\" src=\"http:\/\/static.hupso.com\/share\/js\/counters.js\"><\/script><!-- Hupso Share Buttons --><\/div><h2 style=\"text-align: justify;\">En la Segunda edici\u00f3n de Grandes maestros en peque\u00f1os formatos estar\u00e1n en exposici\u00f3n creaciones de distintos artistas argentinos.<\/h2>\n<p><img loading=\"lazy\" decoding=\"async\" class=\"wp-image-10735 aligncenter\" src=\"http:\/\/cronicasyversiones.com\/wp-content\/uploads\/2016\/07\/Marta-Minujin-1024x705.jpg\" alt=\"Marta Minujin\" width=\"784\" height=\"540\" srcset=\"http:\/\/cronicasyversiones.com\/wp-content\/uploads\/2016\/07\/Marta-Minujin-1024x705.jpg 1024w, http:\/\/cronicasyversiones.com\/wp-content\/uploads\/2016\/07\/Marta-Minujin-300x207.jpg 300w, http:\/\/cronicasyversiones.com\/wp-content\/uploads\/2016\/07\/Marta-Minujin-768x529.jpg 768w\" sizes=\"auto, (max-width: 784px) 100vw, 784px\" \/><\/p>\n<p>&nbsp;<\/p>\n<p style=\"text-align: justify;\">La muestra <strong>Galer\u00edas Witcomb<\/strong>, la m\u00e1s antigua de nuestro pa\u00eds, apunta a ofrecer con la <strong>Segunda edici\u00f3n de Grandes maestros en peque\u00f1os formatos<\/strong> una alternativa frente a las actividades recreativas de vacaciones de invierno y al mismo tiempo permitir que el arte est\u00e9, en estos formatos m\u00e1s accesibles, al alcance de una porci\u00f3n mayor de p\u00fablico.<\/p>\n<p>En este espacio ubicado en Rodr\u00edguez Pe\u00f1a 1050, de \u00a0lunes a viernes de 15 a 20,30 y los s\u00e1bados de 11 a 15:30, se podr\u00e1n apreciar pinturas de algunos de los artistas argentinos m\u00e1s reconocidos, como <strong>Ra\u00fal Soldi, Carlos Alonso, Leopoldo Presas, Juan Carlos Castagnino, Marta Minuj\u00edn, Vito Campanella , Benito Quinquela Mart\u00edn,<\/strong> Santiago Cogorno, Horacio Politi, V\u00edctor Chab, Jorge Barboza y Juan Carlos Ben\u00edtez.<\/p>\n<p>Tambi\u00e9n se expondr\u00e1n esculturas en formatos peque\u00f1os de artistas de la talla de <strong>Antonio Pujia, Naum Knop, Fabi\u00e1n Galdamez y Ponciano C\u00e1rdenas.<\/strong><\/p>\n<p style=\"text-align: justify;\"><img loading=\"lazy\" decoding=\"async\" class=\"alignleft wp-image-10736\" src=\"http:\/\/cronicasyversiones.com\/wp-content\/uploads\/2016\/07\/Cascioli-Diego-y-cia-60-x-70-810x1024.jpg\" alt=\"Cascioli , Diego y cia, 60 x 70\" width=\"214\" height=\"270\" srcset=\"http:\/\/cronicasyversiones.com\/wp-content\/uploads\/2016\/07\/Cascioli-Diego-y-cia-60-x-70-810x1024.jpg 810w, http:\/\/cronicasyversiones.com\/wp-content\/uploads\/2016\/07\/Cascioli-Diego-y-cia-60-x-70-237x300.jpg 237w, http:\/\/cronicasyversiones.com\/wp-content\/uploads\/2016\/07\/Cascioli-Diego-y-cia-60-x-70-768x971.jpg 768w, http:\/\/cronicasyversiones.com\/wp-content\/uploads\/2016\/07\/Cascioli-Diego-y-cia-60-x-70.jpg 1682w\" sizes=\"auto, (max-width: 214px) 100vw, 214px\" \/>Por otra parte,\u00a0 la muestra de Grandes maestros en peque\u00f1os formatos permitir\u00e1 que el p\u00fablico pueda adquirir algunas de esas obras, ya que los <strong>precios de las mismas oscilar\u00e1n entre los $ 1000 y $ 10.000.\u00a0<\/strong><\/p>\n<p style=\"text-align: justify;\">\u201cDespu\u00e9s del \u00e9xito que tuvimos el a\u00f1o pasado, con una exposici\u00f3n similar, quisimos aprovechar el mes de julio y las vacaciones de invierno para ofrecer la posibilidad de visitar lo mejor del arte local, y en un formato que tal vez no es tan habitual y puede ser accesible para que la gente pueda tener alguna de esas obras en sus casas\u201d, cont\u00f3 <strong>Jorge Calvo,<\/strong> titular de la Galer\u00eda y curador de la muestra.<\/p>\n<p style=\"text-align: justify;\">Witcomb, la primera galer\u00eda de arte de la Argentina, que fue fundada en 1868 y vio nacer a los grandes maestros de nuestro pa\u00eds, como <strong>Benito Quinquela, Antonio Berni y Emilio Pettoruti,<\/strong> reabri\u00f3 recientemente sus puertas con el compromiso de siempre, esto es difundir el arte a trav\u00e9s de los artistas consagrados y las nuevas promesas.<\/p>\n<p>&nbsp;<\/p>\n<p>&nbsp;<\/p>\n<div style=\"padding-bottom:20px; padding-top:10px;\" class=\"hupso-share-buttons\"><!-- Hupso Share Buttons - https:\/\/www.hupso.com\/share\/ --><a class=\"hupso_counters\" href=\"https:\/\/www.hupso.com\/share\/\"><img decoding=\"async\" src=\"http:\/\/static.hupso.com\/share\/buttons\/lang\/es\/share-small.png\" style=\"border:0px; padding-top:2px; float:left;\" alt=\"Share Button\"\/><\/a><script type=\"text\/javascript\">var hupso_services_c=new Array(\"twitter\",\"facebook_like\",\"google\");var hupso_counters_lang = \"es_LA\";var hupso_image_folder_url = \"\";var hupso_twitter_via=\"crsyvrs\";var hupso_url_c=\"\";<\/script><script type=\"text\/javascript\" src=\"http:\/\/static.hupso.com\/share\/js\/counters.js\"><\/script><!-- Hupso Share Buttons --><\/div> ","protected":false},"excerpt":{"rendered":"<div style=\"padding-bottom:20px; padding-top:10px;\" class=\"hupso-share-buttons\"><!-- Hupso Share Buttons - https:\/\/www.hupso.com\/share\/ --><a class=\"hupso_counters\" href=\"https:\/\/www.hupso.com\/share\/\"><img src=\"http:\/\/static.hupso.com\/share\/buttons\/lang\/es\/share-small.png\" style=\"border:0px; padding-top:2px; float:left;\" alt=\"Share Button\"\/><\/a><script type=\"text\/javascript\">var hupso_services_c=new Array(\"twitter\",\"facebook_like\",\"google\");var hupso_counters_lang = \"es_LA\";var hupso_image_folder_url = \"\";var hupso_twitter_via=\"crsyvrs\";var hupso_url_c=\"\";<\/script><script type=\"text\/javascript\" src=\"http:\/\/static.hupso.com\/share\/js\/counters.js\"><\/script><!-- Hupso Share Buttons --><\/div><p>En la Segunda edici\u00f3n de Grandes maestros en peque\u00f1os formatos estar\u00e1n en exposici\u00f3n creaciones de distintos artistas argentinos. &nbsp; La muestra Galer\u00edas Witcomb, la m\u00e1s antigua de nuestro pa\u00eds, apunta a ofrecer con la Segunda edici\u00f3n de Grandes maestros&#46;&#46;&#46;<\/p>\n<div style=\"padding-bottom:20px; padding-top:10px;\" class=\"hupso-share-buttons\"><!-- Hupso Share Buttons - https:\/\/www.hupso.com\/share\/ --><a class=\"hupso_counters\" href=\"https:\/\/www.hupso.com\/share\/\"><img src=\"http:\/\/static.hupso.com\/share\/buttons\/lang\/es\/share-small.png\" style=\"border:0px; padding-top:2px; float:left;\" alt=\"Share Button\"\/><\/a><script type=\"text\/javascript\">var hupso_services_c=new Array(\"twitter\",\"facebook_like\",\"google\");var hupso_counters_lang = \"es_LA\";var hupso_image_folder_url = \"\";var hupso_twitter_via=\"crsyvrs\";var hupso_url_c=\"\";<\/script><script type=\"text\/javascript\" src=\"http:\/\/static.hupso.com\/share\/js\/counters.js\"><\/script><!-- Hupso Share Buttons --><\/div>","protected":false},"author":5,"featured_media":0,"comment_status":"open","ping_status":"closed","sticky":false,"template":"","format":"standard","meta":{"footnotes":""},"categories":[8],"tags":[1832,4383,4546,5840,6921,931,5839,6922],"class_list":["post-10733","post","type-post","status-publish","format-standard","hentry","category-artes-plasticas","tag-benito-quinquela-martin","tag-carlos-alonso","tag-galerias-witcomb","tag-juan-carlos-castagnino","tag-leopoldo-presas","tag-marta-minujin","tag-raul-soldi","tag-vito-campanella"],"_links":{"self":[{"href":"http:\/\/cronicasyversiones.com\/index.php?rest_route=\/wp\/v2\/posts\/10733","targetHints":{"allow":["GET"]}}],"collection":[{"href":"http:\/\/cronicasyversiones.com\/index.php?rest_route=\/wp\/v2\/posts"}],"about":[{"href":"http:\/\/cronicasyversiones.com\/index.php?rest_route=\/wp\/v2\/types\/post"}],"author":[{"embeddable":true,"href":"http:\/\/cronicasyversiones.com\/index.php?rest_route=\/wp\/v2\/users\/5"}],"replies":[{"embeddable":true,"href":"http:\/\/cronicasyversiones.com\/index.php?rest_route=%2Fwp%2Fv2%2Fcomments&post=10733"}],"version-history":[{"count":0,"href":"http:\/\/cronicasyversiones.com\/index.php?rest_route=\/wp\/v2\/posts\/10733\/revisions"}],"wp:attachment":[{"href":"http:\/\/cronicasyversiones.com\/index.php?rest_route=%2Fwp%2Fv2%2Fmedia&parent=10733"}],"wp:term":[{"taxonomy":"category","embeddable":true,"href":"http:\/\/cronicasyversiones.com\/index.php?rest_route=%2Fwp%2Fv2%2Fcategories&post=10733"},{"taxonomy":"post_tag","embeddable":true,"href":"http:\/\/cronicasyversiones.com\/index.php?rest_route=%2Fwp%2Fv2%2Ftags&post=10733"}],"curies":[{"name":"wp","href":"https:\/\/api.w.org\/{rel}","templated":true}]}}