{"id":10747,"date":"2016-07-04T15:50:47","date_gmt":"2016-07-04T18:50:47","guid":{"rendered":"http:\/\/cronicasyversiones.com\/?p=10747"},"modified":"2016-07-04T15:50:47","modified_gmt":"2016-07-04T18:50:47","slug":"che-munay-una-fusion-de-funk-samba-folklore-flamenco-cumbia-y-country","status":"publish","type":"post","link":"http:\/\/cronicasyversiones.com\/?p=10747","title":{"rendered":"Che Munay, una fusi\u00f3n de funk, samba, folklore, flamenco, cumbia y country"},"content":{"rendered":"<div style=\"padding-bottom:20px; padding-top:10px;\" class=\"hupso-share-buttons\"><!-- Hupso Share Buttons - https:\/\/www.hupso.com\/share\/ --><a class=\"hupso_counters\" href=\"https:\/\/www.hupso.com\/share\/\"><img decoding=\"async\" src=\"http:\/\/static.hupso.com\/share\/buttons\/lang\/es\/share-small.png\" style=\"border:0px; padding-top:2px; float:left;\" alt=\"Share Button\"\/><\/a><script type=\"text\/javascript\">var hupso_services_c=new Array(\"twitter\",\"facebook_like\",\"google\");var hupso_counters_lang = \"es_LA\";var hupso_image_folder_url = \"\";var hupso_twitter_via=\"crsyvrs\";var hupso_url_c=\"\";<\/script><script type=\"text\/javascript\" src=\"http:\/\/static.hupso.com\/share\/js\/counters.js\"><\/script><!-- Hupso Share Buttons --><\/div><h2 style=\"text-align: justify;\">La banda, mientras le da los toques finales a su primer opus, saldr\u00e1 a escena en La Casa del \u00c1rbol y luego arrancan una gira por Formosa, Corrientes, Chaco y Santa Fe.<\/h2>\n<p style=\"text-align: justify;\"><img loading=\"lazy\" decoding=\"async\" class=\"aligncenter\" src=\"https:\/\/scontent.fgig1-4.fna.fbcdn.net\/v\/t1.0-9\/13254368_1099579733441216_2639205608846281072_n.jpg?oh=7c4448f66e378063706f5a40bc1a346c&amp;oe=57FF98E0\" width=\"751\" height=\"500\" \/><br \/>\n<strong>Che Munay<\/strong> es una banda que comienza a pisar fuerte en la escena nacional a partir de un estilo muy personal que recorre multiples g\u00e9neros musicales, como el<strong> funk, samba, folklore, flamenco, cumbia y country.<\/strong><\/p>\n<p style=\"text-align: justify;\">La banda trata de volcar sus inquietudes musicales en este proyecto formado a mediados del 2015 e integrado por <strong>Chiara Zanini,<\/strong> en guitarra y voz;<strong> Javier Ayala,<\/strong> en bajo y guitarra; <strong>Chevy Enriquez,<\/strong> en percusi\u00f3n y <strong>Mart\u00edn Lalli,<\/strong> en guitarra y bajo. Cada uno de ellos proviene de distintas ra\u00edces musicales y decidieron unirse para desarrollarlas con libertad.<\/p>\n<p style=\"text-align: justify;\">La banda pisar\u00e1 las tablas en s\u00e1bado 9 de julio en el espacio porte\u00f1o <strong>La Casa del \u00c1rbol,<\/strong> ubicado en Fitz Roy 2483, con el uruguayo <strong>Dami\u00e1n Gularte<\/strong> como m\u00fasico invitado.<\/p>\n<p style=\"text-align: justify;\">Anteriormente, este combo se present\u00f3 en distintos escenarios porte\u00f1o, como el Quetzal, La Casa del \u00c1rbol, en el Encuentro de Provincias en la Casa de Corrientes y tambi\u00e9n en Campana y en San Isidro, en la provincia de Buenos Aires. Tambi\u00e9n salieron a escena en Corrientes, Neuqu\u00e9n, Bariloche y El Bols\u00f3n.<\/p>\n<p style=\"text-align: justify;\">La banda realiz\u00f3 una gira internacional a fines de 2015 por Chile, brindando shows en Vi\u00f1a del Mar, Valpara\u00edso y Rancagua. Adem\u00e1s, durante este 2016, se presentaron en Espacio 37 junto a Vero Gerez (Peque\u00f1a Orquesta de Trovadores) y Lucia Gonz\u00e1lez en Uruguay.<\/p>\n<p style=\"text-align: justify;\">Su primer disco, titulado <em><strong>\u00abAfilar mi delirio\u00bb<\/strong><\/em>, se encuentra en los procesos finales de producci\u00f3n y estar\u00e1 listo para ser escuchado en el mes de julio.<\/p>\n<p style=\"text-align: justify;\">El disco, que cuenta con 11 canciones, <strong>inicia con un aire folk que luego va mutando hacia la m\u00fasica latina<\/strong> para terminar con canciones de un sonido mucho m\u00e1s ambiental, recreando una atm\u00f3sfera de paisajes de manera auditiva, haciendo una comuni\u00f3n perfecta entre lo visual y lo auditivo.<\/p>\n<p style=\"text-align: justify;\">Por otra parte, Che Munay est\u00e1 ultimando los detalles para su gira por el noroeste argentino en el mes de julio donde se presentar\u00e1n en <strong>Formosa, Corrientes, Chaco y Santa Fe.<\/strong><\/p>\n<p style=\"text-align: justify;\">\n<p><iframe loading=\"lazy\" src=\"https:\/\/www.youtube.com\/embed\/v8yQv4iAiZo?feature=player_embedded\" width=\"640\" height=\"360\" frameborder=\"0\" allowfullscreen=\"allowfullscreen\"><\/iframe><\/p>\n<div style=\"padding-bottom:20px; padding-top:10px;\" class=\"hupso-share-buttons\"><!-- Hupso Share Buttons - https:\/\/www.hupso.com\/share\/ --><a class=\"hupso_counters\" href=\"https:\/\/www.hupso.com\/share\/\"><img decoding=\"async\" src=\"http:\/\/static.hupso.com\/share\/buttons\/lang\/es\/share-small.png\" style=\"border:0px; padding-top:2px; float:left;\" alt=\"Share Button\"\/><\/a><script type=\"text\/javascript\">var hupso_services_c=new Array(\"twitter\",\"facebook_like\",\"google\");var hupso_counters_lang = \"es_LA\";var hupso_image_folder_url = \"\";var hupso_twitter_via=\"crsyvrs\";var hupso_url_c=\"\";<\/script><script type=\"text\/javascript\" src=\"http:\/\/static.hupso.com\/share\/js\/counters.js\"><\/script><!-- Hupso Share Buttons --><\/div> ","protected":false},"excerpt":{"rendered":"<div style=\"padding-bottom:20px; padding-top:10px;\" class=\"hupso-share-buttons\"><!-- Hupso Share Buttons - https:\/\/www.hupso.com\/share\/ --><a class=\"hupso_counters\" href=\"https:\/\/www.hupso.com\/share\/\"><img src=\"http:\/\/static.hupso.com\/share\/buttons\/lang\/es\/share-small.png\" style=\"border:0px; padding-top:2px; float:left;\" alt=\"Share Button\"\/><\/a><script type=\"text\/javascript\">var hupso_services_c=new Array(\"twitter\",\"facebook_like\",\"google\");var hupso_counters_lang = \"es_LA\";var hupso_image_folder_url = \"\";var hupso_twitter_via=\"crsyvrs\";var hupso_url_c=\"\";<\/script><script type=\"text\/javascript\" src=\"http:\/\/static.hupso.com\/share\/js\/counters.js\"><\/script><!-- Hupso Share Buttons --><\/div><p>La banda, mientras le da los toques finales a su primer opus, saldr\u00e1 a escena en La Casa del \u00c1rbol y luego arrancan una gira por Formosa, Corrientes, Chaco y Santa Fe. Che Munay es una banda que comienza&#46;&#46;&#46;<\/p>\n<div style=\"padding-bottom:20px; padding-top:10px;\" class=\"hupso-share-buttons\"><!-- Hupso Share Buttons - https:\/\/www.hupso.com\/share\/ --><a class=\"hupso_counters\" href=\"https:\/\/www.hupso.com\/share\/\"><img src=\"http:\/\/static.hupso.com\/share\/buttons\/lang\/es\/share-small.png\" style=\"border:0px; padding-top:2px; float:left;\" alt=\"Share Button\"\/><\/a><script type=\"text\/javascript\">var hupso_services_c=new Array(\"twitter\",\"facebook_like\",\"google\");var hupso_counters_lang = \"es_LA\";var hupso_image_folder_url = \"\";var hupso_twitter_via=\"crsyvrs\";var hupso_url_c=\"\";<\/script><script type=\"text\/javascript\" src=\"http:\/\/static.hupso.com\/share\/js\/counters.js\"><\/script><!-- Hupso Share Buttons --><\/div>","protected":false},"author":5,"featured_media":0,"comment_status":"open","ping_status":"closed","sticky":false,"template":"","format":"standard","meta":{"footnotes":""},"categories":[3],"tags":[6929,6932,6930,6931,6934,6933],"class_list":["post-10747","post","type-post","status-publish","format-standard","hentry","category-musica","tag-che-munay","tag-chevy-enriquez","tag-chiara-zanini","tag-javier-ayala","tag-la-casa-del-arbol","tag-martin-lalli"],"_links":{"self":[{"href":"http:\/\/cronicasyversiones.com\/index.php?rest_route=\/wp\/v2\/posts\/10747","targetHints":{"allow":["GET"]}}],"collection":[{"href":"http:\/\/cronicasyversiones.com\/index.php?rest_route=\/wp\/v2\/posts"}],"about":[{"href":"http:\/\/cronicasyversiones.com\/index.php?rest_route=\/wp\/v2\/types\/post"}],"author":[{"embeddable":true,"href":"http:\/\/cronicasyversiones.com\/index.php?rest_route=\/wp\/v2\/users\/5"}],"replies":[{"embeddable":true,"href":"http:\/\/cronicasyversiones.com\/index.php?rest_route=%2Fwp%2Fv2%2Fcomments&post=10747"}],"version-history":[{"count":0,"href":"http:\/\/cronicasyversiones.com\/index.php?rest_route=\/wp\/v2\/posts\/10747\/revisions"}],"wp:attachment":[{"href":"http:\/\/cronicasyversiones.com\/index.php?rest_route=%2Fwp%2Fv2%2Fmedia&parent=10747"}],"wp:term":[{"taxonomy":"category","embeddable":true,"href":"http:\/\/cronicasyversiones.com\/index.php?rest_route=%2Fwp%2Fv2%2Fcategories&post=10747"},{"taxonomy":"post_tag","embeddable":true,"href":"http:\/\/cronicasyversiones.com\/index.php?rest_route=%2Fwp%2Fv2%2Ftags&post=10747"}],"curies":[{"name":"wp","href":"https:\/\/api.w.org\/{rel}","templated":true}]}}