{"id":10783,"date":"2016-07-07T00:00:52","date_gmt":"2016-07-07T03:00:52","guid":{"rendered":"http:\/\/cronicasyversiones.com\/?p=10783"},"modified":"2016-07-07T06:58:48","modified_gmt":"2016-07-07T09:58:48","slug":"arranca-una-nueva-edicion-de-la-feria-del-libro-infantil-y-juvenil","status":"publish","type":"post","link":"http:\/\/cronicasyversiones.com\/?p=10783","title":{"rendered":"Arranca una nueva edici\u00f3n de la Feria del Libro Infantil y Juvenil"},"content":{"rendered":"<div style=\"padding-bottom:20px; padding-top:10px;\" class=\"hupso-share-buttons\"><!-- Hupso Share Buttons - https:\/\/www.hupso.com\/share\/ --><a class=\"hupso_counters\" href=\"https:\/\/www.hupso.com\/share\/\"><img decoding=\"async\" src=\"http:\/\/static.hupso.com\/share\/buttons\/lang\/es\/share-small.png\" style=\"border:0px; padding-top:2px; float:left;\" alt=\"Share Button\"\/><\/a><script type=\"text\/javascript\">var hupso_services_c=new Array(\"twitter\",\"facebook_like\",\"google\");var hupso_counters_lang = \"es_LA\";var hupso_image_folder_url = \"\";var hupso_twitter_via=\"crsyvrs\";var hupso_url_c=\"\";<\/script><script type=\"text\/javascript\" src=\"http:\/\/static.hupso.com\/share\/js\/counters.js\"><\/script><!-- Hupso Share Buttons --><\/div><h2 style=\"text-align: justify;\">La 26\u00b0 edici\u00f3n de esta cita literaria tendr\u00e1 ejemplares a mitad de precio talleres art\u00edsticos, obras teatrales, musicales y cuentacuentos, entre otras actividades.<\/h2>\n<p><img loading=\"lazy\" decoding=\"async\" class=\"aligncenter\" src=\"http:\/\/cdn.educ.ar\/repositorio\/imagen\/ver?image_id=6ae9e1ed-e792-492d-af3d-ab3a1f4e619b\" width=\"587\" height=\"391\" \/><\/p>\n<p>El lunes 11 de julio comienza la 26\u00b0 <strong>Feria del Libro Infantil y Juvenil<\/strong>, una de las propuestas m\u00e1s interesantes de las vacaciones de invierno a partir de los cl\u00e1sicos talleres art\u00edsticos, obras teatrales, musicales y cuentacuentos, la oferta de m\u00e1s de un centenar de sellos, jornadas booktubers y venta de libros a mitad de precio para bibliotecas populares.<\/p>\n<p>Con entrada libre y gratuita para todas las edades, en esta oportunidad la cita se realizar\u00e1 en el <strong>CCK,<\/strong> Sarmiento 151, de la Ciudad de Buenos Aires del 11 al 31 de julio, y por tercer a\u00f1o consecutivo <strong>Tecn\u00f3polis <\/strong>ser\u00e1 la sede en la Provincia de Buenos Aires, que tendr\u00e1 su apertura el s\u00e1bado 16.<\/p>\n<p>Como siempre la Feria, en sus dos predios, tendr\u00e1 actividades para los m\u00e1s bajitos, como teatro, m\u00fasica, narraciones, talleres de ciencias y de arte. Adem\u00e1s, habr\u00e1 <strong>firma de ejemplares por los autores.<\/strong><\/p>\n<p>Por su parte, en la sede CCK se realizar\u00e1 el <strong>7\u00b0 Festival de Historieta<\/strong> durante \u00a0el 30 y 31 de julio, coordinado por <strong>Luciano Saracino.<\/strong><\/p>\n<p>Adem\u00e1s, como es tradicional, se entregar\u00e1n los <strong>Premios Pregonero<\/strong>, cuyo objetivo es dar p\u00fablico reconocimiento a los difusores de la literatura infantil y juvenil argentina, quienes desarrollan su vocaci\u00f3n de manera persistente y, a veces silenciosa, desde sus diferentes \u00e1mbitos de trabajo.<\/p>\n<p>Mientras que la sede CCK recibir\u00e1 adem\u00e1s visitas de escuelas y entidades comunitarias y recreativas del 11 al 15 de julio, durante la \u00faltima semana de clases antes del inicio del receso invernal, para las cuales hace falta anotarse previamente en el sitio de Internet de la Fundaci\u00f3n El Libro: <em>www.el-libro.org.ar, o llamar por tel\u00e9fono al 011 4370-0600, extensi\u00f3n 115.<\/em><\/p>\n<p><strong>Sedes y horarios:<\/strong><\/p>\n<p><strong>CCK<\/strong> (ex Correo Central): Sarmiento 151, Ciudad de Buenos Aires.<\/p>\n<p>Fecha: 11 al 31 de julio de 2016.<\/p>\n<p>Horarios: \u00a011 al 15 de julio de 9 a 18. 16 al 31 de julio. D\u00edas de semana de 11 a 20 y fines de semana de 13 a 20.<\/p>\n<p><strong>Tecn\u00f3polis<\/strong>,\u00a0 Avenida General Paz entre Balb\u00edn y Constituyentes, Provincia de Buenos Aires.<\/p>\n<p>Fecha: 16 al 31 de julio de 2016.<\/p>\n<p>Horario: todos los d\u00edas de 12 a 20.<\/p>\n<p>Adem\u00e1s, del 18 al 31 de julio la 26.\u00b0 Feria del Libro Infantil y Juvenil auspicia la programaci\u00f3n de la Casa de la Cultura en la Villa 21-24.<\/p>\n<p>&nbsp;<\/p>\n<p>&nbsp;<\/p>\n<div style=\"padding-bottom:20px; padding-top:10px;\" class=\"hupso-share-buttons\"><!-- Hupso Share Buttons - https:\/\/www.hupso.com\/share\/ --><a class=\"hupso_counters\" href=\"https:\/\/www.hupso.com\/share\/\"><img decoding=\"async\" src=\"http:\/\/static.hupso.com\/share\/buttons\/lang\/es\/share-small.png\" style=\"border:0px; padding-top:2px; float:left;\" alt=\"Share Button\"\/><\/a><script type=\"text\/javascript\">var hupso_services_c=new Array(\"twitter\",\"facebook_like\",\"google\");var hupso_counters_lang = \"es_LA\";var hupso_image_folder_url = \"\";var hupso_twitter_via=\"crsyvrs\";var hupso_url_c=\"\";<\/script><script type=\"text\/javascript\" src=\"http:\/\/static.hupso.com\/share\/js\/counters.js\"><\/script><!-- Hupso Share Buttons --><\/div> ","protected":false},"excerpt":{"rendered":"<div style=\"padding-bottom:20px; padding-top:10px;\" class=\"hupso-share-buttons\"><!-- Hupso Share Buttons - https:\/\/www.hupso.com\/share\/ --><a class=\"hupso_counters\" href=\"https:\/\/www.hupso.com\/share\/\"><img src=\"http:\/\/static.hupso.com\/share\/buttons\/lang\/es\/share-small.png\" style=\"border:0px; padding-top:2px; float:left;\" alt=\"Share Button\"\/><\/a><script type=\"text\/javascript\">var hupso_services_c=new Array(\"twitter\",\"facebook_like\",\"google\");var hupso_counters_lang = \"es_LA\";var hupso_image_folder_url = \"\";var hupso_twitter_via=\"crsyvrs\";var hupso_url_c=\"\";<\/script><script type=\"text\/javascript\" src=\"http:\/\/static.hupso.com\/share\/js\/counters.js\"><\/script><!-- Hupso Share Buttons --><\/div><p>La 26\u00b0 edici\u00f3n de esta cita literaria tendr\u00e1 ejemplares a mitad de precio talleres art\u00edsticos, obras teatrales, musicales y cuentacuentos, entre otras actividades. El lunes 11 de julio comienza la 26\u00b0 Feria del Libro Infantil y Juvenil, una de&#46;&#46;&#46;<\/p>\n<div style=\"padding-bottom:20px; padding-top:10px;\" class=\"hupso-share-buttons\"><!-- Hupso Share Buttons - https:\/\/www.hupso.com\/share\/ --><a class=\"hupso_counters\" href=\"https:\/\/www.hupso.com\/share\/\"><img src=\"http:\/\/static.hupso.com\/share\/buttons\/lang\/es\/share-small.png\" style=\"border:0px; padding-top:2px; float:left;\" alt=\"Share Button\"\/><\/a><script type=\"text\/javascript\">var hupso_services_c=new Array(\"twitter\",\"facebook_like\",\"google\");var hupso_counters_lang = \"es_LA\";var hupso_image_folder_url = \"\";var hupso_twitter_via=\"crsyvrs\";var hupso_url_c=\"\";<\/script><script type=\"text\/javascript\" src=\"http:\/\/static.hupso.com\/share\/js\/counters.js\"><\/script><!-- Hupso Share Buttons --><\/div>","protected":false},"author":5,"featured_media":0,"comment_status":"open","ping_status":"closed","sticky":false,"template":"","format":"standard","meta":{"footnotes":""},"categories":[7],"tags":[6950,2262,1278],"class_list":["post-10783","post","type-post","status-publish","format-standard","hentry","category-literatura","tag-cck","tag-feria-del-libro-infantil-y-juvenil","tag-tecnopolis"],"_links":{"self":[{"href":"http:\/\/cronicasyversiones.com\/index.php?rest_route=\/wp\/v2\/posts\/10783","targetHints":{"allow":["GET"]}}],"collection":[{"href":"http:\/\/cronicasyversiones.com\/index.php?rest_route=\/wp\/v2\/posts"}],"about":[{"href":"http:\/\/cronicasyversiones.com\/index.php?rest_route=\/wp\/v2\/types\/post"}],"author":[{"embeddable":true,"href":"http:\/\/cronicasyversiones.com\/index.php?rest_route=\/wp\/v2\/users\/5"}],"replies":[{"embeddable":true,"href":"http:\/\/cronicasyversiones.com\/index.php?rest_route=%2Fwp%2Fv2%2Fcomments&post=10783"}],"version-history":[{"count":0,"href":"http:\/\/cronicasyversiones.com\/index.php?rest_route=\/wp\/v2\/posts\/10783\/revisions"}],"wp:attachment":[{"href":"http:\/\/cronicasyversiones.com\/index.php?rest_route=%2Fwp%2Fv2%2Fmedia&parent=10783"}],"wp:term":[{"taxonomy":"category","embeddable":true,"href":"http:\/\/cronicasyversiones.com\/index.php?rest_route=%2Fwp%2Fv2%2Fcategories&post=10783"},{"taxonomy":"post_tag","embeddable":true,"href":"http:\/\/cronicasyversiones.com\/index.php?rest_route=%2Fwp%2Fv2%2Ftags&post=10783"}],"curies":[{"name":"wp","href":"https:\/\/api.w.org\/{rel}","templated":true}]}}