{"id":10886,"date":"2016-07-18T00:02:44","date_gmt":"2016-07-18T03:02:44","guid":{"rendered":"http:\/\/cronicasyversiones.com\/?p=10886"},"modified":"2016-07-17T19:52:31","modified_gmt":"2016-07-17T22:52:31","slug":"arranca-la-tercera-temporada-de-sr-avila","status":"publish","type":"post","link":"http:\/\/cronicasyversiones.com\/?p=10886","title":{"rendered":"Arranca la tercera temporada de \u00abSr. Avila\u00bb"},"content":{"rendered":"<div style=\"padding-bottom:20px; padding-top:10px;\" class=\"hupso-share-buttons\"><!-- Hupso Share Buttons - https:\/\/www.hupso.com\/share\/ --><a class=\"hupso_counters\" href=\"https:\/\/www.hupso.com\/share\/\"><img decoding=\"async\" src=\"http:\/\/static.hupso.com\/share\/buttons\/lang\/es\/share-small.png\" style=\"border:0px; padding-top:2px; float:left;\" alt=\"Share Button\"\/><\/a><script type=\"text\/javascript\">var hupso_services_c=new Array(\"twitter\",\"facebook_like\",\"google\");var hupso_counters_lang = \"es_LA\";var hupso_image_folder_url = \"\";var hupso_twitter_via=\"crsyvrs\";var hupso_url_c=\"\";<\/script><script type=\"text\/javascript\" src=\"http:\/\/static.hupso.com\/share\/js\/counters.js\"><\/script><!-- Hupso Share Buttons --><\/div><h2 style=\"text-align: justify;\">En los nuevos episodios, este asesino a sueldo va a tomar posesi\u00f3n de su nuevo cargo como Se\u00f1or de Se\u00f1ores, despu\u00e9s de haber eliminado a su antecesor.<\/h2>\n<p style=\"text-align: justify;\"><img loading=\"lazy\" decoding=\"async\" class=\"aligncenter\" src=\"http:\/\/max.impressa.co\/wp-content\/uploads\/2016\/05\/sr-avila-3.jpg?8bf49f\" width=\"770\" height=\"458\" \/><br \/>\nLa tercera temporada de <em><strong>\u00abSr. \u00c1vila\u00bb<\/strong><\/em> se estrenar\u00e1 en la Argentina y por primera vez en simult\u00e1neo con los Estados Unidos el domingo 24 de julio a las 21 por de <strong>HBO Latin Am\u00e9rica.<\/strong><\/p>\n<p style=\"text-align: justify;\">La serie protagonizada por <strong>Tony Dalton,<\/strong> relata la historia de \u00c1vila, <strong>un asesino a sueldo,<\/strong> y la doble vida que mantiene para convivir con sus propios demonios.<\/p>\n<p style=\"text-align: justify;\">Compuesta por una decena de episodios de una hora de duraci\u00f3n, la tercera temporada regresa con la carrera de \u00c1vila en ascenso a tomar posesi\u00f3n de su nuevo cargo como <strong>Se\u00f1or de Se\u00f1ores,<\/strong> despu\u00e9s de haber eliminado a su antecesor, el cura que por a\u00f1os fue su gu\u00eda y confidente.<\/p>\n<p style=\"text-align: justify;\">Las personas cercanas a \u00c1vila tendr\u00e1n adem\u00e1s que lidiar en esta nueva temporada con nuevos personajes. Iv\u00e1n, su asesor y mano derecha, tendr\u00e1 ahora que competir por su atenci\u00f3n con <strong>Linares,<\/strong> el asesor del<strong> antiguo Se\u00f1or de los Se\u00f1ores<\/strong> quien pasa a servir a \u00c1vila.<\/p>\n<p style=\"text-align: justify;\">Ana, quien sigue como empleada en la funeraria y c\u00f3mplice del negocio con Iv\u00e1n y \u00c1vila, se enfrenta con su madre, Arcelia, y los secretos que ambas guardan sobre su pasado. Por su parte, <strong>el detective S\u00e1nchez<\/strong>, recuper\u00e1ndose del asesinato de su colega, debe reincorporarse al trabajo con un nuevo compa\u00f1ero, el Buitre, con quien comparte algo m\u00e1s que gustos.<\/p>\n<p style=\"text-align: justify;\">Adem\u00e1s de Dalton, el reparto de esta temporada est\u00e1 conformado por Carlos Arag\u00f3n como Iv\u00e1n, Miguel Pizarro como Linares, Juan Carlos Remolina como S\u00e1nchez, Camila Selser como Ana, Eduardo Arroyuelo como el Buitre, Hern\u00e1n Mendoza como Ybarra y Fernando Ciangherotti como el Dr. Duarte, entre otros, bajo la direcci\u00f3n de <strong>Fernando Rovzar.<\/strong><\/p>\n<div style=\"padding-bottom:20px; padding-top:10px;\" class=\"hupso-share-buttons\"><!-- Hupso Share Buttons - https:\/\/www.hupso.com\/share\/ --><a class=\"hupso_counters\" href=\"https:\/\/www.hupso.com\/share\/\"><img decoding=\"async\" src=\"http:\/\/static.hupso.com\/share\/buttons\/lang\/es\/share-small.png\" style=\"border:0px; padding-top:2px; float:left;\" alt=\"Share Button\"\/><\/a><script type=\"text\/javascript\">var hupso_services_c=new Array(\"twitter\",\"facebook_like\",\"google\");var hupso_counters_lang = \"es_LA\";var hupso_image_folder_url = \"\";var hupso_twitter_via=\"crsyvrs\";var hupso_url_c=\"\";<\/script><script type=\"text\/javascript\" src=\"http:\/\/static.hupso.com\/share\/js\/counters.js\"><\/script><!-- Hupso Share Buttons --><\/div> ","protected":false},"excerpt":{"rendered":"<div style=\"padding-bottom:20px; padding-top:10px;\" class=\"hupso-share-buttons\"><!-- Hupso Share Buttons - https:\/\/www.hupso.com\/share\/ --><a class=\"hupso_counters\" href=\"https:\/\/www.hupso.com\/share\/\"><img src=\"http:\/\/static.hupso.com\/share\/buttons\/lang\/es\/share-small.png\" style=\"border:0px; padding-top:2px; float:left;\" alt=\"Share Button\"\/><\/a><script type=\"text\/javascript\">var hupso_services_c=new Array(\"twitter\",\"facebook_like\",\"google\");var hupso_counters_lang = \"es_LA\";var hupso_image_folder_url = \"\";var hupso_twitter_via=\"crsyvrs\";var hupso_url_c=\"\";<\/script><script type=\"text\/javascript\" src=\"http:\/\/static.hupso.com\/share\/js\/counters.js\"><\/script><!-- Hupso Share Buttons --><\/div><p>En los nuevos episodios, este asesino a sueldo va a tomar posesi\u00f3n de su nuevo cargo como Se\u00f1or de Se\u00f1ores, despu\u00e9s de haber eliminado a su antecesor. La tercera temporada de \u00abSr. \u00c1vila\u00bb se estrenar\u00e1 en la Argentina y&#46;&#46;&#46;<\/p>\n<div style=\"padding-bottom:20px; padding-top:10px;\" class=\"hupso-share-buttons\"><!-- Hupso Share Buttons - https:\/\/www.hupso.com\/share\/ --><a class=\"hupso_counters\" href=\"https:\/\/www.hupso.com\/share\/\"><img src=\"http:\/\/static.hupso.com\/share\/buttons\/lang\/es\/share-small.png\" style=\"border:0px; padding-top:2px; float:left;\" alt=\"Share Button\"\/><\/a><script type=\"text\/javascript\">var hupso_services_c=new Array(\"twitter\",\"facebook_like\",\"google\");var hupso_counters_lang = \"es_LA\";var hupso_image_folder_url = \"\";var hupso_twitter_via=\"crsyvrs\";var hupso_url_c=\"\";<\/script><script type=\"text\/javascript\" src=\"http:\/\/static.hupso.com\/share\/js\/counters.js\"><\/script><!-- Hupso Share Buttons --><\/div>","protected":false},"author":5,"featured_media":0,"comment_status":"open","ping_status":"closed","sticky":false,"template":"","format":"standard","meta":{"footnotes":""},"categories":[6],"tags":[1003,2959,2960],"class_list":["post-10886","post","type-post","status-publish","format-standard","hentry","category-radio-y-tv","tag-hbo","tag-sr-avila","tag-tony-dalton"],"_links":{"self":[{"href":"http:\/\/cronicasyversiones.com\/index.php?rest_route=\/wp\/v2\/posts\/10886","targetHints":{"allow":["GET"]}}],"collection":[{"href":"http:\/\/cronicasyversiones.com\/index.php?rest_route=\/wp\/v2\/posts"}],"about":[{"href":"http:\/\/cronicasyversiones.com\/index.php?rest_route=\/wp\/v2\/types\/post"}],"author":[{"embeddable":true,"href":"http:\/\/cronicasyversiones.com\/index.php?rest_route=\/wp\/v2\/users\/5"}],"replies":[{"embeddable":true,"href":"http:\/\/cronicasyversiones.com\/index.php?rest_route=%2Fwp%2Fv2%2Fcomments&post=10886"}],"version-history":[{"count":0,"href":"http:\/\/cronicasyversiones.com\/index.php?rest_route=\/wp\/v2\/posts\/10886\/revisions"}],"wp:attachment":[{"href":"http:\/\/cronicasyversiones.com\/index.php?rest_route=%2Fwp%2Fv2%2Fmedia&parent=10886"}],"wp:term":[{"taxonomy":"category","embeddable":true,"href":"http:\/\/cronicasyversiones.com\/index.php?rest_route=%2Fwp%2Fv2%2Fcategories&post=10886"},{"taxonomy":"post_tag","embeddable":true,"href":"http:\/\/cronicasyversiones.com\/index.php?rest_route=%2Fwp%2Fv2%2Ftags&post=10886"}],"curies":[{"name":"wp","href":"https:\/\/api.w.org\/{rel}","templated":true}]}}