{"id":1127,"date":"2014-03-11T12:40:23","date_gmt":"2014-03-11T12:40:23","guid":{"rendered":"http:\/\/cronicasyversiones.com\/?p=1127"},"modified":"2014-03-11T12:40:23","modified_gmt":"2014-03-11T12:40:23","slug":"cuatro-publicaciones-de-gabriela-mistral-ganaron-el-premio-libro-mas-bello-de-unesco","status":"publish","type":"post","link":"http:\/\/cronicasyversiones.com\/?p=1127","title":{"rendered":"Cuatro publicaciones de Gabriela Mistral ganaron el premio \u201cLibro m\u00e1s bello\u201d de UNESCO"},"content":{"rendered":"<div style=\"padding-bottom:20px; padding-top:10px;\" class=\"hupso-share-buttons\"><!-- Hupso Share Buttons - https:\/\/www.hupso.com\/share\/ --><a class=\"hupso_counters\" href=\"https:\/\/www.hupso.com\/share\/\"><img decoding=\"async\" src=\"http:\/\/static.hupso.com\/share\/buttons\/lang\/es\/share-small.png\" style=\"border:0px; padding-top:2px; float:left;\" alt=\"Share Button\"\/><\/a><script type=\"text\/javascript\">var hupso_services_c=new Array(\"twitter\",\"facebook_like\",\"google\");var hupso_counters_lang = \"es_LA\";var hupso_image_folder_url = \"\";var hupso_twitter_via=\"crsyvrs\";var hupso_url_c=\"\";<\/script><script type=\"text\/javascript\" src=\"http:\/\/static.hupso.com\/share\/js\/counters.js\"><\/script><!-- Hupso Share Buttons --><\/div><h2 style=\"text-align: justify;\">Pertenecen a la colecci\u00f3n \u201cPoes\u00eda Ilustrada\u201d de la escritora chilena y narran en verso los cuentos para ni\u00f1os \u201cLa Cenicienta\u201d, \u201cLa Bella Durmiente\u201d, \u201cBlancanieves\u201d y \u201cCaperucita Roja\u201d.<\/h2>\n<p><a href=\"http:\/\/cronicasyversiones.com\/wp-content\/uploads\/2014\/03\/mistral_142325.jpg\"><img loading=\"lazy\" decoding=\"async\" class=\"size-full wp-image-1129 aligncenter\" alt=\"mistral_142325\" src=\"http:\/\/cronicasyversiones.com\/wp-content\/uploads\/2014\/03\/mistral_142325.jpg\" width=\"600\" height=\"400\" srcset=\"http:\/\/cronicasyversiones.com\/wp-content\/uploads\/2014\/03\/mistral_142325.jpg 600w, http:\/\/cronicasyversiones.com\/wp-content\/uploads\/2014\/03\/mistral_142325-300x200.jpg 300w\" sizes=\"auto, (max-width: 600px) 100vw, 600px\" \/><\/a><\/p>\n<p style=\"text-align: justify;\">Cuatro libros ilustrados con poes\u00edas de <strong>Gabriela Mistral<\/strong> ganaron el premio <em><strong>\u201cEl libro m\u00e1s bello\u201d<\/strong><\/em>, seg\u00fan anunciaron desde la comisi\u00f3n alemana de la <strong>UNESCO<\/strong> y la Fundaci\u00f3n de las Artes Gr\u00e1ficas.<\/p>\n<p>Las cuatro publicaciones de la poetisa chilena pertenecen a la colecci\u00f3n <em><strong>\u201cPoes\u00eda Ilustrada\u201d<\/strong><\/em> y narran en verso los cuentos para ni\u00f1os <em><strong>\u201cLa Cenicienta\u201d, \u201cLa Bella Durmiente\u201d, \u201cBlancanieves\u201d y \u201cCaperucita Roja\u201d<\/strong><\/em>.<\/p>\n<p>El premio ser\u00e1 entregado el 14 de marzo en la <strong>Feria del Libro de Leipzig<\/strong> a Amanuta, editora de los libros, por Walter Hirche, el presidente de la comisi\u00f3n alemana de la UNESCO.<\/p>\n<p>\u201cLos cuentos de la colecci\u00f3n \u201cPoes\u00eda Ilustrada\u201d impresionan especialmente por el detalle de sus ilustraciones y la l\u00edrica de sus textos\u201d, indica el jurado en su fallo.<\/p>\n<p>Las poes\u00edas acompa\u00f1adas de las ilustraciones de distintos artistas de \u201cfirma chilena\u201d le otorgan adem\u00e1s una nueva interpretaci\u00f3n d\u00e1ndole, se\u00f1alan, <strong>\u201cuna atractiva unidad\u201d.<\/strong><\/p>\n<p>El premio <em><strong>\u201cEl libro m\u00e1s bello\u201d<\/strong> <\/em>comenz\u00f3 a otorgarse en 1973 por la Rep\u00fablica Democr\u00e1tica Alemana (RDA) en Berl\u00edn Oriental y se traspas\u00f3 en 1991, tras la reunificaci\u00f3n, a la comisi\u00f3n alemana de la UNESCO y a la Fundaci\u00f3n de las Artes Gr\u00e1ficas.<\/p>\n<p>A partir de ese momento, esta distinci\u00f3n se entrega a publicaciones de pa\u00edses con dificultades editoriales, siguiendo criterios como el dise\u00f1o, los gr\u00e1ficos o la edici\u00f3n.<\/p>\n<div style=\"padding-bottom:20px; padding-top:10px;\" class=\"hupso-share-buttons\"><!-- Hupso Share Buttons - https:\/\/www.hupso.com\/share\/ --><a class=\"hupso_counters\" href=\"https:\/\/www.hupso.com\/share\/\"><img decoding=\"async\" src=\"http:\/\/static.hupso.com\/share\/buttons\/lang\/es\/share-small.png\" style=\"border:0px; padding-top:2px; float:left;\" alt=\"Share Button\"\/><\/a><script type=\"text\/javascript\">var hupso_services_c=new Array(\"twitter\",\"facebook_like\",\"google\");var hupso_counters_lang = \"es_LA\";var hupso_image_folder_url = \"\";var hupso_twitter_via=\"crsyvrs\";var hupso_url_c=\"\";<\/script><script type=\"text\/javascript\" src=\"http:\/\/static.hupso.com\/share\/js\/counters.js\"><\/script><!-- Hupso Share Buttons --><\/div> ","protected":false},"excerpt":{"rendered":"<div style=\"padding-bottom:20px; padding-top:10px;\" class=\"hupso-share-buttons\"><!-- Hupso Share Buttons - https:\/\/www.hupso.com\/share\/ --><a class=\"hupso_counters\" href=\"https:\/\/www.hupso.com\/share\/\"><img src=\"http:\/\/static.hupso.com\/share\/buttons\/lang\/es\/share-small.png\" style=\"border:0px; padding-top:2px; float:left;\" alt=\"Share Button\"\/><\/a><script type=\"text\/javascript\">var hupso_services_c=new Array(\"twitter\",\"facebook_like\",\"google\");var hupso_counters_lang = \"es_LA\";var hupso_image_folder_url = \"\";var hupso_twitter_via=\"crsyvrs\";var hupso_url_c=\"\";<\/script><script type=\"text\/javascript\" src=\"http:\/\/static.hupso.com\/share\/js\/counters.js\"><\/script><!-- Hupso Share Buttons --><\/div><p>Pertenecen a la colecci\u00f3n \u201cPoes\u00eda Ilustrada\u201d de la escritora chilena y narran en verso los cuentos para ni\u00f1os \u201cLa Cenicienta\u201d, \u201cLa Bella Durmiente\u201d, \u201cBlancanieves\u201d y \u201cCaperucita Roja\u201d. Cuatro libros ilustrados con poes\u00edas de Gabriela Mistral ganaron el premio \u201cEl&#46;&#46;&#46;<\/p>\n<div style=\"padding-bottom:20px; padding-top:10px;\" class=\"hupso-share-buttons\"><!-- Hupso Share Buttons - https:\/\/www.hupso.com\/share\/ --><a class=\"hupso_counters\" href=\"https:\/\/www.hupso.com\/share\/\"><img src=\"http:\/\/static.hupso.com\/share\/buttons\/lang\/es\/share-small.png\" style=\"border:0px; padding-top:2px; float:left;\" alt=\"Share Button\"\/><\/a><script type=\"text\/javascript\">var hupso_services_c=new Array(\"twitter\",\"facebook_like\",\"google\");var hupso_counters_lang = \"es_LA\";var hupso_image_folder_url = \"\";var hupso_twitter_via=\"crsyvrs\";var hupso_url_c=\"\";<\/script><script type=\"text\/javascript\" src=\"http:\/\/static.hupso.com\/share\/js\/counters.js\"><\/script><!-- Hupso Share Buttons --><\/div>","protected":false},"author":5,"featured_media":1129,"comment_status":"open","ping_status":"open","sticky":false,"template":"","format":"standard","meta":{"footnotes":""},"categories":[7],"tags":[16,983,981,984,982,987,988,986,985],"class_list":["post-1127","post","type-post","status-publish","format-standard","has-post-thumbnail","hentry","category-literatura","tag-cronicas-y-versiones","tag-el-libro-mas-bello","tag-gabriela-mistral","tag-poesia-ilustrada","tag-unesco","tag-blancanieves","tag-caperucita-roja","tag-la-bella-durmiente","tag-la-cenicienta"],"_links":{"self":[{"href":"http:\/\/cronicasyversiones.com\/index.php?rest_route=\/wp\/v2\/posts\/1127","targetHints":{"allow":["GET"]}}],"collection":[{"href":"http:\/\/cronicasyversiones.com\/index.php?rest_route=\/wp\/v2\/posts"}],"about":[{"href":"http:\/\/cronicasyversiones.com\/index.php?rest_route=\/wp\/v2\/types\/post"}],"author":[{"embeddable":true,"href":"http:\/\/cronicasyversiones.com\/index.php?rest_route=\/wp\/v2\/users\/5"}],"replies":[{"embeddable":true,"href":"http:\/\/cronicasyversiones.com\/index.php?rest_route=%2Fwp%2Fv2%2Fcomments&post=1127"}],"version-history":[{"count":0,"href":"http:\/\/cronicasyversiones.com\/index.php?rest_route=\/wp\/v2\/posts\/1127\/revisions"}],"wp:featuredmedia":[{"embeddable":true,"href":"http:\/\/cronicasyversiones.com\/index.php?rest_route=\/wp\/v2\/media\/1129"}],"wp:attachment":[{"href":"http:\/\/cronicasyversiones.com\/index.php?rest_route=%2Fwp%2Fv2%2Fmedia&parent=1127"}],"wp:term":[{"taxonomy":"category","embeddable":true,"href":"http:\/\/cronicasyversiones.com\/index.php?rest_route=%2Fwp%2Fv2%2Fcategories&post=1127"},{"taxonomy":"post_tag","embeddable":true,"href":"http:\/\/cronicasyversiones.com\/index.php?rest_route=%2Fwp%2Fv2%2Ftags&post=1127"}],"curies":[{"name":"wp","href":"https:\/\/api.w.org\/{rel}","templated":true}]}}