{"id":11331,"date":"2016-08-12T00:01:22","date_gmt":"2016-08-12T03:01:22","guid":{"rendered":"http:\/\/cronicasyversiones.com\/?p=11331"},"modified":"2016-08-11T23:14:49","modified_gmt":"2016-08-12T02:14:49","slug":"catherine-deneuve-y-gerard-depardieu-vuelven-a-compartir-cartel","status":"publish","type":"post","link":"http:\/\/cronicasyversiones.com\/?p=11331","title":{"rendered":"Catherine Deneuve y G\u00e9rard Depardieu vuelven a compartir cartel"},"content":{"rendered":"<div style=\"padding-bottom:20px; padding-top:10px;\" class=\"hupso-share-buttons\"><!-- Hupso Share Buttons - https:\/\/www.hupso.com\/share\/ --><a class=\"hupso_counters\" href=\"https:\/\/www.hupso.com\/share\/\"><img decoding=\"async\" src=\"http:\/\/static.hupso.com\/share\/buttons\/lang\/es\/share-small.png\" style=\"border:0px; padding-top:2px; float:left;\" alt=\"Share Button\"\/><\/a><script type=\"text\/javascript\">var hupso_services_c=new Array(\"twitter\",\"facebook_like\",\"google\");var hupso_counters_lang = \"es_LA\";var hupso_image_folder_url = \"\";var hupso_twitter_via=\"crsyvrs\";var hupso_url_c=\"\";<\/script><script type=\"text\/javascript\" src=\"http:\/\/static.hupso.com\/share\/js\/counters.js\"><\/script><!-- Hupso Share Buttons --><\/div><h2 style=\"text-align: justify;\">Esta pareja ic\u00f3nica de la filmograf\u00eda francesa \u00a0regresar\u00e1 a formar parte del mismo elenco por novena vez en cuatro d\u00e9cadas en \u201cBonne Pomme\u201d.<\/h2>\n<p><img loading=\"lazy\" decoding=\"async\" class=\"aligncenter\" src=\"http:\/\/cineplex.media.baselineresearch.com\/images\/97296\/97296_full.jpg\" width=\"763\" height=\"534\" \/><\/p>\n<p><strong>Catherine Deneuve y G\u00e9rard Depardieu,<\/strong> una pareja ic\u00f3nica de la filmograf\u00eda francesa, volver\u00e1n a compartir elenco por novena vez en cuatro d\u00e9cadas en <strong><em>\u201cBonne Pomme\u201d, <\/em><\/strong>un film que comenzar\u00e1 en breve a rodar sus primeras im\u00e1genes.<\/p>\n<p style=\"text-align: justify;\">La pel\u00edcula, dirigida bajo la lente de <strong>Florence Quentin<\/strong>, recupera a dos int\u00e9rpretes que actuaron juntos por primera vez en 1980 en <strong><em>\u201cLe Dernier M\u00e9tro\u201d,<\/em><\/strong> de Fran\u00e7ois Truffaut.<\/p>\n<p style=\"text-align: justify;\">Esta dupla de actores galos formaron parte del mismo reparto en <strong><em>\u201cPotiche\u201d<\/em><\/strong> (2010), de Fran\u00e7ois Ozon, y <strong><em>\u201cAst\u00e9rix et Ob\u00e9lix\u201d<\/em><\/strong> (2012), de Laurent Tirard.<\/p>\n<p style=\"text-align: justify;\">Catherine \u00a0Deneuve se pondr\u00e1 en la piel de la gerente de una posada rural que le da albergue en forma temporal a Depardieu, que encarnar\u00e1 un mec\u00e1nico cansado de ser un \u201cbuenazo\u201d.<\/p>\n<p style=\"text-align: justify;\">El rodaje de esta \u201ccomedia po\u00e9tica\u201d arrancar\u00e1 el pr\u00f3ximo 22 de agosto en Par\u00eds y continuar\u00e1 durante un par de meses.<\/p>\n<div style=\"padding-bottom:20px; padding-top:10px;\" class=\"hupso-share-buttons\"><!-- Hupso Share Buttons - https:\/\/www.hupso.com\/share\/ --><a class=\"hupso_counters\" href=\"https:\/\/www.hupso.com\/share\/\"><img decoding=\"async\" src=\"http:\/\/static.hupso.com\/share\/buttons\/lang\/es\/share-small.png\" style=\"border:0px; padding-top:2px; float:left;\" alt=\"Share Button\"\/><\/a><script type=\"text\/javascript\">var hupso_services_c=new Array(\"twitter\",\"facebook_like\",\"google\");var hupso_counters_lang = \"es_LA\";var hupso_image_folder_url = \"\";var hupso_twitter_via=\"crsyvrs\";var hupso_url_c=\"\";<\/script><script type=\"text\/javascript\" src=\"http:\/\/static.hupso.com\/share\/js\/counters.js\"><\/script><!-- Hupso Share Buttons --><\/div> ","protected":false},"excerpt":{"rendered":"<div style=\"padding-bottom:20px; padding-top:10px;\" class=\"hupso-share-buttons\"><!-- Hupso Share Buttons - https:\/\/www.hupso.com\/share\/ --><a class=\"hupso_counters\" href=\"https:\/\/www.hupso.com\/share\/\"><img src=\"http:\/\/static.hupso.com\/share\/buttons\/lang\/es\/share-small.png\" style=\"border:0px; padding-top:2px; float:left;\" alt=\"Share Button\"\/><\/a><script type=\"text\/javascript\">var hupso_services_c=new Array(\"twitter\",\"facebook_like\",\"google\");var hupso_counters_lang = \"es_LA\";var hupso_image_folder_url = \"\";var hupso_twitter_via=\"crsyvrs\";var hupso_url_c=\"\";<\/script><script type=\"text\/javascript\" src=\"http:\/\/static.hupso.com\/share\/js\/counters.js\"><\/script><!-- Hupso Share Buttons --><\/div><p>Esta pareja ic\u00f3nica de la filmograf\u00eda francesa \u00a0regresar\u00e1 a formar parte del mismo elenco por novena vez en cuatro d\u00e9cadas en \u201cBonne Pomme\u201d. Catherine Deneuve y G\u00e9rard Depardieu, una pareja ic\u00f3nica de la filmograf\u00eda francesa, volver\u00e1n a compartir elenco&#46;&#46;&#46;<\/p>\n<div style=\"padding-bottom:20px; padding-top:10px;\" class=\"hupso-share-buttons\"><!-- Hupso Share Buttons - https:\/\/www.hupso.com\/share\/ --><a class=\"hupso_counters\" href=\"https:\/\/www.hupso.com\/share\/\"><img src=\"http:\/\/static.hupso.com\/share\/buttons\/lang\/es\/share-small.png\" style=\"border:0px; padding-top:2px; float:left;\" alt=\"Share Button\"\/><\/a><script type=\"text\/javascript\">var hupso_services_c=new Array(\"twitter\",\"facebook_like\",\"google\");var hupso_counters_lang = \"es_LA\";var hupso_image_folder_url = \"\";var hupso_twitter_via=\"crsyvrs\";var hupso_url_c=\"\";<\/script><script type=\"text\/javascript\" src=\"http:\/\/static.hupso.com\/share\/js\/counters.js\"><\/script><!-- Hupso Share Buttons --><\/div>","protected":false},"author":5,"featured_media":0,"comment_status":"open","ping_status":"closed","sticky":false,"template":"","format":"standard","meta":{"footnotes":""},"categories":[4],"tags":[4211,7096,103],"class_list":["post-11331","post","type-post","status-publish","format-standard","hentry","category-cine","tag-catherine-deneuve","tag-florence-quentin","tag-gerard-depardieu"],"_links":{"self":[{"href":"http:\/\/cronicasyversiones.com\/index.php?rest_route=\/wp\/v2\/posts\/11331","targetHints":{"allow":["GET"]}}],"collection":[{"href":"http:\/\/cronicasyversiones.com\/index.php?rest_route=\/wp\/v2\/posts"}],"about":[{"href":"http:\/\/cronicasyversiones.com\/index.php?rest_route=\/wp\/v2\/types\/post"}],"author":[{"embeddable":true,"href":"http:\/\/cronicasyversiones.com\/index.php?rest_route=\/wp\/v2\/users\/5"}],"replies":[{"embeddable":true,"href":"http:\/\/cronicasyversiones.com\/index.php?rest_route=%2Fwp%2Fv2%2Fcomments&post=11331"}],"version-history":[{"count":0,"href":"http:\/\/cronicasyversiones.com\/index.php?rest_route=\/wp\/v2\/posts\/11331\/revisions"}],"wp:attachment":[{"href":"http:\/\/cronicasyversiones.com\/index.php?rest_route=%2Fwp%2Fv2%2Fmedia&parent=11331"}],"wp:term":[{"taxonomy":"category","embeddable":true,"href":"http:\/\/cronicasyversiones.com\/index.php?rest_route=%2Fwp%2Fv2%2Fcategories&post=11331"},{"taxonomy":"post_tag","embeddable":true,"href":"http:\/\/cronicasyversiones.com\/index.php?rest_route=%2Fwp%2Fv2%2Ftags&post=11331"}],"curies":[{"name":"wp","href":"https:\/\/api.w.org\/{rel}","templated":true}]}}