{"id":11453,"date":"2016-08-19T14:39:07","date_gmt":"2016-08-19T17:39:07","guid":{"rendered":"http:\/\/cronicasyversiones.com\/?p=11453"},"modified":"2016-08-19T14:39:07","modified_gmt":"2016-08-19T17:39:07","slug":"el-asalto-editorial-iii-llega-al-mamba","status":"publish","type":"post","link":"http:\/\/cronicasyversiones.com\/?p=11453","title":{"rendered":"El Asalto Editorial III llega al Mamba"},"content":{"rendered":"<div style=\"padding-bottom:20px; padding-top:10px;\" class=\"hupso-share-buttons\"><!-- Hupso Share Buttons - https:\/\/www.hupso.com\/share\/ --><a class=\"hupso_counters\" href=\"https:\/\/www.hupso.com\/share\/\"><img decoding=\"async\" src=\"http:\/\/static.hupso.com\/share\/buttons\/lang\/es\/share-small.png\" style=\"border:0px; padding-top:2px; float:left;\" alt=\"Share Button\"\/><\/a><script type=\"text\/javascript\">var hupso_services_c=new Array(\"twitter\",\"facebook_like\",\"google\");var hupso_counters_lang = \"es_LA\";var hupso_image_folder_url = \"\";var hupso_twitter_via=\"crsyvrs\";var hupso_url_c=\"\";<\/script><script type=\"text\/javascript\" src=\"http:\/\/static.hupso.com\/share\/js\/counters.js\"><\/script><!-- Hupso Share Buttons --><\/div><h2 style=\"text-align: justify;\">Irrumpir\u00e1n en el\u00a0<strong>Museo de Arte Moderno de Buenos Aires\u00a0<\/strong>editoriales independientes para mostrar su\u00a0producci\u00f3n literaria contempor\u00e1nea.<\/h2>\n<p><img loading=\"lazy\" decoding=\"async\" class=\" wp-image-11454 aligncenter\" src=\"http:\/\/cronicasyversiones.com\/wp-content\/uploads\/2016\/08\/gpaley_asaltoeditorial41.jpg\" alt=\"gpaley_asaltoeditorial41\" width=\"713\" height=\"476\" srcset=\"http:\/\/cronicasyversiones.com\/wp-content\/uploads\/2016\/08\/gpaley_asaltoeditorial41.jpg 700w, http:\/\/cronicasyversiones.com\/wp-content\/uploads\/2016\/08\/gpaley_asaltoeditorial41-300x200.jpg 300w, http:\/\/cronicasyversiones.com\/wp-content\/uploads\/2016\/08\/gpaley_asaltoeditorial41-480x320.jpg 480w\" sizes=\"auto, (max-width: 713px) 100vw, 713px\" \/><\/p>\n<p style=\"text-align: justify;\">Editoriales independientes tomar\u00e1n el <strong>Museo de Arte Moderno de Buenos Aires (Mamba)<\/strong> del 26 al 28 de agosto para mostrar la producci\u00f3n literaria contempor\u00e1nea, con lecturas en vivo, presentaciones de libros, performances, talleres, intervenciones, mesas de publicaciones.<\/p>\n<p style=\"text-align: justify;\">Desde este a\u00f1o, cada edici\u00f3n que se realiza en este espacio, ubicado en la<strong> Avenida San Juan 350<\/strong>, har\u00e1 foco en un pa\u00eds invitado. En esta ocasi\u00f3n, <strong>editoriales mexicanas presentar\u00e1n sus trabajos<\/strong> y realizar\u00e1n actividades.<\/p>\n<p style=\"text-align: justify;\">Participan en el Asalto Editorial III Big Sur, Blatt &amp; R\u00edos, Caja Negra, El Flasherito, Excursiones, Humo Ediciones, Imprenta Rescate, Iv\u00e1n Rosado, Llanto de Mudo, Mansalva, Santa Rosa Editora, Serigrafistas Queer. Editoriales Mexicanas: Ediciones Transversales, Ediciones Hungr\u00eda, Gato Negro, Secretar\u00eda de Recursos Editoriales \/ Sousa Rodolfo Ediciones, Revista Nin\u00ed.<\/p>\n<h4 style=\"text-align: justify;\"><strong>Agenda de actividades<\/strong><\/h4>\n<p style=\"text-align: justify;\"><strong>Viernes 26<\/strong><\/p>\n<p style=\"text-align: justify;\">A las 18: Taller de escritura serigr\u00e1fica. (Serigrafistas Queer)* De la escritura al schabl\u00f3n, un taller para experimentar los procesos creativos de la serigraf\u00eda.<\/p>\n<p style=\"text-align: justify;\">A las 20: Dani Umpi.<\/p>\n<p style=\"text-align: justify;\"><strong>S\u00e1bado 27<\/strong><\/p>\n<p style=\"text-align: justify;\">A las 11: Cabina de Foto-Expiaci\u00f3n. (Santa Rosa Editora) Tormentos. Jugando con la idea de que la \u201cfotograf\u00eda roba el alma\u201d se propone la construcci\u00f3n de una publicaci\u00f3n colectiva a partir de la imagen de los rostros de los participantes.<\/p>\n<p style=\"text-align: justify;\">A las 16: Lecturas en la exhibici\u00f3n Exc\u00e9ntricos y Superilustrados a cargo de Mariano Blatt, Mart\u00edn Dubini, Juane Odriozola, Dani Zelko.<\/p>\n<p style=\"text-align: justify;\">A las 18: Workshop: Laboratorio PALABORA a cargo de Sergio P\u00e1ngaro y Coc\u00f3 Muro (Editorial Llanto de Mudo) Esta actividad busca exponer procedimientos de escritura con la participaci\u00f3n activa del p\u00fablico. Una M\u00e1quina de Escribir colectiva para advertir qu\u00e9 tipo de producci\u00f3n es posible si ejercitamos el sentido de las palabras.<\/p>\n<p style=\"text-align: justify;\">A las 20: \u00abLa explosi\u00f3n de los travestis\u00bb, lectura-performance de Naty Menstrual sobre texto de N\u00e9stor Perlongher. (Editorial Excursiones)<\/p>\n<p style=\"text-align: justify;\"><strong>Domingo 28<\/strong><\/p>\n<p style=\"text-align: justify;\">A las 11: Workshop Impresiones an\u00f3micas. (Secretar\u00eda de Recursos Editoriales)<\/p>\n<p style=\"text-align: justify;\">En este workshop se publicar\u00e1n fanzines a partir de archivos de instituciones, para hacer visibles posibles fallas en los mismos. El resultado ser\u00e1 tableaux hecho de la recopilaci\u00f3n de errores que pondr\u00e1 en juego las limitaciones de la b\u00fasqueda por internet, el uso de bases de datos digitales fijas, los archivos y documentos.<\/p>\n<p style=\"text-align: justify;\">A las 15: Lanzamiento de la audiogu\u00eda y de la Carta de Exploraci\u00f3n, revista del Departamento de Educaci\u00f3n del Museo.<\/p>\n<p style=\"text-align: justify;\">A las 16: Presentaci\u00f3n del libro \u00abUn m\u00e9todo del mundo\u00bb de Mariela Gouiric (Editorial Blatt &amp; R\u00edos)<\/p>\n<p style=\"text-align: justify;\">A las 17: Cierre Asalto Editorial III. (Imprenta Rescate)<\/p>\n<p style=\"text-align: justify;\"><strong>Rafael Squirru y la poes\u00eda<\/strong><\/p>\n<p style=\"text-align: justify;\">En el marco del Asalto Editorial III, se presenta en la sala de educaci\u00f3n la exhibici\u00f3n <em><strong>\u00a8Rafael Squirru y la poes\u00eda\u00a8<\/strong><\/em>. Una selecci\u00f3n de material de archivo y publicaciones que muestran la faceta literaria del fundador y primer director del Museo de Arte Moderno de Buenos Aires.<\/p>\n<div style=\"padding-bottom:20px; padding-top:10px;\" class=\"hupso-share-buttons\"><!-- Hupso Share Buttons - https:\/\/www.hupso.com\/share\/ --><a class=\"hupso_counters\" href=\"https:\/\/www.hupso.com\/share\/\"><img decoding=\"async\" src=\"http:\/\/static.hupso.com\/share\/buttons\/lang\/es\/share-small.png\" style=\"border:0px; padding-top:2px; float:left;\" alt=\"Share Button\"\/><\/a><script type=\"text\/javascript\">var hupso_services_c=new Array(\"twitter\",\"facebook_like\",\"google\");var hupso_counters_lang = \"es_LA\";var hupso_image_folder_url = \"\";var hupso_twitter_via=\"crsyvrs\";var hupso_url_c=\"\";<\/script><script type=\"text\/javascript\" src=\"http:\/\/static.hupso.com\/share\/js\/counters.js\"><\/script><!-- Hupso Share Buttons --><\/div> ","protected":false},"excerpt":{"rendered":"<div style=\"padding-bottom:20px; padding-top:10px;\" class=\"hupso-share-buttons\"><!-- Hupso Share Buttons - https:\/\/www.hupso.com\/share\/ --><a class=\"hupso_counters\" href=\"https:\/\/www.hupso.com\/share\/\"><img src=\"http:\/\/static.hupso.com\/share\/buttons\/lang\/es\/share-small.png\" style=\"border:0px; padding-top:2px; float:left;\" alt=\"Share Button\"\/><\/a><script type=\"text\/javascript\">var hupso_services_c=new Array(\"twitter\",\"facebook_like\",\"google\");var hupso_counters_lang = \"es_LA\";var hupso_image_folder_url = \"\";var hupso_twitter_via=\"crsyvrs\";var hupso_url_c=\"\";<\/script><script type=\"text\/javascript\" src=\"http:\/\/static.hupso.com\/share\/js\/counters.js\"><\/script><!-- Hupso Share Buttons --><\/div><p>Irrumpir\u00e1n en el\u00a0Museo de Arte Moderno de Buenos Aires\u00a0editoriales independientes para mostrar su\u00a0producci\u00f3n literaria contempor\u00e1nea. Editoriales independientes tomar\u00e1n el Museo de Arte Moderno de Buenos Aires (Mamba) del 26 al 28 de agosto para mostrar la producci\u00f3n literaria contempor\u00e1nea,&#46;&#46;&#46;<\/p>\n<div style=\"padding-bottom:20px; padding-top:10px;\" class=\"hupso-share-buttons\"><!-- Hupso Share Buttons - https:\/\/www.hupso.com\/share\/ --><a class=\"hupso_counters\" href=\"https:\/\/www.hupso.com\/share\/\"><img src=\"http:\/\/static.hupso.com\/share\/buttons\/lang\/es\/share-small.png\" style=\"border:0px; padding-top:2px; float:left;\" alt=\"Share Button\"\/><\/a><script type=\"text\/javascript\">var hupso_services_c=new Array(\"twitter\",\"facebook_like\",\"google\");var hupso_counters_lang = \"es_LA\";var hupso_image_folder_url = \"\";var hupso_twitter_via=\"crsyvrs\";var hupso_url_c=\"\";<\/script><script type=\"text\/javascript\" src=\"http:\/\/static.hupso.com\/share\/js\/counters.js\"><\/script><!-- Hupso Share Buttons --><\/div>","protected":false},"author":5,"featured_media":0,"comment_status":"open","ping_status":"closed","sticky":false,"template":"","format":"standard","meta":{"footnotes":""},"categories":[7],"tags":[7146,1920],"class_list":["post-11453","post","type-post","status-publish","format-standard","hentry","category-literatura","tag-asalto-editorial","tag-museo-de-arte-moderno-de-buenos-aires"],"_links":{"self":[{"href":"http:\/\/cronicasyversiones.com\/index.php?rest_route=\/wp\/v2\/posts\/11453","targetHints":{"allow":["GET"]}}],"collection":[{"href":"http:\/\/cronicasyversiones.com\/index.php?rest_route=\/wp\/v2\/posts"}],"about":[{"href":"http:\/\/cronicasyversiones.com\/index.php?rest_route=\/wp\/v2\/types\/post"}],"author":[{"embeddable":true,"href":"http:\/\/cronicasyversiones.com\/index.php?rest_route=\/wp\/v2\/users\/5"}],"replies":[{"embeddable":true,"href":"http:\/\/cronicasyversiones.com\/index.php?rest_route=%2Fwp%2Fv2%2Fcomments&post=11453"}],"version-history":[{"count":0,"href":"http:\/\/cronicasyversiones.com\/index.php?rest_route=\/wp\/v2\/posts\/11453\/revisions"}],"wp:attachment":[{"href":"http:\/\/cronicasyversiones.com\/index.php?rest_route=%2Fwp%2Fv2%2Fmedia&parent=11453"}],"wp:term":[{"taxonomy":"category","embeddable":true,"href":"http:\/\/cronicasyversiones.com\/index.php?rest_route=%2Fwp%2Fv2%2Fcategories&post=11453"},{"taxonomy":"post_tag","embeddable":true,"href":"http:\/\/cronicasyversiones.com\/index.php?rest_route=%2Fwp%2Fv2%2Ftags&post=11453"}],"curies":[{"name":"wp","href":"https:\/\/api.w.org\/{rel}","templated":true}]}}