{"id":11460,"date":"2016-08-19T15:35:47","date_gmt":"2016-08-19T18:35:47","guid":{"rendered":"http:\/\/cronicasyversiones.com\/?p=11460"},"modified":"2016-08-19T16:14:17","modified_gmt":"2016-08-19T19:14:17","slug":"el-tango-esta-de-luto-murio-horacio-salgan","status":"publish","type":"post","link":"http:\/\/cronicasyversiones.com\/?p=11460","title":{"rendered":"El tango est\u00e1 de luto: muri\u00f3 Horacio Salg\u00e1n"},"content":{"rendered":"<div style=\"padding-bottom:20px; padding-top:10px;\" class=\"hupso-share-buttons\"><!-- Hupso Share Buttons - https:\/\/www.hupso.com\/share\/ --><a class=\"hupso_counters\" href=\"https:\/\/www.hupso.com\/share\/\"><img decoding=\"async\" src=\"http:\/\/static.hupso.com\/share\/buttons\/lang\/es\/share-small.png\" style=\"border:0px; padding-top:2px; float:left;\" alt=\"Share Button\"\/><\/a><script type=\"text\/javascript\">var hupso_services_c=new Array(\"twitter\",\"facebook_like\",\"google\");var hupso_counters_lang = \"es_LA\";var hupso_image_folder_url = \"\";var hupso_twitter_via=\"crsyvrs\";var hupso_url_c=\"\";<\/script><script type=\"text\/javascript\" src=\"http:\/\/static.hupso.com\/share\/js\/counters.js\"><\/script><!-- Hupso Share Buttons --><\/div><h2 style=\"text-align: justify;\">El maestro falleci\u00f3 a los 100 a\u00f1os. En su larga carrera se destac\u00f3 como pianista, compositor, arreglador y director de orquesta.<\/h2>\n<p><img loading=\"lazy\" decoding=\"async\" class=\"size-full wp-image-11461 aligncenter\" src=\"http:\/\/cronicasyversiones.com\/wp-content\/uploads\/2016\/08\/colon.jpeg\" alt=\"colon\" width=\"500\" height=\"344\" srcset=\"http:\/\/cronicasyversiones.com\/wp-content\/uploads\/2016\/08\/colon.jpeg 500w, http:\/\/cronicasyversiones.com\/wp-content\/uploads\/2016\/08\/colon-300x206.jpeg 300w\" sizes=\"auto, (max-width: 500px) 100vw, 500px\" \/><\/p>\n<p style=\"text-align: justify;\">El maestro <strong>Horacio Salg\u00e1n,<\/strong> uno de los m\u00e1s l\u00facidos e inspirados m\u00fasicos que dio el tango, falleci\u00f3 hoy a los 100 a\u00f1os de edad en el Sanatorio G\u00fcemes de la Ciudad de Buenos Aires, donde se encontraba internado.<\/p>\n<p style=\"text-align: justify;\"><strong>Pianista, compositor, arreglador y director de orquesta,<\/strong> este artista se destac\u00f3 en todas estas \u00e1reas de la m\u00fasica con talento excepcional y \u00fanico.<\/p>\n<p style=\"text-align: justify;\"><strong>Naci\u00f3 en Buenos Aires el 14 de junio de 1916<\/strong> y escuch\u00f3 por primera vez el sonido del piano al ser ejecutado por su padre, un m\u00fasico aficionado. A los 6 a\u00f1os ya comenz\u00f3 a familiarizarse con su instrumento y a los 13 ingres\u00f3 al Conservatorio Municipal.<\/p>\n<p style=\"text-align: justify;\">A los 20 a\u00f1os fue descubierto por <strong>Roberto Firpo,<\/strong> un reconocido director de orquesta t\u00edpica, quien lo contrat\u00f3 a Salg\u00e1n de inmediato. Ese mismo a\u00f1o, en 1936, el \u201cNegro\u201d debut\u00f3 como arreglador de la orquesta de <strong>Miguel Cal\u00f3<\/strong>. \u00a0Su orquesta t\u00edpica tuvo diferentes etapas desde 1944 y enella se formaron cantores como <strong>Edmundo Rivero y Roberto Goyeneche.<\/strong><\/p>\n<p style=\"text-align: justify;\">En 1960 form\u00f3 y dirigi\u00f3 el <strong>Quinteto Real,<\/strong> cuyo objetivo era crear tangos instrumentales dise\u00f1ados m\u00e1s para escuchar que para bailar. Fue uno de los grupos de tango m\u00e1s s\u00f3lidos que se conocieron.<\/p>\n<p style=\"text-align: justify;\">Adem\u00e1s de Horacio Salg\u00e1n en piano, contaba con Enrique Mario Francini en viol\u00edn, Pedro Laurenz en bandone\u00f3n, Ubaldo de L\u00edo en guitarra y Rafael Ferro en contrabajo. El Quinteto cambiar\u00eda luego a varios de sus integrantes.<\/p>\n<p style=\"text-align: justify;\">En otras de sus facetas, compuso las bandas sonoras de las pel\u00edculas \u201cLa primera fundaci\u00f3n de Buenos Aires\u201d, \u201cBuenos d\u00edas, Buenos Aires\u201d, \u201cLos de la mesa 10\u201d, \u201cBuenos Aires\u201d, \u201cBuenos Aires en camiseta\u201d y \u201cLos an\u00f3nimos\u201d. Tambi\u00e9n particip\u00f3 como actor en la pel\u00edcula \u201cTango, no me dejes nunca\u201d, dirigida por el espa\u00f1ol Carlos Saura.<\/p>\n<p style=\"text-align: justify;\">En sus casi ocho d\u00e9cadas como m\u00fasico compuso o arregl\u00f3 unas 400 obras. Su uso del piano es casi orquestal, por ese motivo es que sus resultan bastante complejas para ser ejecutadas por otros m\u00fasicos. Adem\u00e1s, asumi\u00f3 el compromiso de tocar todo lo que escribe, ya que dice que <strong>\u201cSer\u00eda injusto dejarles el problema a los dem\u00e1s\u201d.<\/strong><\/p>\n<p style=\"text-align: justify;\">Escribi\u00f3 obras cumbres del tango como <em><strong>\u201cA fuego lento\u201d, \u201cGrillito\u201d, \u201cDel 1 al 5\u201d y \u201cLa llam\u00f3 silbando\u201d,<\/strong> <\/em>entre otros y un libro, \u201cCurso de tango\u201d, en el que explica los elementos de su estilo.<\/p>\n<p style=\"text-align: justify;\">En 2005 recibi\u00f3 el<strong> Premio Konex de Brillante<\/strong> al mejor m\u00fasico popular de la d\u00e9cada en la Argentina, otorgado por la Fundaci\u00f3n Konex y su \u00faltima actuaci\u00f3n ante un p\u00fablico masivo fue en 2010, en el marco de los festejos por la conmemoraci\u00f3n del Bicentenario del 25 de mayo de 1810 en la Argentina.<\/p>\n<p style=\"text-align: justify;\">En esa ocasi\u00f3n toc\u00f3 por \u00faltima vez junto a su amigo y compa\u00f1ero de d\u00e9cadas en el Quinteto Real, Ubaldo de L\u00edo, fallecido en 2012.<\/p>\n<p style=\"text-align: justify;\">Salg\u00e1n fue admirado por sus propios colegas, con una amplia lista que incluye a <strong>Astor Piazzolla, Oscar Alem\u00e1n, Luis Salinas y Daniel Barenboim.<\/strong><\/p>\n<div style=\"padding-bottom:20px; padding-top:10px;\" class=\"hupso-share-buttons\"><!-- Hupso Share Buttons - https:\/\/www.hupso.com\/share\/ --><a class=\"hupso_counters\" href=\"https:\/\/www.hupso.com\/share\/\"><img decoding=\"async\" src=\"http:\/\/static.hupso.com\/share\/buttons\/lang\/es\/share-small.png\" style=\"border:0px; padding-top:2px; float:left;\" alt=\"Share Button\"\/><\/a><script type=\"text\/javascript\">var hupso_services_c=new Array(\"twitter\",\"facebook_like\",\"google\");var hupso_counters_lang = \"es_LA\";var hupso_image_folder_url = \"\";var hupso_twitter_via=\"crsyvrs\";var hupso_url_c=\"\";<\/script><script type=\"text\/javascript\" src=\"http:\/\/static.hupso.com\/share\/js\/counters.js\"><\/script><!-- Hupso Share Buttons --><\/div> ","protected":false},"excerpt":{"rendered":"<div style=\"padding-bottom:20px; padding-top:10px;\" class=\"hupso-share-buttons\"><!-- Hupso Share Buttons - https:\/\/www.hupso.com\/share\/ --><a class=\"hupso_counters\" href=\"https:\/\/www.hupso.com\/share\/\"><img src=\"http:\/\/static.hupso.com\/share\/buttons\/lang\/es\/share-small.png\" style=\"border:0px; padding-top:2px; float:left;\" alt=\"Share Button\"\/><\/a><script type=\"text\/javascript\">var hupso_services_c=new Array(\"twitter\",\"facebook_like\",\"google\");var hupso_counters_lang = \"es_LA\";var hupso_image_folder_url = \"\";var hupso_twitter_via=\"crsyvrs\";var hupso_url_c=\"\";<\/script><script type=\"text\/javascript\" src=\"http:\/\/static.hupso.com\/share\/js\/counters.js\"><\/script><!-- Hupso Share Buttons --><\/div><p>El maestro falleci\u00f3 a los 100 a\u00f1os. En su larga carrera se destac\u00f3 como pianista, compositor, arreglador y director de orquesta. El maestro Horacio Salg\u00e1n, uno de los m\u00e1s l\u00facidos e inspirados m\u00fasicos que dio el tango, falleci\u00f3 hoy&#46;&#46;&#46;<\/p>\n<div style=\"padding-bottom:20px; padding-top:10px;\" class=\"hupso-share-buttons\"><!-- Hupso Share Buttons - https:\/\/www.hupso.com\/share\/ --><a class=\"hupso_counters\" href=\"https:\/\/www.hupso.com\/share\/\"><img src=\"http:\/\/static.hupso.com\/share\/buttons\/lang\/es\/share-small.png\" style=\"border:0px; padding-top:2px; float:left;\" alt=\"Share Button\"\/><\/a><script type=\"text\/javascript\">var hupso_services_c=new Array(\"twitter\",\"facebook_like\",\"google\");var hupso_counters_lang = \"es_LA\";var hupso_image_folder_url = \"\";var hupso_twitter_via=\"crsyvrs\";var hupso_url_c=\"\";<\/script><script type=\"text\/javascript\" src=\"http:\/\/static.hupso.com\/share\/js\/counters.js\"><\/script><!-- Hupso Share Buttons --><\/div>","protected":false},"author":5,"featured_media":0,"comment_status":"open","ping_status":"closed","sticky":false,"template":"","format":"standard","meta":{"footnotes":""},"categories":[3],"tags":[2642],"class_list":["post-11460","post","type-post","status-publish","format-standard","hentry","category-musica","tag-horacio-salgan"],"_links":{"self":[{"href":"http:\/\/cronicasyversiones.com\/index.php?rest_route=\/wp\/v2\/posts\/11460","targetHints":{"allow":["GET"]}}],"collection":[{"href":"http:\/\/cronicasyversiones.com\/index.php?rest_route=\/wp\/v2\/posts"}],"about":[{"href":"http:\/\/cronicasyversiones.com\/index.php?rest_route=\/wp\/v2\/types\/post"}],"author":[{"embeddable":true,"href":"http:\/\/cronicasyversiones.com\/index.php?rest_route=\/wp\/v2\/users\/5"}],"replies":[{"embeddable":true,"href":"http:\/\/cronicasyversiones.com\/index.php?rest_route=%2Fwp%2Fv2%2Fcomments&post=11460"}],"version-history":[{"count":0,"href":"http:\/\/cronicasyversiones.com\/index.php?rest_route=\/wp\/v2\/posts\/11460\/revisions"}],"wp:attachment":[{"href":"http:\/\/cronicasyversiones.com\/index.php?rest_route=%2Fwp%2Fv2%2Fmedia&parent=11460"}],"wp:term":[{"taxonomy":"category","embeddable":true,"href":"http:\/\/cronicasyversiones.com\/index.php?rest_route=%2Fwp%2Fv2%2Fcategories&post=11460"},{"taxonomy":"post_tag","embeddable":true,"href":"http:\/\/cronicasyversiones.com\/index.php?rest_route=%2Fwp%2Fv2%2Ftags&post=11460"}],"curies":[{"name":"wp","href":"https:\/\/api.w.org\/{rel}","templated":true}]}}