{"id":11824,"date":"2016-09-13T14:27:56","date_gmt":"2016-09-13T17:27:56","guid":{"rendered":"http:\/\/cronicasyversiones.com\/?p=11824"},"modified":"2016-09-13T14:30:14","modified_gmt":"2016-09-13T17:30:14","slug":"se-viene-la-noche-de-los-teatros","status":"publish","type":"post","link":"http:\/\/cronicasyversiones.com\/?p=11824","title":{"rendered":"Se viene \u00abLa Noche de los Teatros\u00bb"},"content":{"rendered":"<div style=\"padding-bottom:20px; padding-top:10px;\" class=\"hupso-share-buttons\"><!-- Hupso Share Buttons - https:\/\/www.hupso.com\/share\/ --><a class=\"hupso_counters\" href=\"https:\/\/www.hupso.com\/share\/\"><img decoding=\"async\" src=\"http:\/\/static.hupso.com\/share\/buttons\/lang\/es\/share-small.png\" style=\"border:0px; padding-top:2px; float:left;\" alt=\"Share Button\"\/><\/a><script type=\"text\/javascript\">var hupso_services_c=new Array(\"twitter\",\"facebook_like\",\"google\");var hupso_counters_lang = \"es_LA\";var hupso_image_folder_url = \"\";var hupso_twitter_via=\"crsyvrs\";var hupso_url_c=\"\";<\/script><script type=\"text\/javascript\" src=\"http:\/\/static.hupso.com\/share\/js\/counters.js\"><\/script><!-- Hupso Share Buttons --><\/div><h2 style=\"text-align: justify;\">Esta cita porte\u00f1a tendr\u00e1 dos escenarios principales y se sumar\u00e1n otros espacios y centro culturales. Adem\u00e1s, habr\u00e1 espect\u00e1culos perform\u00e1ticos en 15 esquinas.<\/h2>\n<p><img loading=\"lazy\" decoding=\"async\" class=\"wp-image-11825 aligncenter\" src=\"http:\/\/cronicasyversiones.com\/wp-content\/uploads\/2016\/09\/000029898.jpg\" alt=\"000029898\" width=\"542\" height=\"305\" srcset=\"http:\/\/cronicasyversiones.com\/wp-content\/uploads\/2016\/09\/000029898.jpg 800w, http:\/\/cronicasyversiones.com\/wp-content\/uploads\/2016\/09\/000029898-300x169.jpg 300w, http:\/\/cronicasyversiones.com\/wp-content\/uploads\/2016\/09\/000029898-768x432.jpg 768w\" sizes=\"auto, (max-width: 542px) 100vw, 542px\" \/><\/p>\n<p style=\"text-align: justify;\">El pr\u00f3ximo s\u00e1bado, desde las 19, tendr\u00e1 lugar <em><strong>\u00abLa<\/strong><\/em> <strong><em>Noche de los Teatros\u00bb<\/em><\/strong> que tendr\u00e1 con dos escenarios principales, mientras que se sumar\u00e1n las obras del Complejo Teatral de Buenos Aires, espect\u00e1culos perform\u00e1ticos en 15 esquinas, el Cultural San Martin, centros culturales y salas independientes y comerciales.<\/p>\n<p style=\"text-align: justify;\">Los escenarios principales de <strong><em>\u00abLa Noche de los Teatros\u00bb <\/em><\/strong>ser\u00e1n los instalados en el Polo Circo, ubicado en la Avenida Juan de Garay 2200, y en el Anfiteatro del Parque Centenario, del Pasaje Lillo y Leopoldo Marechal.<\/p>\n<p style=\"text-align: justify;\">En <strong>Polo Circo<\/strong> pisar\u00e1 las tablas <strong><em>\u00abImprocrash\u00bb<\/em><\/strong> (a las 19), Omar Calicchio (a las 20), <strong><em>\u00abStravaganza, Estados del Tiempo\u00bb<\/em><\/strong> (desde las 21.30) y un show musical con Juan Rodo, Marisol Otero, Melania Lenoir, Eluney Zalazar y Roberto Peloni.<\/p>\n<p style=\"text-align: justify;\">Mientras que en el Anfiteatro del <strong>Parque Centenario<\/strong> saldr\u00e1n a escena las puestas <strong><em>\u00abCirco Contempor\u00e1neo\u00bb<\/em><\/strong>, con direcci\u00f3n de Gerardo Hochman (19), <strong><em>\u00abEn siete d\u00edas\u00bb,<\/em><\/strong> con direcci\u00f3n de H\u00e9ctor Theting (20.30), <strong><em>\u00abTango Corrupto\u00bb, <\/em><\/strong>con Sandra Guida (22), y <strong><em>\u00abTercer Cuerpo\u00bb,<\/em><\/strong> de Claudio Tolcachir (23.30).<\/p>\n<p style=\"text-align: justify;\">En el <strong>Complejo Teatral de Buenos Aires<\/strong> se suma a esta cita desde el Teatro de la Ribera (avenida Pedro de Mendoza 1875) con \u00abCinelandia\u00bb (19); el Teatro Sarmiento (avenida Sarmiento 2715) con \u00abLa dama del mar\u00bb (21) y \u00abNada del amor me produce envidia\u00bb (23.15); y el Teatro Regio (avenida C\u00f3rdoba 6056) con \u00abEl Bulul\u00fa. Antolog\u00eda endiablada\u00bb, desde la medianoche.<\/p>\n<p style=\"text-align: justify;\">Por su parte, en el <strong>Centro Cultural San Mart\u00edn <\/strong>(Sarmiento 1551) ser\u00e1 el turno de \u00abCosas que pasan\u00bb, \u00abLas Noches Blancas\u00bb; \u00abHombre viajando en taxi\u00bb y Sally, una farsa\u00bb.<\/p>\n<p style=\"text-align: justify;\">Los Espacios Culturales Ad\u00e1n Buenos Ayres (Eva Per\u00f3n 1400, Parque Chacabuco), Centro Cultural Carlos Gardel (Olleros 3640, Chacarita), Centro Cultural Juli\u00e1n Centeya (avenida San Juan 3255, Boedo) y Centro Cultural Resurgimiento (Artigas 2262, La Paternal) contar\u00e1n con funciones teatrales aptas para todo p\u00fablico.<\/p>\n<p style=\"text-align: justify;\">Mientras que este encuentro, organizado por el Ministerio de Cultura de la Ciudad de Buenos Aires, los teatros independientes El \u00d3palo, Teatro Verdi, Catalinas Sur y Sala Crash se suman con 50% de descuentos en sus entradas.<\/p>\n<p style=\"text-align: justify;\">Adem\u00e1s, habr\u00e1 performances art\u00edsticas en las veredas de los teatros comerciales sobre avenida Corrientes en la zona del Abasto, Palermo, San Telmo y Caballito.<\/p>\n<div style=\"padding-bottom:20px; padding-top:10px;\" class=\"hupso-share-buttons\"><!-- Hupso Share Buttons - https:\/\/www.hupso.com\/share\/ --><a class=\"hupso_counters\" href=\"https:\/\/www.hupso.com\/share\/\"><img decoding=\"async\" src=\"http:\/\/static.hupso.com\/share\/buttons\/lang\/es\/share-small.png\" style=\"border:0px; padding-top:2px; float:left;\" alt=\"Share Button\"\/><\/a><script type=\"text\/javascript\">var hupso_services_c=new Array(\"twitter\",\"facebook_like\",\"google\");var hupso_counters_lang = \"es_LA\";var hupso_image_folder_url = \"\";var hupso_twitter_via=\"crsyvrs\";var hupso_url_c=\"\";<\/script><script type=\"text\/javascript\" src=\"http:\/\/static.hupso.com\/share\/js\/counters.js\"><\/script><!-- Hupso Share Buttons --><\/div> ","protected":false},"excerpt":{"rendered":"<div style=\"padding-bottom:20px; padding-top:10px;\" class=\"hupso-share-buttons\"><!-- Hupso Share Buttons - https:\/\/www.hupso.com\/share\/ --><a class=\"hupso_counters\" href=\"https:\/\/www.hupso.com\/share\/\"><img src=\"http:\/\/static.hupso.com\/share\/buttons\/lang\/es\/share-small.png\" style=\"border:0px; padding-top:2px; float:left;\" alt=\"Share Button\"\/><\/a><script type=\"text\/javascript\">var hupso_services_c=new Array(\"twitter\",\"facebook_like\",\"google\");var hupso_counters_lang = \"es_LA\";var hupso_image_folder_url = \"\";var hupso_twitter_via=\"crsyvrs\";var hupso_url_c=\"\";<\/script><script type=\"text\/javascript\" src=\"http:\/\/static.hupso.com\/share\/js\/counters.js\"><\/script><!-- Hupso Share Buttons --><\/div><p>Esta cita porte\u00f1a tendr\u00e1 dos escenarios principales y se sumar\u00e1n otros espacios y centro culturales. Adem\u00e1s, habr\u00e1 espect\u00e1culos perform\u00e1ticos en 15 esquinas. El pr\u00f3ximo s\u00e1bado, desde las 19, tendr\u00e1 lugar \u00abLa Noche de los Teatros\u00bb que tendr\u00e1 con dos&#46;&#46;&#46;<\/p>\n<div style=\"padding-bottom:20px; padding-top:10px;\" class=\"hupso-share-buttons\"><!-- Hupso Share Buttons - https:\/\/www.hupso.com\/share\/ --><a class=\"hupso_counters\" href=\"https:\/\/www.hupso.com\/share\/\"><img src=\"http:\/\/static.hupso.com\/share\/buttons\/lang\/es\/share-small.png\" style=\"border:0px; padding-top:2px; float:left;\" alt=\"Share Button\"\/><\/a><script type=\"text\/javascript\">var hupso_services_c=new Array(\"twitter\",\"facebook_like\",\"google\");var hupso_counters_lang = \"es_LA\";var hupso_image_folder_url = \"\";var hupso_twitter_via=\"crsyvrs\";var hupso_url_c=\"\";<\/script><script type=\"text\/javascript\" src=\"http:\/\/static.hupso.com\/share\/js\/counters.js\"><\/script><!-- Hupso Share Buttons --><\/div>","protected":false},"author":5,"featured_media":0,"comment_status":"open","ping_status":"closed","sticky":false,"template":"","format":"standard","meta":{"footnotes":""},"categories":[5],"tags":[507,6658,5372],"class_list":["post-11824","post","type-post","status-publish","format-standard","hentry","category-teatro","tag-claudio-tolcachir","tag-gerardo-hochman","tag-la-noche-de-los-teatros"],"_links":{"self":[{"href":"http:\/\/cronicasyversiones.com\/index.php?rest_route=\/wp\/v2\/posts\/11824","targetHints":{"allow":["GET"]}}],"collection":[{"href":"http:\/\/cronicasyversiones.com\/index.php?rest_route=\/wp\/v2\/posts"}],"about":[{"href":"http:\/\/cronicasyversiones.com\/index.php?rest_route=\/wp\/v2\/types\/post"}],"author":[{"embeddable":true,"href":"http:\/\/cronicasyversiones.com\/index.php?rest_route=\/wp\/v2\/users\/5"}],"replies":[{"embeddable":true,"href":"http:\/\/cronicasyversiones.com\/index.php?rest_route=%2Fwp%2Fv2%2Fcomments&post=11824"}],"version-history":[{"count":0,"href":"http:\/\/cronicasyversiones.com\/index.php?rest_route=\/wp\/v2\/posts\/11824\/revisions"}],"wp:attachment":[{"href":"http:\/\/cronicasyversiones.com\/index.php?rest_route=%2Fwp%2Fv2%2Fmedia&parent=11824"}],"wp:term":[{"taxonomy":"category","embeddable":true,"href":"http:\/\/cronicasyversiones.com\/index.php?rest_route=%2Fwp%2Fv2%2Fcategories&post=11824"},{"taxonomy":"post_tag","embeddable":true,"href":"http:\/\/cronicasyversiones.com\/index.php?rest_route=%2Fwp%2Fv2%2Ftags&post=11824"}],"curies":[{"name":"wp","href":"https:\/\/api.w.org\/{rel}","templated":true}]}}