{"id":12032,"date":"2016-09-28T00:03:35","date_gmt":"2016-09-28T03:03:35","guid":{"rendered":"http:\/\/cronicasyversiones.com\/?p=12032"},"modified":"2016-09-28T00:03:35","modified_gmt":"2016-09-28T03:03:35","slug":"javier-bardem-y-penelope-cruz-comienzan-el-rodaje-de-escobar","status":"publish","type":"post","link":"http:\/\/cronicasyversiones.com\/?p=12032","title":{"rendered":"Javier Bardem y Pen\u00e9lope Cruz comienzan el rodaje de \u201cEscobar\u201d"},"content":{"rendered":"<div style=\"padding-bottom:20px; padding-top:10px;\" class=\"hupso-share-buttons\"><!-- Hupso Share Buttons - https:\/\/www.hupso.com\/share\/ --><a class=\"hupso_counters\" href=\"https:\/\/www.hupso.com\/share\/\"><img decoding=\"async\" src=\"http:\/\/static.hupso.com\/share\/buttons\/lang\/es\/share-small.png\" style=\"border:0px; padding-top:2px; float:left;\" alt=\"Share Button\"\/><\/a><script type=\"text\/javascript\">var hupso_services_c=new Array(\"twitter\",\"facebook_like\",\"google\");var hupso_counters_lang = \"es_LA\";var hupso_image_folder_url = \"\";var hupso_twitter_via=\"crsyvrs\";var hupso_url_c=\"\";<\/script><script type=\"text\/javascript\" src=\"http:\/\/static.hupso.com\/share\/js\/counters.js\"><\/script><!-- Hupso Share Buttons --><\/div><h2 style=\"text-align: justify;\">Se trata de la nueva pel\u00edcula sobre la vida del capo narco colombiano que dirigir\u00e1 Fernando Le\u00f3n de Aranoa y que est\u00e1 basada en el libro de Virginia Vallejo.<\/h2>\n<p><img loading=\"lazy\" decoding=\"async\" class=\"size-full wp-image-12034 aligncenter\" src=\"http:\/\/cronicasyversiones.com\/wp-content\/uploads\/2016\/09\/javier-bardem-penelope-cruz-pablo-escobar-movie.jpg\" alt=\"javier-bardem-penelope-cruz-pablo-escobar-movie\" width=\"670\" height=\"377\" srcset=\"http:\/\/cronicasyversiones.com\/wp-content\/uploads\/2016\/09\/javier-bardem-penelope-cruz-pablo-escobar-movie.jpg 670w, http:\/\/cronicasyversiones.com\/wp-content\/uploads\/2016\/09\/javier-bardem-penelope-cruz-pablo-escobar-movie-300x169.jpg 300w\" sizes=\"auto, (max-width: 670px) 100vw, 670px\" \/><\/p>\n<p style=\"text-align: justify;\"><strong>\u00a0<\/strong><strong>Javier Bardem <\/strong>y<strong> Pen\u00e9lope Cruz<\/strong> recalar\u00e1n en octubre en Colombia para el rodaje de las escenas de <strong><em>\u00abEscobar\u00bb,<\/em><\/strong> la nueva pel\u00edcula sobre el capo narco Pablo Escobar que dirigir\u00e1 su compatriota, el cineasta espa\u00f1ol <strong>Fernando Le\u00f3n de Aranoa.<\/strong><\/p>\n<p style=\"text-align: justify;\">El director de \u00abLos lunes al sol\u00bb firma tambi\u00e9n el gui\u00f3n de este biopic basado en el libro <strong><em>\u00abAmando a Pablo, odiando a Escobar\u00bb,<\/em><\/strong> de <strong>Virginia Vallejo,<\/strong> la periodista y presentadora de televisi\u00f3n colombiana que entre 1982 y 1987 mantuvo una relaci\u00f3n con el multimillonario con m\u00e1s de mil asesinatos a sus espaldas.<\/p>\n<p style=\"text-align: justify;\">El libro describe su relaci\u00f3n amorosa con <strong>el jefe del Cartel de Medell\u00edn, Pablo Escobar Gaviria,<\/strong> entre 1983 y 1987 y adem\u00e1s en los v\u00ednculos de su amante con la clase pol\u00edtica de su pa\u00eds, que incluye a los presidentes Alfonso L\u00f3pez Michelsen, Ernesto Samper Pizano y \u00c1lvaro Uribe V\u00e9lez, con dictaduras y gobiernos caribe\u00f1os, y con los grupos paramilitares y rebeldes de Colombia.<\/p>\n<p style=\"text-align: justify;\">Un cap\u00edtulo completo de la publicaci\u00f3n est\u00e1 dedicado a la toma del <strong>Palacio de Justicia<\/strong> en 1985, financiada por Escobar, y otro a la Conexi\u00f3n Cubana y la era del narcoterrorismo.<\/p>\n<p style=\"text-align: justify;\">El rodaje de <strong><em>\u201cEscobar\u201d<\/em><\/strong> arrancar\u00e1 el 24 de octubre y esta producci\u00f3n reci\u00e9n llegar\u00e1 a las salas en 2017.<\/p>\n<p style=\"text-align: justify;\">No es la primera vez que esos actores espa\u00f1oles, que tienen dos hijos juntos, coinciden en una pel\u00edcula. Despu\u00e9s de conocerse en <strong><em>\u00abJam\u00f3n, jam\u00f3n\u00bb<\/em><\/strong> (1992), del fallecido Bigas Luna, volvieron a trabajar juntos en <strong><em>\u00abVicky, Cristina, Barcelona\u00bb<\/em><\/strong> (2008), de Woody Allen, y en <strong><em>\u00abEl consejero\u00bb, <\/em><\/strong>de Ridley Scott (2013).<\/p>\n<div style=\"padding-bottom:20px; padding-top:10px;\" class=\"hupso-share-buttons\"><!-- Hupso Share Buttons - https:\/\/www.hupso.com\/share\/ --><a class=\"hupso_counters\" href=\"https:\/\/www.hupso.com\/share\/\"><img decoding=\"async\" src=\"http:\/\/static.hupso.com\/share\/buttons\/lang\/es\/share-small.png\" style=\"border:0px; padding-top:2px; float:left;\" alt=\"Share Button\"\/><\/a><script type=\"text\/javascript\">var hupso_services_c=new Array(\"twitter\",\"facebook_like\",\"google\");var hupso_counters_lang = \"es_LA\";var hupso_image_folder_url = \"\";var hupso_twitter_via=\"crsyvrs\";var hupso_url_c=\"\";<\/script><script type=\"text\/javascript\" src=\"http:\/\/static.hupso.com\/share\/js\/counters.js\"><\/script><!-- Hupso Share Buttons --><\/div> ","protected":false},"excerpt":{"rendered":"<div style=\"padding-bottom:20px; padding-top:10px;\" class=\"hupso-share-buttons\"><!-- Hupso Share Buttons - https:\/\/www.hupso.com\/share\/ --><a class=\"hupso_counters\" href=\"https:\/\/www.hupso.com\/share\/\"><img src=\"http:\/\/static.hupso.com\/share\/buttons\/lang\/es\/share-small.png\" style=\"border:0px; padding-top:2px; float:left;\" alt=\"Share Button\"\/><\/a><script type=\"text\/javascript\">var hupso_services_c=new Array(\"twitter\",\"facebook_like\",\"google\");var hupso_counters_lang = \"es_LA\";var hupso_image_folder_url = \"\";var hupso_twitter_via=\"crsyvrs\";var hupso_url_c=\"\";<\/script><script type=\"text\/javascript\" src=\"http:\/\/static.hupso.com\/share\/js\/counters.js\"><\/script><!-- Hupso Share Buttons --><\/div><p>Se trata de la nueva pel\u00edcula sobre la vida del capo narco colombiano que dirigir\u00e1 Fernando Le\u00f3n de Aranoa y que est\u00e1 basada en el libro de Virginia Vallejo. \u00a0Javier Bardem y Pen\u00e9lope Cruz recalar\u00e1n en octubre en Colombia&#46;&#46;&#46;<\/p>\n<div style=\"padding-bottom:20px; padding-top:10px;\" class=\"hupso-share-buttons\"><!-- Hupso Share Buttons - https:\/\/www.hupso.com\/share\/ --><a class=\"hupso_counters\" href=\"https:\/\/www.hupso.com\/share\/\"><img src=\"http:\/\/static.hupso.com\/share\/buttons\/lang\/es\/share-small.png\" style=\"border:0px; padding-top:2px; float:left;\" alt=\"Share Button\"\/><\/a><script type=\"text\/javascript\">var hupso_services_c=new Array(\"twitter\",\"facebook_like\",\"google\");var hupso_counters_lang = \"es_LA\";var hupso_image_folder_url = \"\";var hupso_twitter_via=\"crsyvrs\";var hupso_url_c=\"\";<\/script><script type=\"text\/javascript\" src=\"http:\/\/static.hupso.com\/share\/js\/counters.js\"><\/script><!-- Hupso Share Buttons --><\/div>","protected":false},"author":5,"featured_media":0,"comment_status":"open","ping_status":"closed","sticky":false,"template":"","format":"standard","meta":{"footnotes":""},"categories":[4],"tags":[7306,7307,548,4477,541,7308],"class_list":["post-12032","post","type-post","status-publish","format-standard","hentry","category-cine","tag-escobar","tag-fernando-leon-de-aranoa","tag-javier-bardem","tag-pablo-escobar","tag-penelope-cruz","tag-virginia-vallejo"],"_links":{"self":[{"href":"http:\/\/cronicasyversiones.com\/index.php?rest_route=\/wp\/v2\/posts\/12032","targetHints":{"allow":["GET"]}}],"collection":[{"href":"http:\/\/cronicasyversiones.com\/index.php?rest_route=\/wp\/v2\/posts"}],"about":[{"href":"http:\/\/cronicasyversiones.com\/index.php?rest_route=\/wp\/v2\/types\/post"}],"author":[{"embeddable":true,"href":"http:\/\/cronicasyversiones.com\/index.php?rest_route=\/wp\/v2\/users\/5"}],"replies":[{"embeddable":true,"href":"http:\/\/cronicasyversiones.com\/index.php?rest_route=%2Fwp%2Fv2%2Fcomments&post=12032"}],"version-history":[{"count":0,"href":"http:\/\/cronicasyversiones.com\/index.php?rest_route=\/wp\/v2\/posts\/12032\/revisions"}],"wp:attachment":[{"href":"http:\/\/cronicasyversiones.com\/index.php?rest_route=%2Fwp%2Fv2%2Fmedia&parent=12032"}],"wp:term":[{"taxonomy":"category","embeddable":true,"href":"http:\/\/cronicasyversiones.com\/index.php?rest_route=%2Fwp%2Fv2%2Fcategories&post=12032"},{"taxonomy":"post_tag","embeddable":true,"href":"http:\/\/cronicasyversiones.com\/index.php?rest_route=%2Fwp%2Fv2%2Ftags&post=12032"}],"curies":[{"name":"wp","href":"https:\/\/api.w.org\/{rel}","templated":true}]}}