{"id":12075,"date":"2016-10-04T00:02:10","date_gmt":"2016-10-04T03:02:10","guid":{"rendered":"http:\/\/cronicasyversiones.com\/?p=12075"},"modified":"2016-10-03T22:36:46","modified_gmt":"2016-10-04T01:36:46","slug":"arranca-el-festival-de-cine-migrante-en-buenos-aires","status":"publish","type":"post","link":"http:\/\/cronicasyversiones.com\/?p=12075","title":{"rendered":"Arranca el Festival de Cine Migrante en Buenos Aires"},"content":{"rendered":"<div style=\"padding-bottom:20px; padding-top:10px;\" class=\"hupso-share-buttons\"><!-- Hupso Share Buttons - https:\/\/www.hupso.com\/share\/ --><a class=\"hupso_counters\" href=\"https:\/\/www.hupso.com\/share\/\"><img decoding=\"async\" src=\"http:\/\/static.hupso.com\/share\/buttons\/lang\/es\/share-small.png\" style=\"border:0px; padding-top:2px; float:left;\" alt=\"Share Button\"\/><\/a><script type=\"text\/javascript\">var hupso_services_c=new Array(\"twitter\",\"facebook_like\",\"google\");var hupso_counters_lang = \"es_LA\";var hupso_image_folder_url = \"\";var hupso_twitter_via=\"crsyvrs\";var hupso_url_c=\"\";<\/script><script type=\"text\/javascript\" src=\"http:\/\/static.hupso.com\/share\/js\/counters.js\"><\/script><!-- Hupso Share Buttons --><\/div><h2 style=\"text-align: justify;\">Durante este ciclo de proyectar\u00e1n 114 pel\u00edculas de 25 pa\u00edses y se desarrollar\u00e1 \u00a0contar\u00e1 por primera vez con la secci\u00f3n \u201cresistencias creativas\u201d.<\/h2>\n<h2 style=\"text-align: justify;\"><img loading=\"lazy\" decoding=\"async\" class=\" wp-image-12077 aligncenter\" src=\"http:\/\/cronicasyversiones.com\/wp-content\/uploads\/2016\/09\/14053772_1054509157932113_2162662672398313633_o-1024x576.jpg\" alt=\"14053772_1054509157932113_2162662672398313633_o\" width=\"752\" height=\"423\" srcset=\"http:\/\/cronicasyversiones.com\/wp-content\/uploads\/2016\/09\/14053772_1054509157932113_2162662672398313633_o-1024x576.jpg 1024w, http:\/\/cronicasyversiones.com\/wp-content\/uploads\/2016\/09\/14053772_1054509157932113_2162662672398313633_o-300x169.jpg 300w, http:\/\/cronicasyversiones.com\/wp-content\/uploads\/2016\/09\/14053772_1054509157932113_2162662672398313633_o-768x432.jpg 768w, http:\/\/cronicasyversiones.com\/wp-content\/uploads\/2016\/09\/14053772_1054509157932113_2162662672398313633_o.jpg 1920w\" sizes=\"auto, (max-width: 752px) 100vw, 752px\" \/><\/h2>\n<p style=\"text-align: justify;\">El<strong> Festival Internacional de Cine Migrante <\/strong>, en su s\u00e9ptima edici\u00f3n, llegar\u00e1 a Buenos Aires el pr\u00f3ximo 11 de octubre con 114 films de cerca de 25 nacionalidades.<\/p>\n<p style=\"text-align: justify;\">Adem\u00e1s de las clasificaciones habituales de largometrajes, mediometrajes y cortometrajes, CineMigrante contar\u00e1 por primera vez con la secci\u00f3n <strong>\u201cresistencias creativas\u201d.<\/strong><\/p>\n<p style=\"text-align: justify;\">Tambi\u00e9n estar\u00e1n las clasificaciones ya establecidas en otras ediciones llamadas \u201csecci\u00f3n urgente\u201d, enfocada a los centros de detenci\u00f3n; y \u201cnoches extra\u00f1as\u201d, con proyecciones de filmes de \u201cclase B\u201d a medianoche.<\/p>\n<p style=\"text-align: justify;\">Adem\u00e1s, ir\u00e1 en paralelo a la <strong>Exposici\u00f3n \u2019Stanze\u2019<\/strong> de los Hermanos de Serio, que ser\u00e1 inaugurada en Museo de la Inmigraci\u00f3n (MUNTREF).<\/p>\n<p style=\"text-align: justify;\">Esta s\u00e9ptima edici\u00f3n contar\u00e1 adem\u00e1s con conexiones a dos festivales internacionales, <strong>el Festival de Cine de Hamburgo (Alemania) y al Filmadrid (Espa\u00f1a). <\/strong><\/p>\n<p style=\"text-align: justify;\">Las pel\u00edculas del festival, que ser\u00e1n proyectadas hasta el 19 de octubre, ser\u00e1n distribuidas en varios centros culturales de Buenos Aires y abiertas al p\u00fablico de forma gratuita.<\/p>\n<p style=\"text-align: justify;\">El <strong>Festival Internacional de Cine y Formaci\u00f3n en Derechos Humanos<\/strong> de las personas migrantes, se realiza desde el a\u00f1o 2010 en la Ciudad de Buenos Aires, Argentina.<\/p>\n<div style=\"padding-bottom:20px; padding-top:10px;\" class=\"hupso-share-buttons\"><!-- Hupso Share Buttons - https:\/\/www.hupso.com\/share\/ --><a class=\"hupso_counters\" href=\"https:\/\/www.hupso.com\/share\/\"><img decoding=\"async\" src=\"http:\/\/static.hupso.com\/share\/buttons\/lang\/es\/share-small.png\" style=\"border:0px; padding-top:2px; float:left;\" alt=\"Share Button\"\/><\/a><script type=\"text\/javascript\">var hupso_services_c=new Array(\"twitter\",\"facebook_like\",\"google\");var hupso_counters_lang = \"es_LA\";var hupso_image_folder_url = \"\";var hupso_twitter_via=\"crsyvrs\";var hupso_url_c=\"\";<\/script><script type=\"text\/javascript\" src=\"http:\/\/static.hupso.com\/share\/js\/counters.js\"><\/script><!-- Hupso Share Buttons --><\/div> ","protected":false},"excerpt":{"rendered":"<div style=\"padding-bottom:20px; padding-top:10px;\" class=\"hupso-share-buttons\"><!-- Hupso Share Buttons - https:\/\/www.hupso.com\/share\/ --><a class=\"hupso_counters\" href=\"https:\/\/www.hupso.com\/share\/\"><img src=\"http:\/\/static.hupso.com\/share\/buttons\/lang\/es\/share-small.png\" style=\"border:0px; padding-top:2px; float:left;\" alt=\"Share Button\"\/><\/a><script type=\"text\/javascript\">var hupso_services_c=new Array(\"twitter\",\"facebook_like\",\"google\");var hupso_counters_lang = \"es_LA\";var hupso_image_folder_url = \"\";var hupso_twitter_via=\"crsyvrs\";var hupso_url_c=\"\";<\/script><script type=\"text\/javascript\" src=\"http:\/\/static.hupso.com\/share\/js\/counters.js\"><\/script><!-- Hupso Share Buttons --><\/div><p>Durante este ciclo de proyectar\u00e1n 114 pel\u00edculas de 25 pa\u00edses y se desarrollar\u00e1 \u00a0contar\u00e1 por primera vez con la secci\u00f3n \u201cresistencias creativas\u201d. El Festival Internacional de Cine Migrante , en su s\u00e9ptima edici\u00f3n, llegar\u00e1 a Buenos Aires el pr\u00f3ximo&#46;&#46;&#46;<\/p>\n<div style=\"padding-bottom:20px; padding-top:10px;\" class=\"hupso-share-buttons\"><!-- Hupso Share Buttons - https:\/\/www.hupso.com\/share\/ --><a class=\"hupso_counters\" href=\"https:\/\/www.hupso.com\/share\/\"><img src=\"http:\/\/static.hupso.com\/share\/buttons\/lang\/es\/share-small.png\" style=\"border:0px; padding-top:2px; float:left;\" alt=\"Share Button\"\/><\/a><script type=\"text\/javascript\">var hupso_services_c=new Array(\"twitter\",\"facebook_like\",\"google\");var hupso_counters_lang = \"es_LA\";var hupso_image_folder_url = \"\";var hupso_twitter_via=\"crsyvrs\";var hupso_url_c=\"\";<\/script><script type=\"text\/javascript\" src=\"http:\/\/static.hupso.com\/share\/js\/counters.js\"><\/script><!-- Hupso Share Buttons --><\/div>","protected":false},"author":5,"featured_media":0,"comment_status":"open","ping_status":"closed","sticky":false,"template":"","format":"standard","meta":{"footnotes":""},"categories":[4],"tags":[7320,7319],"class_list":["post-12075","post","type-post","status-publish","format-standard","hentry","category-cine","tag-cine-migrante","tag-festival-internacional-de-cine-migrante"],"_links":{"self":[{"href":"http:\/\/cronicasyversiones.com\/index.php?rest_route=\/wp\/v2\/posts\/12075","targetHints":{"allow":["GET"]}}],"collection":[{"href":"http:\/\/cronicasyversiones.com\/index.php?rest_route=\/wp\/v2\/posts"}],"about":[{"href":"http:\/\/cronicasyversiones.com\/index.php?rest_route=\/wp\/v2\/types\/post"}],"author":[{"embeddable":true,"href":"http:\/\/cronicasyversiones.com\/index.php?rest_route=\/wp\/v2\/users\/5"}],"replies":[{"embeddable":true,"href":"http:\/\/cronicasyversiones.com\/index.php?rest_route=%2Fwp%2Fv2%2Fcomments&post=12075"}],"version-history":[{"count":0,"href":"http:\/\/cronicasyversiones.com\/index.php?rest_route=\/wp\/v2\/posts\/12075\/revisions"}],"wp:attachment":[{"href":"http:\/\/cronicasyversiones.com\/index.php?rest_route=%2Fwp%2Fv2%2Fmedia&parent=12075"}],"wp:term":[{"taxonomy":"category","embeddable":true,"href":"http:\/\/cronicasyversiones.com\/index.php?rest_route=%2Fwp%2Fv2%2Fcategories&post=12075"},{"taxonomy":"post_tag","embeddable":true,"href":"http:\/\/cronicasyversiones.com\/index.php?rest_route=%2Fwp%2Fv2%2Ftags&post=12075"}],"curies":[{"name":"wp","href":"https:\/\/api.w.org\/{rel}","templated":true}]}}