{"id":12085,"date":"2016-09-30T10:54:10","date_gmt":"2016-09-30T13:54:10","guid":{"rendered":"http:\/\/cronicasyversiones.com\/?p=12085"},"modified":"2016-09-30T11:56:07","modified_gmt":"2016-09-30T14:56:07","slug":"el-ciudadano-ilustre-va-los-oscar-y-al-goya","status":"publish","type":"post","link":"http:\/\/cronicasyversiones.com\/?p=12085","title":{"rendered":"\u00abEl Ciudadano Ilustre\u201d va a los Oscar y al Goya"},"content":{"rendered":"<div style=\"padding-bottom:20px; padding-top:10px;\" class=\"hupso-share-buttons\"><!-- Hupso Share Buttons - https:\/\/www.hupso.com\/share\/ --><a class=\"hupso_counters\" href=\"https:\/\/www.hupso.com\/share\/\"><img decoding=\"async\" src=\"http:\/\/static.hupso.com\/share\/buttons\/lang\/es\/share-small.png\" style=\"border:0px; padding-top:2px; float:left;\" alt=\"Share Button\"\/><\/a><script type=\"text\/javascript\">var hupso_services_c=new Array(\"twitter\",\"facebook_like\",\"google\");var hupso_counters_lang = \"es_LA\";var hupso_image_folder_url = \"\";var hupso_twitter_via=\"crsyvrs\";var hupso_url_c=\"\";<\/script><script type=\"text\/javascript\" src=\"http:\/\/static.hupso.com\/share\/js\/counters.js\"><\/script><!-- Hupso Share Buttons --><\/div><h2>La pel\u00edcula argentina, dirigida por Gast\u00f3n Duprat y Mariano Cohn y protagonizada por Oscar Mart\u00ednez, competir\u00e1 en ambas citas cinematogr\u00e1ficas.<\/h2>\n<p><img loading=\"lazy\" decoding=\"async\" class=\"wp-image-12087 aligncenter\" src=\"http:\/\/cronicasyversiones.com\/wp-content\/uploads\/2016\/09\/sin-tc3adtulo1-1024x511.png\" alt=\"sin-tc3adtulo1\" width=\"723\" height=\"361\" srcset=\"http:\/\/cronicasyversiones.com\/wp-content\/uploads\/2016\/09\/sin-tc3adtulo1-1024x511.png 1024w, http:\/\/cronicasyversiones.com\/wp-content\/uploads\/2016\/09\/sin-tc3adtulo1-300x150.png 300w, http:\/\/cronicasyversiones.com\/wp-content\/uploads\/2016\/09\/sin-tc3adtulo1-768x383.png 768w, http:\/\/cronicasyversiones.com\/wp-content\/uploads\/2016\/09\/sin-tc3adtulo1.png 1049w\" sizes=\"auto, (max-width: 723px) 100vw, 723px\" \/><\/p>\n<p>La pel\u00edcula <strong><em>\u201cEl Ciudadano Ilustre\u201d,<\/em><\/strong> de <strong>Gast\u00f3n Duprat y Mariano Cohn,<\/strong> fue seleccionada esta ma\u00f1ana por la Academia de Artes y Ciencias Cinematogr\u00e1ficas de la Argentina para representar al cine nacional en la 89na. entrega de los <strong>Premios Oscar<\/strong> el 26 de febrero de 2017, y para que compita en la 31era. edici\u00f3n de los P<strong>remios Goya<\/strong> que se celebrar\u00e1n en 2017\u00a0en Espa\u00f1a.<\/p>\n<p style=\"text-align: justify;\">Protagonizada por Oscar Mart\u00ednez, la pel\u00edcula <strong>cuenta la historia de un argentino Premio Nobel<\/strong> de Literatura, que hace 40 a\u00f1os se fue de su pueblo a Europa. Triunf\u00f3 escribiendo sobre su pueblo y sus personajes.<\/p>\n<p style=\"text-align: justify;\">En el pico de su carrera, el intendente del pueblito donde naci\u00f3 lo invita para nombrarlo <strong>Ciudadano Ilustre<\/strong>, y \u00e9l decide cancelar su agenda y regresar s\u00f3lo a su pueblo. Su llegada desencadena una serie de situaciones entre su figura y el pueblo.<\/p>\n<p style=\"text-align: justify;\">Adem\u00e1s de Oscar Mart\u00ednez, el elenco lo completa <strong>Dady Brieva, Manuel Vicente, Andrea Frigerio y Nora Navas.<\/strong><\/p>\n<p style=\"text-align: justify;\">Por su parte, Mart\u00ednez fue reconocido como el mejor actor de la 73era. <strong>Mostra de Venecia<\/strong> por su labor en el film.<\/p>\n<p style=\"text-align: justify;\">La distinci\u00f3n al int\u00e9rprete, de 67 a\u00f1os, coron\u00f3 su doble presencia en el festival ya que el p\u00fablico tambi\u00e9n lo disfrut\u00f3 en \u201cInseparables\u201d, la lograda remake de la comedia francesa \u201cAmigos intocables\u201d, que protagoniz\u00f3 con Rodrigo de la Serna y Alejandra Flechner, y que se vio en la secci\u00f3n Cinema nel Giardino.<\/p>\n<div style=\"padding-bottom:20px; padding-top:10px;\" class=\"hupso-share-buttons\"><!-- Hupso Share Buttons - https:\/\/www.hupso.com\/share\/ --><a class=\"hupso_counters\" href=\"https:\/\/www.hupso.com\/share\/\"><img decoding=\"async\" src=\"http:\/\/static.hupso.com\/share\/buttons\/lang\/es\/share-small.png\" style=\"border:0px; padding-top:2px; float:left;\" alt=\"Share Button\"\/><\/a><script type=\"text\/javascript\">var hupso_services_c=new Array(\"twitter\",\"facebook_like\",\"google\");var hupso_counters_lang = \"es_LA\";var hupso_image_folder_url = \"\";var hupso_twitter_via=\"crsyvrs\";var hupso_url_c=\"\";<\/script><script type=\"text\/javascript\" src=\"http:\/\/static.hupso.com\/share\/js\/counters.js\"><\/script><!-- Hupso Share Buttons --><\/div> ","protected":false},"excerpt":{"rendered":"<div style=\"padding-bottom:20px; padding-top:10px;\" class=\"hupso-share-buttons\"><!-- Hupso Share Buttons - https:\/\/www.hupso.com\/share\/ --><a class=\"hupso_counters\" href=\"https:\/\/www.hupso.com\/share\/\"><img src=\"http:\/\/static.hupso.com\/share\/buttons\/lang\/es\/share-small.png\" style=\"border:0px; padding-top:2px; float:left;\" alt=\"Share Button\"\/><\/a><script type=\"text\/javascript\">var hupso_services_c=new Array(\"twitter\",\"facebook_like\",\"google\");var hupso_counters_lang = \"es_LA\";var hupso_image_folder_url = \"\";var hupso_twitter_via=\"crsyvrs\";var hupso_url_c=\"\";<\/script><script type=\"text\/javascript\" src=\"http:\/\/static.hupso.com\/share\/js\/counters.js\"><\/script><!-- Hupso Share Buttons --><\/div><p>La pel\u00edcula argentina, dirigida por Gast\u00f3n Duprat y Mariano Cohn y protagonizada por Oscar Mart\u00ednez, competir\u00e1 en ambas citas cinematogr\u00e1ficas. La pel\u00edcula \u201cEl Ciudadano Ilustre\u201d, de Gast\u00f3n Duprat y Mariano Cohn, fue seleccionada esta ma\u00f1ana por la Academia de&#46;&#46;&#46;<\/p>\n<div style=\"padding-bottom:20px; padding-top:10px;\" class=\"hupso-share-buttons\"><!-- Hupso Share Buttons - https:\/\/www.hupso.com\/share\/ --><a class=\"hupso_counters\" href=\"https:\/\/www.hupso.com\/share\/\"><img src=\"http:\/\/static.hupso.com\/share\/buttons\/lang\/es\/share-small.png\" style=\"border:0px; padding-top:2px; float:left;\" alt=\"Share Button\"\/><\/a><script type=\"text\/javascript\">var hupso_services_c=new Array(\"twitter\",\"facebook_like\",\"google\");var hupso_counters_lang = \"es_LA\";var hupso_image_folder_url = \"\";var hupso_twitter_via=\"crsyvrs\";var hupso_url_c=\"\";<\/script><script type=\"text\/javascript\" src=\"http:\/\/static.hupso.com\/share\/js\/counters.js\"><\/script><!-- Hupso Share Buttons --><\/div>","protected":false},"author":5,"featured_media":12087,"comment_status":"open","ping_status":"closed","sticky":false,"template":"","format":"standard","meta":{"footnotes":""},"categories":[4],"tags":[7228,7045,7044,3459,371,908],"class_list":["post-12085","post","type-post","status-publish","format-standard","has-post-thumbnail","hentry","category-cine","tag-el-ciudadano-ilustre","tag-gaston-duprat","tag-mariano-cohn","tag-oscar-martinez","tag-premios-goya","tag-premios-oscar"],"_links":{"self":[{"href":"http:\/\/cronicasyversiones.com\/index.php?rest_route=\/wp\/v2\/posts\/12085","targetHints":{"allow":["GET"]}}],"collection":[{"href":"http:\/\/cronicasyversiones.com\/index.php?rest_route=\/wp\/v2\/posts"}],"about":[{"href":"http:\/\/cronicasyversiones.com\/index.php?rest_route=\/wp\/v2\/types\/post"}],"author":[{"embeddable":true,"href":"http:\/\/cronicasyversiones.com\/index.php?rest_route=\/wp\/v2\/users\/5"}],"replies":[{"embeddable":true,"href":"http:\/\/cronicasyversiones.com\/index.php?rest_route=%2Fwp%2Fv2%2Fcomments&post=12085"}],"version-history":[{"count":0,"href":"http:\/\/cronicasyversiones.com\/index.php?rest_route=\/wp\/v2\/posts\/12085\/revisions"}],"wp:featuredmedia":[{"embeddable":true,"href":"http:\/\/cronicasyversiones.com\/index.php?rest_route=\/wp\/v2\/media\/12087"}],"wp:attachment":[{"href":"http:\/\/cronicasyversiones.com\/index.php?rest_route=%2Fwp%2Fv2%2Fmedia&parent=12085"}],"wp:term":[{"taxonomy":"category","embeddable":true,"href":"http:\/\/cronicasyversiones.com\/index.php?rest_route=%2Fwp%2Fv2%2Fcategories&post=12085"},{"taxonomy":"post_tag","embeddable":true,"href":"http:\/\/cronicasyversiones.com\/index.php?rest_route=%2Fwp%2Fv2%2Ftags&post=12085"}],"curies":[{"name":"wp","href":"https:\/\/api.w.org\/{rel}","templated":true}]}}