{"id":12121,"date":"2016-10-03T15:01:06","date_gmt":"2016-10-03T18:01:06","guid":{"rendered":"http:\/\/cronicasyversiones.com\/?p=12121"},"modified":"2016-10-03T15:28:38","modified_gmt":"2016-10-03T18:28:38","slug":"subastan-la-camara-con-la-que-korda-retrato-al-che-guevara","status":"publish","type":"post","link":"http:\/\/cronicasyversiones.com\/?p=12121","title":{"rendered":"Subastan la c\u00e1mara con la que Korda retrat\u00f3 al Che Guevara"},"content":{"rendered":"<div style=\"padding-bottom:20px; padding-top:10px;\" class=\"hupso-share-buttons\"><!-- Hupso Share Buttons - https:\/\/www.hupso.com\/share\/ --><a class=\"hupso_counters\" href=\"https:\/\/www.hupso.com\/share\/\"><img decoding=\"async\" src=\"http:\/\/static.hupso.com\/share\/buttons\/lang\/es\/share-small.png\" style=\"border:0px; padding-top:2px; float:left;\" alt=\"Share Button\"\/><\/a><script type=\"text\/javascript\">var hupso_services_c=new Array(\"twitter\",\"facebook_like\",\"google\");var hupso_counters_lang = \"es_LA\";var hupso_image_folder_url = \"\";var hupso_twitter_via=\"crsyvrs\";var hupso_url_c=\"\";<\/script><script type=\"text\/javascript\" src=\"http:\/\/static.hupso.com\/share\/js\/counters.js\"><\/script><!-- Hupso Share Buttons --><\/div><h2 style=\"text-align: justify;\">Con ese equipo el fot\u00f3grafo cubano captur\u00f3 el retrato del revolucionario conocido como \u201cGuerrillero Heroico\u201d. Se vendi\u00f3 en 18 mil euros.<\/h2>\n<p><img loading=\"lazy\" decoding=\"async\" class=\"alignleft wp-image-12123\" src=\"http:\/\/cronicasyversiones.com\/wp-content\/uploads\/2016\/10\/CheHigh-799x1024.jpg\" alt=\"chehigh\" width=\"494\" height=\"633\" srcset=\"http:\/\/cronicasyversiones.com\/wp-content\/uploads\/2016\/10\/CheHigh-799x1024.jpg 799w, http:\/\/cronicasyversiones.com\/wp-content\/uploads\/2016\/10\/CheHigh-234x300.jpg 234w, http:\/\/cronicasyversiones.com\/wp-content\/uploads\/2016\/10\/CheHigh-768x984.jpg 768w, http:\/\/cronicasyversiones.com\/wp-content\/uploads\/2016\/10\/CheHigh.jpg 800w\" sizes=\"auto, (max-width: 494px) 100vw, 494px\" \/><\/p>\n<p style=\"text-align: justify;\">La m\u00e1quina de fotos <strong>Leica<\/strong> con la que se realiz\u00f3 una de las fotos m\u00e1s ic\u00f3nicas del <strong>Che Guevara, <\/strong>la del <strong><em>\u00abGuerrillero her\u00f3ico\u00bb<\/em><\/strong>, capturada bajo la lente <strong>Alberto Korda<\/strong>, fue subastada por 18 mil euros v\u00eda on line.<\/p>\n<p style=\"text-align: justify;\">El vendedor, seg\u00fan informaron fuentes de la plataforma de subastas Catawiki, fue <strong>Dante Korda<\/strong>, hijo del fot\u00f3grafo, aunque del comprador s\u00f3lo trascendi\u00f3 es un austr\u00edaco, aunque no se dio a conocer su identidad.<\/p>\n<p style=\"text-align: justify;\">Este equipo era la c\u00e1mara preferida del fot\u00f3grafo cubano y con ella trabaj\u00f3 en los \u201850 y \u201960, retratando en diferentes momentos de La Revoluci\u00f3n y acompa\u00f1\u00f3 a <strong>Fidel Castro<\/strong> durante esos a\u00f1os.<\/p>\n<p style=\"text-align: justify;\">Es una foto hist\u00f3rica, el Che fue retratado con su boina negra mirando el cortejo f\u00fanebre de los muertos por el atentado terrorista al <strong>barco La Coubre,<\/strong> el 5 de marzo de 1960. Fidel Castro hab\u00eda responsabilizado a Estados Unidos del hecho y Guevara parec\u00eda enojado y dolido.<\/p>\n<p style=\"text-align: justify;\">Esa foto se trasform\u00f3 en la imagen m\u00e1s popular del <strong>Che Guevara<\/strong> y tambi\u00e9n se convirti\u00f3 en un \u00edcono pop, que decor\u00f3 pancartas pol\u00edticas, p\u00f3sters, remeras y hasta banderas en los estadios de f\u00fatbol.<\/p>\n<p style=\"text-align: justify;\"><strong>Alberto D\u00edaz Guti\u00e9rrez,<\/strong> \u201cKorda\u201d, naci\u00f3 en Cuba en 1928 y muri\u00f3 en 2001. Aunque su formaci\u00f3n es autodidacta aprendi\u00f3 fotograf\u00eda en un inicio con Newton Estap\u00e9 y despu\u00e9s con Luis Pierce.<\/p>\n<p style=\"text-align: justify;\">En la d\u00e9cada de 1940 fund\u00f3 con Pierce los <strong>Estudios Korda<\/strong>, nombre inspirado en los c\u00e9lebres directores cine Alexander y Zoltan Korda, donde se dedicaron a todo tipo de fotograf\u00eda comercial, especialmente de moda.<\/p>\n<p style=\"text-align: justify;\">Adhiri\u00f3 a la <strong>Revoluci\u00f3n Cubana<\/strong> en 1959 y comenz\u00f3 a acompa\u00f1ar a Fidel Castro en sus viajes por el interior de la isla y por pa\u00edses extranjeros, pero adem\u00e1s fue el fundador de la fotograf\u00eda submarina en Cuba y no abandon\u00f3 jam\u00e1s su pasi\u00f3n por fotografiar mujeres.<\/p>\n<div style=\"padding-bottom:20px; padding-top:10px;\" class=\"hupso-share-buttons\"><!-- Hupso Share Buttons - https:\/\/www.hupso.com\/share\/ --><a class=\"hupso_counters\" href=\"https:\/\/www.hupso.com\/share\/\"><img decoding=\"async\" src=\"http:\/\/static.hupso.com\/share\/buttons\/lang\/es\/share-small.png\" style=\"border:0px; padding-top:2px; float:left;\" alt=\"Share Button\"\/><\/a><script type=\"text\/javascript\">var hupso_services_c=new Array(\"twitter\",\"facebook_like\",\"google\");var hupso_counters_lang = \"es_LA\";var hupso_image_folder_url = \"\";var hupso_twitter_via=\"crsyvrs\";var hupso_url_c=\"\";<\/script><script type=\"text\/javascript\" src=\"http:\/\/static.hupso.com\/share\/js\/counters.js\"><\/script><!-- Hupso Share Buttons --><\/div> ","protected":false},"excerpt":{"rendered":"<div style=\"padding-bottom:20px; padding-top:10px;\" class=\"hupso-share-buttons\"><!-- Hupso Share Buttons - https:\/\/www.hupso.com\/share\/ --><a class=\"hupso_counters\" href=\"https:\/\/www.hupso.com\/share\/\"><img src=\"http:\/\/static.hupso.com\/share\/buttons\/lang\/es\/share-small.png\" style=\"border:0px; padding-top:2px; float:left;\" alt=\"Share Button\"\/><\/a><script type=\"text\/javascript\">var hupso_services_c=new Array(\"twitter\",\"facebook_like\",\"google\");var hupso_counters_lang = \"es_LA\";var hupso_image_folder_url = \"\";var hupso_twitter_via=\"crsyvrs\";var hupso_url_c=\"\";<\/script><script type=\"text\/javascript\" src=\"http:\/\/static.hupso.com\/share\/js\/counters.js\"><\/script><!-- Hupso Share Buttons --><\/div><p>Con ese equipo el fot\u00f3grafo cubano captur\u00f3 el retrato del revolucionario conocido como \u201cGuerrillero Heroico\u201d. Se vendi\u00f3 en 18 mil euros. La m\u00e1quina de fotos Leica con la que se realiz\u00f3 una de las fotos m\u00e1s ic\u00f3nicas del Che&#46;&#46;&#46;<\/p>\n<div style=\"padding-bottom:20px; padding-top:10px;\" class=\"hupso-share-buttons\"><!-- Hupso Share Buttons - https:\/\/www.hupso.com\/share\/ --><a class=\"hupso_counters\" href=\"https:\/\/www.hupso.com\/share\/\"><img src=\"http:\/\/static.hupso.com\/share\/buttons\/lang\/es\/share-small.png\" style=\"border:0px; padding-top:2px; float:left;\" alt=\"Share Button\"\/><\/a><script type=\"text\/javascript\">var hupso_services_c=new Array(\"twitter\",\"facebook_like\",\"google\");var hupso_counters_lang = \"es_LA\";var hupso_image_folder_url = \"\";var hupso_twitter_via=\"crsyvrs\";var hupso_url_c=\"\";<\/script><script type=\"text\/javascript\" src=\"http:\/\/static.hupso.com\/share\/js\/counters.js\"><\/script><!-- Hupso Share Buttons --><\/div>","protected":false},"author":5,"featured_media":0,"comment_status":"open","ping_status":"closed","sticky":false,"template":"","format":"standard","meta":{"footnotes":""},"categories":[8],"tags":[4227,4631],"class_list":["post-12121","post","type-post","status-publish","format-standard","hentry","category-artes-plasticas","tag-che-guevara","tag-korda"],"_links":{"self":[{"href":"http:\/\/cronicasyversiones.com\/index.php?rest_route=\/wp\/v2\/posts\/12121","targetHints":{"allow":["GET"]}}],"collection":[{"href":"http:\/\/cronicasyversiones.com\/index.php?rest_route=\/wp\/v2\/posts"}],"about":[{"href":"http:\/\/cronicasyversiones.com\/index.php?rest_route=\/wp\/v2\/types\/post"}],"author":[{"embeddable":true,"href":"http:\/\/cronicasyversiones.com\/index.php?rest_route=\/wp\/v2\/users\/5"}],"replies":[{"embeddable":true,"href":"http:\/\/cronicasyversiones.com\/index.php?rest_route=%2Fwp%2Fv2%2Fcomments&post=12121"}],"version-history":[{"count":0,"href":"http:\/\/cronicasyversiones.com\/index.php?rest_route=\/wp\/v2\/posts\/12121\/revisions"}],"wp:attachment":[{"href":"http:\/\/cronicasyversiones.com\/index.php?rest_route=%2Fwp%2Fv2%2Fmedia&parent=12121"}],"wp:term":[{"taxonomy":"category","embeddable":true,"href":"http:\/\/cronicasyversiones.com\/index.php?rest_route=%2Fwp%2Fv2%2Fcategories&post=12121"},{"taxonomy":"post_tag","embeddable":true,"href":"http:\/\/cronicasyversiones.com\/index.php?rest_route=%2Fwp%2Fv2%2Ftags&post=12121"}],"curies":[{"name":"wp","href":"https:\/\/api.w.org\/{rel}","templated":true}]}}