{"id":12379,"date":"2016-10-18T00:02:00","date_gmt":"2016-10-18T03:02:00","guid":{"rendered":"http:\/\/cronicasyversiones.com\/?p=12379"},"modified":"2016-10-19T12:03:53","modified_gmt":"2016-10-19T15:03:53","slug":"roger-waters-graba-un-disco-como-solista-despues-de-24-anos","status":"publish","type":"post","link":"http:\/\/cronicasyversiones.com\/?p=12379","title":{"rendered":"Roger Waters graba un disco como solista despu\u00e9s de 24 a\u00f1os"},"content":{"rendered":"<div style=\"padding-bottom:20px; padding-top:10px;\" class=\"hupso-share-buttons\"><!-- Hupso Share Buttons - https:\/\/www.hupso.com\/share\/ --><a class=\"hupso_counters\" href=\"https:\/\/www.hupso.com\/share\/\"><img decoding=\"async\" src=\"http:\/\/static.hupso.com\/share\/buttons\/lang\/es\/share-small.png\" style=\"border:0px; padding-top:2px; float:left;\" alt=\"Share Button\"\/><\/a><script type=\"text\/javascript\">var hupso_services_c=new Array(\"twitter\",\"facebook_like\",\"google\");var hupso_counters_lang = \"es_LA\";var hupso_image_folder_url = \"\";var hupso_twitter_via=\"crsyvrs\";var hupso_url_c=\"\";<\/script><script type=\"text\/javascript\" src=\"http:\/\/static.hupso.com\/share\/js\/counters.js\"><\/script><!-- Hupso Share Buttons --><\/div><h2 style=\"text-align: justify;\">El ex integrante de Pink Floyd est\u00e1 trabajando en un nuevo \u00e1lbum junto a Nigel Godrich, quien fuera el productor de Radiohead.<\/h2>\n<p><img loading=\"lazy\" decoding=\"async\" class=\" aligncenter\" src=\"http:\/\/ultimateclassicrock.com\/files\/2014\/10\/Roger-Waters1.jpg?w=630\" alt=\"\" width=\"599\" height=\"399\" \/><\/p>\n<p>&nbsp;<\/p>\n<p style=\"text-align: justify;\"><strong>Roger Waters<\/strong>, el ex bajista de <strong>Pink Floyd<\/strong>, est\u00e1 comenzando a trabajar en un nuevo \u00e1lbum solista producido por <strong>Nigel Godrich,<\/strong> que ser\u00e1 el continuador de <strong>\u201cAmused to Death\u201d<\/strong> de 1992, lanzado hace 24 a\u00f1os.<\/p>\n<p style=\"text-align: justify;\">El legendario m\u00fasico estuvo abocado a la presentaci\u00f3n de <em><strong>\u201cThe Wall\u201d<\/strong><\/em>, el disco ic\u00f3nico de Pink Floyd, durante los \u00faltimos a\u00f1os y ahora arremeter\u00e1 con un nuevo material.<\/p>\n<p style=\"text-align: justify;\"><strong>\u00abTenemos un buen trabajo en manos.<\/strong> Nigel es realmente bueno. Me dijo: &#8216;La gente siempre quiere hacer discos extensos. \u00bfCu\u00e1n largo era The Dark Side Of The Moon?&#8217;. Y yo le respond\u00ed: &#8217;38 minutos\u00bb\u00bb, asegur\u00f3 el brit\u00e1nico sobre este trabajo con Nigel Godrich, que fue productor de <strong>Radiohead.<\/strong><\/p>\n<p style=\"text-align: justify;\">Waters adelant\u00f3 el concepto del \u00e1lbum. \u00ab<strong>Es sobre el amor, que es sobre lo que todos mis discos han tratado&#8230;<\/strong> Reflexiona no solo por qu\u00e9 estamos matando ni\u00f1os. Tambi\u00e9n se pregunta c\u00f3mo hacemos para tomar los momentos de amor y permitimos que iluminen el resto de la existencia, en otros\u00bb, agreg\u00f3.<\/p>\n<p style=\"text-align: justify;\">El \u00a0disco comienza con un abuelo irland\u00e9s que est\u00e1 cuidando de sus nietos. En mitad de la noche su nieta se despierta so\u00f1ando que est\u00e1n matando a todos los ni\u00f1os.<\/p>\n<p style=\"text-align: justify;\">El ex Pink Floyd viene de presentarse \u00a0en el festival Desert Trip, que aglutin\u00f3 a los <strong>Rolling Stones, Paul McCartney, Bob Dylan y The Who<\/strong>, entre otros m\u00fasicos.<\/p>\n<p style=\"text-align: justify;\">Waters fue uno de los fundadores de Pink Floyd y dej\u00f3 el grupo en 1985, luego de una disputa interna. Como solista grab\u00f3 los discos <em><strong>\u201cPros and Cons of Hitch Hiking\u201d <\/strong><\/em>(1984)<em><strong>, \u201cRadio K.A.O.S.\u201d <\/strong><\/em>(1987)<em><strong>\u00a0 y \u201cAmused to Death\u201d<\/strong><\/em> (1992)<em><strong>.<\/strong> <\/em><\/p>\n<p style=\"text-align: justify;\">En 1986, colabor\u00f3 en la banda sonora de la pel\u00edcula <em><strong>\u201cCuando el viento sopla\u201d,<\/strong> <\/em>mientras que en 1990, organiz\u00f3 uno de los conciertos con m\u00e1s asistencia de la historia, <em><strong>\u201cThe Wall &#8211; Live in Berlin\u201d<\/strong><\/em>, con 300 mil espectadores.<\/p>\n<p>&nbsp;<\/p>\n<p>&nbsp;<\/p>\n<div style=\"padding-bottom:20px; padding-top:10px;\" class=\"hupso-share-buttons\"><!-- Hupso Share Buttons - https:\/\/www.hupso.com\/share\/ --><a class=\"hupso_counters\" href=\"https:\/\/www.hupso.com\/share\/\"><img decoding=\"async\" src=\"http:\/\/static.hupso.com\/share\/buttons\/lang\/es\/share-small.png\" style=\"border:0px; padding-top:2px; float:left;\" alt=\"Share Button\"\/><\/a><script type=\"text\/javascript\">var hupso_services_c=new Array(\"twitter\",\"facebook_like\",\"google\");var hupso_counters_lang = \"es_LA\";var hupso_image_folder_url = \"\";var hupso_twitter_via=\"crsyvrs\";var hupso_url_c=\"\";<\/script><script type=\"text\/javascript\" src=\"http:\/\/static.hupso.com\/share\/js\/counters.js\"><\/script><!-- Hupso Share Buttons --><\/div> ","protected":false},"excerpt":{"rendered":"<div style=\"padding-bottom:20px; padding-top:10px;\" class=\"hupso-share-buttons\"><!-- Hupso Share Buttons - https:\/\/www.hupso.com\/share\/ --><a class=\"hupso_counters\" href=\"https:\/\/www.hupso.com\/share\/\"><img src=\"http:\/\/static.hupso.com\/share\/buttons\/lang\/es\/share-small.png\" style=\"border:0px; padding-top:2px; float:left;\" alt=\"Share Button\"\/><\/a><script type=\"text\/javascript\">var hupso_services_c=new Array(\"twitter\",\"facebook_like\",\"google\");var hupso_counters_lang = \"es_LA\";var hupso_image_folder_url = \"\";var hupso_twitter_via=\"crsyvrs\";var hupso_url_c=\"\";<\/script><script type=\"text\/javascript\" src=\"http:\/\/static.hupso.com\/share\/js\/counters.js\"><\/script><!-- Hupso Share Buttons --><\/div><p>El ex integrante de Pink Floyd est\u00e1 trabajando en un nuevo \u00e1lbum junto a Nigel Godrich, quien fuera el productor de Radiohead. &nbsp; Roger Waters, el ex bajista de Pink Floyd, est\u00e1 comenzando a trabajar en un nuevo \u00e1lbum&#46;&#46;&#46;<\/p>\n<div style=\"padding-bottom:20px; padding-top:10px;\" class=\"hupso-share-buttons\"><!-- Hupso Share Buttons - https:\/\/www.hupso.com\/share\/ --><a class=\"hupso_counters\" href=\"https:\/\/www.hupso.com\/share\/\"><img src=\"http:\/\/static.hupso.com\/share\/buttons\/lang\/es\/share-small.png\" style=\"border:0px; padding-top:2px; float:left;\" alt=\"Share Button\"\/><\/a><script type=\"text\/javascript\">var hupso_services_c=new Array(\"twitter\",\"facebook_like\",\"google\");var hupso_counters_lang = \"es_LA\";var hupso_image_folder_url = \"\";var hupso_twitter_via=\"crsyvrs\";var hupso_url_c=\"\";<\/script><script type=\"text\/javascript\" src=\"http:\/\/static.hupso.com\/share\/js\/counters.js\"><\/script><!-- Hupso Share Buttons --><\/div>","protected":false},"author":5,"featured_media":0,"comment_status":"open","ping_status":"closed","sticky":false,"template":"","format":"standard","meta":{"footnotes":""},"categories":[3],"tags":[5549,2117,2123],"class_list":["post-12379","post","type-post","status-publish","format-standard","hentry","category-musica","tag-nigel-godrich","tag-pink-floyd","tag-roger-waters"],"_links":{"self":[{"href":"http:\/\/cronicasyversiones.com\/index.php?rest_route=\/wp\/v2\/posts\/12379","targetHints":{"allow":["GET"]}}],"collection":[{"href":"http:\/\/cronicasyversiones.com\/index.php?rest_route=\/wp\/v2\/posts"}],"about":[{"href":"http:\/\/cronicasyversiones.com\/index.php?rest_route=\/wp\/v2\/types\/post"}],"author":[{"embeddable":true,"href":"http:\/\/cronicasyversiones.com\/index.php?rest_route=\/wp\/v2\/users\/5"}],"replies":[{"embeddable":true,"href":"http:\/\/cronicasyversiones.com\/index.php?rest_route=%2Fwp%2Fv2%2Fcomments&post=12379"}],"version-history":[{"count":0,"href":"http:\/\/cronicasyversiones.com\/index.php?rest_route=\/wp\/v2\/posts\/12379\/revisions"}],"wp:attachment":[{"href":"http:\/\/cronicasyversiones.com\/index.php?rest_route=%2Fwp%2Fv2%2Fmedia&parent=12379"}],"wp:term":[{"taxonomy":"category","embeddable":true,"href":"http:\/\/cronicasyversiones.com\/index.php?rest_route=%2Fwp%2Fv2%2Fcategories&post=12379"},{"taxonomy":"post_tag","embeddable":true,"href":"http:\/\/cronicasyversiones.com\/index.php?rest_route=%2Fwp%2Fv2%2Ftags&post=12379"}],"curies":[{"name":"wp","href":"https:\/\/api.w.org\/{rel}","templated":true}]}}