{"id":12508,"date":"2016-10-26T06:04:58","date_gmt":"2016-10-26T09:04:58","guid":{"rendered":"http:\/\/cronicasyversiones.com\/?p=12508"},"modified":"2016-10-26T14:09:23","modified_gmt":"2016-10-26T17:09:23","slug":"una-entrevista-publica-a-leonardo-padura-en-la-biblioteca-nacional","status":"publish","type":"post","link":"http:\/\/cronicasyversiones.com\/?p=12508","title":{"rendered":"Una entrevista p\u00fablica a Leonardo Padura, en la Biblioteca Nacional"},"content":{"rendered":"<div style=\"padding-bottom:20px; padding-top:10px;\" class=\"hupso-share-buttons\"><!-- Hupso Share Buttons - https:\/\/www.hupso.com\/share\/ --><a class=\"hupso_counters\" href=\"https:\/\/www.hupso.com\/share\/\"><img decoding=\"async\" src=\"http:\/\/static.hupso.com\/share\/buttons\/lang\/es\/share-small.png\" style=\"border:0px; padding-top:2px; float:left;\" alt=\"Share Button\"\/><\/a><script type=\"text\/javascript\">var hupso_services_c=new Array(\"twitter\",\"facebook_like\",\"google\");var hupso_counters_lang = \"es_LA\";var hupso_image_folder_url = \"\";var hupso_twitter_via=\"crsyvrs\";var hupso_url_c=\"\";<\/script><script type=\"text\/javascript\" src=\"http:\/\/static.hupso.com\/share\/js\/counters.js\"><\/script><!-- Hupso Share Buttons --><\/div><h2 style=\"text-align: justify;\">Ser\u00e1 entrevistado por el periodista Carlos Ulanovsky acerca de su trayectoria, sus libros, sus procesos creativos y el futuro de sus proyectos literarios.<\/h2>\n<p><img loading=\"lazy\" decoding=\"async\" class=\" wp-image-12509 aligncenter\" src=\"http:\/\/cronicasyversiones.com\/wp-content\/uploads\/2016\/10\/padura.jpg\" alt=\"padura\" width=\"638\" height=\"428\" srcset=\"http:\/\/cronicasyversiones.com\/wp-content\/uploads\/2016\/10\/padura.jpg 550w, http:\/\/cronicasyversiones.com\/wp-content\/uploads\/2016\/10\/padura-300x201.jpg 300w\" sizes=\"auto, (max-width: 638px) 100vw, 638px\" \/><\/p>\n<p style=\"text-align: justify;\">El escritor cubano <strong>Leonardo Padura<\/strong>, creador del personaje policial <strong>Mario Conde<\/strong> y autor de la novela \u00ab<em><strong>El hombre que amaba a los perros\u00bb<\/strong><\/em>, recalar\u00e1 en la Argentina para ser parte de una entrevista p\u00fablica el pr\u00f3ximo s\u00e1bado a las 19.30 en la<strong> Biblioteca Nacional.<\/strong><\/p>\n<p style=\"text-align: justify;\">En este encuentro, Padura ser\u00e1 entrevistado p\u00fablicamente por el periodista <strong>Carlos Ulanovsky<\/strong> acerca de su trayectoria, sus libros, sus procesos creativos y el futuro de sus proyectos literarios.<\/p>\n<p style=\"text-align: justify;\">La cita se desarrollar\u00e1 en el<strong> auditorio Jorge Luis Borges<\/strong> del edificio de la Biblioteca Nacional, ubicada en Ag\u00fcero 2502, Ciudad de Buenos Aires.\u00a0Las entradas para este encuentro literario estar\u00e1n disponibles a partir de las 18 del mismo s\u00e1bado y se entregar\u00e1n un m\u00e1ximo de dos por persona.<\/p>\n<p style=\"text-align: justify;\">El autor, nacido en La Habana en 1955, fue el ganador del <strong>Premio Princesa de Asturias de las Letras 2015<\/strong>, es autor de las novelas <em><strong>\u201cLa novela de mi vida\u201d<\/strong><\/em>, en torno de la figura del poeta Jos\u00e9 Mar\u00eda Heredia, y \u201c<em><strong>El hombre que amaba a los perros\u201d<\/strong><\/em>, un \u00e9xito de repercusi\u00f3n internacional en el que reconstruye las vidas de Le\u00f3n Trotsky y Ram\u00f3n Mercader.<\/p>\n<p style=\"text-align: justify;\">Considerado como el escritor cubano de mayor proyecci\u00f3n internacional, el autor tambi\u00e9n trabaj\u00f3 como guionista, periodista y cr\u00edtico, hasta lograr el reconocimiento internacional con la serie de novelas polic\u00edacas protagonizadas por el detective <strong>Mario Conde<\/strong> de la que forman parte las obras \u201cPasado perfecto\u201d, \u201cVientos de cuaresma\u201d, \u201cM\u00e1scaras\u201d, \u201cPaisaje de oto\u00f1o\u201d, \u201cAdi\u00f3s\u201d, \u201cHemingway\u201d, \u201cLa neblina del ayer\u201d y \u201cLa cola de la serpiente\u201d.<\/p>\n<div style=\"padding-bottom:20px; padding-top:10px;\" class=\"hupso-share-buttons\"><!-- Hupso Share Buttons - https:\/\/www.hupso.com\/share\/ --><a class=\"hupso_counters\" href=\"https:\/\/www.hupso.com\/share\/\"><img decoding=\"async\" src=\"http:\/\/static.hupso.com\/share\/buttons\/lang\/es\/share-small.png\" style=\"border:0px; padding-top:2px; float:left;\" alt=\"Share Button\"\/><\/a><script type=\"text\/javascript\">var hupso_services_c=new Array(\"twitter\",\"facebook_like\",\"google\");var hupso_counters_lang = \"es_LA\";var hupso_image_folder_url = \"\";var hupso_twitter_via=\"crsyvrs\";var hupso_url_c=\"\";<\/script><script type=\"text\/javascript\" src=\"http:\/\/static.hupso.com\/share\/js\/counters.js\"><\/script><!-- Hupso Share Buttons --><\/div> ","protected":false},"excerpt":{"rendered":"<div style=\"padding-bottom:20px; padding-top:10px;\" class=\"hupso-share-buttons\"><!-- Hupso Share Buttons - https:\/\/www.hupso.com\/share\/ --><a class=\"hupso_counters\" href=\"https:\/\/www.hupso.com\/share\/\"><img src=\"http:\/\/static.hupso.com\/share\/buttons\/lang\/es\/share-small.png\" style=\"border:0px; padding-top:2px; float:left;\" alt=\"Share Button\"\/><\/a><script type=\"text\/javascript\">var hupso_services_c=new Array(\"twitter\",\"facebook_like\",\"google\");var hupso_counters_lang = \"es_LA\";var hupso_image_folder_url = \"\";var hupso_twitter_via=\"crsyvrs\";var hupso_url_c=\"\";<\/script><script type=\"text\/javascript\" src=\"http:\/\/static.hupso.com\/share\/js\/counters.js\"><\/script><!-- Hupso Share Buttons --><\/div><p>Ser\u00e1 entrevistado por el periodista Carlos Ulanovsky acerca de su trayectoria, sus libros, sus procesos creativos y el futuro de sus proyectos literarios. El escritor cubano Leonardo Padura, creador del personaje policial Mario Conde y autor de la novela&#46;&#46;&#46;<\/p>\n<div style=\"padding-bottom:20px; padding-top:10px;\" class=\"hupso-share-buttons\"><!-- Hupso Share Buttons - https:\/\/www.hupso.com\/share\/ --><a class=\"hupso_counters\" href=\"https:\/\/www.hupso.com\/share\/\"><img src=\"http:\/\/static.hupso.com\/share\/buttons\/lang\/es\/share-small.png\" style=\"border:0px; padding-top:2px; float:left;\" alt=\"Share Button\"\/><\/a><script type=\"text\/javascript\">var hupso_services_c=new Array(\"twitter\",\"facebook_like\",\"google\");var hupso_counters_lang = \"es_LA\";var hupso_image_folder_url = \"\";var hupso_twitter_via=\"crsyvrs\";var hupso_url_c=\"\";<\/script><script type=\"text\/javascript\" src=\"http:\/\/static.hupso.com\/share\/js\/counters.js\"><\/script><!-- Hupso Share Buttons --><\/div>","protected":false},"author":5,"featured_media":0,"comment_status":"open","ping_status":"closed","sticky":false,"template":"","format":"standard","meta":{"footnotes":""},"categories":[7],"tags":[2046,4612],"class_list":["post-12508","post","type-post","status-publish","format-standard","hentry","category-literatura","tag-biblioteca-nacional","tag-leonardo-padura"],"_links":{"self":[{"href":"http:\/\/cronicasyversiones.com\/index.php?rest_route=\/wp\/v2\/posts\/12508","targetHints":{"allow":["GET"]}}],"collection":[{"href":"http:\/\/cronicasyversiones.com\/index.php?rest_route=\/wp\/v2\/posts"}],"about":[{"href":"http:\/\/cronicasyversiones.com\/index.php?rest_route=\/wp\/v2\/types\/post"}],"author":[{"embeddable":true,"href":"http:\/\/cronicasyversiones.com\/index.php?rest_route=\/wp\/v2\/users\/5"}],"replies":[{"embeddable":true,"href":"http:\/\/cronicasyversiones.com\/index.php?rest_route=%2Fwp%2Fv2%2Fcomments&post=12508"}],"version-history":[{"count":0,"href":"http:\/\/cronicasyversiones.com\/index.php?rest_route=\/wp\/v2\/posts\/12508\/revisions"}],"wp:attachment":[{"href":"http:\/\/cronicasyversiones.com\/index.php?rest_route=%2Fwp%2Fv2%2Fmedia&parent=12508"}],"wp:term":[{"taxonomy":"category","embeddable":true,"href":"http:\/\/cronicasyversiones.com\/index.php?rest_route=%2Fwp%2Fv2%2Fcategories&post=12508"},{"taxonomy":"post_tag","embeddable":true,"href":"http:\/\/cronicasyversiones.com\/index.php?rest_route=%2Fwp%2Fv2%2Ftags&post=12508"}],"curies":[{"name":"wp","href":"https:\/\/api.w.org\/{rel}","templated":true}]}}