{"id":12713,"date":"2016-11-10T08:08:16","date_gmt":"2016-11-10T11:08:16","guid":{"rendered":"http:\/\/cronicasyversiones.com\/?p=12713"},"modified":"2016-11-10T08:08:16","modified_gmt":"2016-11-10T11:08:16","slug":"neruda-abre-el-festival-internacional-de-cine-de-mar-del-plata","status":"publish","type":"post","link":"http:\/\/cronicasyversiones.com\/?p=12713","title":{"rendered":"\u201cNeruda\u201d abre el Festival Internacional de Cine de Mar del Plata"},"content":{"rendered":"<div style=\"padding-bottom:20px; padding-top:10px;\" class=\"hupso-share-buttons\"><!-- Hupso Share Buttons - https:\/\/www.hupso.com\/share\/ --><a class=\"hupso_counters\" href=\"https:\/\/www.hupso.com\/share\/\"><img decoding=\"async\" src=\"http:\/\/static.hupso.com\/share\/buttons\/lang\/es\/share-small.png\" style=\"border:0px; padding-top:2px; float:left;\" alt=\"Share Button\"\/><\/a><script type=\"text\/javascript\">var hupso_services_c=new Array(\"twitter\",\"facebook_like\",\"google\");var hupso_counters_lang = \"es_LA\";var hupso_image_folder_url = \"\";var hupso_twitter_via=\"crsyvrs\";var hupso_url_c=\"\";<\/script><script type=\"text\/javascript\" src=\"http:\/\/static.hupso.com\/share\/js\/counters.js\"><\/script><!-- Hupso Share Buttons --><\/div><div>\n<h2 class=\"x_MsoNormal\" style=\"text-align: justify;\">El film del chileno Pablo Larra\u00edn inaugurar\u00e1 el encuentro, en el que se proyectar\u00e1n m\u00e1s de 350 cortos y largometrajes.<\/h2>\n<p class=\"x_MsoNormal\">\u00a0<img loading=\"lazy\" decoding=\"async\" class=\" wp-image-12714 aligncenter\" src=\"http:\/\/cronicasyversiones.com\/wp-content\/uploads\/2016\/11\/Neruda.jpg\" alt=\"neruda\" width=\"756\" height=\"504\" srcset=\"http:\/\/cronicasyversiones.com\/wp-content\/uploads\/2016\/11\/Neruda.jpg 770w, http:\/\/cronicasyversiones.com\/wp-content\/uploads\/2016\/11\/Neruda-300x200.jpg 300w, http:\/\/cronicasyversiones.com\/wp-content\/uploads\/2016\/11\/Neruda-768x512.jpg 768w, http:\/\/cronicasyversiones.com\/wp-content\/uploads\/2016\/11\/Neruda-480x320.jpg 480w\" sizes=\"auto, (max-width: 756px) 100vw, 756px\" \/><\/p>\n<p class=\"x_MsoNormal\" style=\"text-align: justify;\">La pel\u00edcula <em><strong>\u201cNeruda\u201d<\/strong><\/em>, del cineasta chileno <strong>Pablo Larra\u00edn<\/strong> y protagonizada por<strong> Luis Gnecco, Gael Garc\u00eda Bernal y Mercedes Mor\u00e1n<\/strong>, ser\u00e1 la encargada de inaugurar el <strong>Festival Internacional de Cine de Mar del Plata<\/strong>, que tendr\u00e1 lugar entre el 18 y el 27 de noviembre su trig\u00e9sima primera edici\u00f3n.<\/p>\n<p class=\"x_MsoNormal\" style=\"text-align: justify;\">En esta nueva edici\u00f3n de la cita cinematogr\u00e1fica se proyectar\u00e1n m\u00e1s de 350 cortos y largometrajes, mientras que tendr\u00e1 de invitados al cineasta franc\u00e9s<strong> Olivier Assayas<\/strong> y al italiano <strong>Vittorio Storaro.\u00a0\u00a0<\/strong><\/p>\n<p class=\"x_MsoNormal\" style=\"text-align: justify;\">Se anunciaron los 12 films de la competencia oficial del festival<strong> Clase A<\/strong> que tendr\u00e1 como jurado a Hans Hurch, Lorena Mu\u00f1oz, Sylvie Pierre, Jean-Pierre Rehm y Jonathan Rosenbaum.<\/p>\n<p class=\"x_MsoNormal\" style=\"text-align: justify;\">Las pel\u00edculas son: \u201cEl futuro perfecto\u201d (Argentina-dirigida por Nele Wohlatz); \u201cHermia &amp; Helena\u201d (Argentina-EE.UU., de Mat\u00edas Pi\u00f1eiro); \u201cAquarius\u201d (Brasil, de Kleber Mendonza Filho); \u201cEra el cielo\u201d (Brasil, de Marco Dutra); \u201cEl cristo ciego\u201d (Chile, de Christopher Murray) y \u201cLa reconquista\u201d (Espa\u00f1a, de Jon\u00e1s Trueba).<\/p>\n<p class=\"x_MsoNormal\" style=\"text-align: justify;\">Tambi\u00e9n participar\u00e1n en la competencia principal \u201cMoonlight\u201d (Estados Unidos, de Barry Jenkins), \u201cNocturama\u201d (Francia, de Bertrand Bonello), \u201cFree Fire\u201d (Reino Unido-Francia, de Ben Wheatley); \u201cPeople That Are Not Me\u201d (Israel, de Hadas Ben Aroya); \u201cScarred Hearts\u201d (Rumania, de Radu Jude) y \u201cParadise\u201d (RusiaAlemania, de Andrei Konchalovsky).<\/p>\n<p class=\"x_MsoNormal\" style=\"text-align: justify;\">En Mar del Plata habr\u00e1 tambi\u00e9n un <strong>Panorama de Nuevos Autores<\/strong> y otros de<strong> Cine Argentino, Cine Latinoamericano <\/strong>y de<strong> Super 8\/16MM<\/strong>, con proyecciones en sus formatos originales. Tambi\u00e9n habr\u00e1 una secci\u00f3n titulada Cine sobre Cine, que reunir\u00e1 documentales y trabajos sobre grandes directores.<\/p>\n<p class=\"x_MsoNormal\" style=\"text-align: justify;\">El festival tendr\u00e1 retrospectivas de Thom Andersen, Masao Adachi, Olivier Assayas, Wang Bing y Peter Von Bagh, adem\u00e1s de reversiones y nuevas copias.<\/p>\n<\/div>\n<div style=\"padding-bottom:20px; padding-top:10px;\" class=\"hupso-share-buttons\"><!-- Hupso Share Buttons - https:\/\/www.hupso.com\/share\/ --><a class=\"hupso_counters\" href=\"https:\/\/www.hupso.com\/share\/\"><img decoding=\"async\" src=\"http:\/\/static.hupso.com\/share\/buttons\/lang\/es\/share-small.png\" style=\"border:0px; padding-top:2px; float:left;\" alt=\"Share Button\"\/><\/a><script type=\"text\/javascript\">var hupso_services_c=new Array(\"twitter\",\"facebook_like\",\"google\");var hupso_counters_lang = \"es_LA\";var hupso_image_folder_url = \"\";var hupso_twitter_via=\"crsyvrs\";var hupso_url_c=\"\";<\/script><script type=\"text\/javascript\" src=\"http:\/\/static.hupso.com\/share\/js\/counters.js\"><\/script><!-- Hupso Share Buttons --><\/div> ","protected":false},"excerpt":{"rendered":"<div style=\"padding-bottom:20px; padding-top:10px;\" class=\"hupso-share-buttons\"><!-- Hupso Share Buttons - https:\/\/www.hupso.com\/share\/ --><a class=\"hupso_counters\" href=\"https:\/\/www.hupso.com\/share\/\"><img src=\"http:\/\/static.hupso.com\/share\/buttons\/lang\/es\/share-small.png\" style=\"border:0px; padding-top:2px; float:left;\" alt=\"Share Button\"\/><\/a><script type=\"text\/javascript\">var hupso_services_c=new Array(\"twitter\",\"facebook_like\",\"google\");var hupso_counters_lang = \"es_LA\";var hupso_image_folder_url = \"\";var hupso_twitter_via=\"crsyvrs\";var hupso_url_c=\"\";<\/script><script type=\"text\/javascript\" src=\"http:\/\/static.hupso.com\/share\/js\/counters.js\"><\/script><!-- Hupso Share Buttons --><\/div><p>El film del chileno Pablo Larra\u00edn inaugurar\u00e1 el encuentro, en el que se proyectar\u00e1n m\u00e1s de 350 cortos y largometrajes. \u00a0 La pel\u00edcula \u201cNeruda\u201d, del cineasta chileno Pablo Larra\u00edn y protagonizada por Luis Gnecco, Gael Garc\u00eda Bernal y Mercedes&#46;&#46;&#46;<\/p>\n<div style=\"padding-bottom:20px; padding-top:10px;\" class=\"hupso-share-buttons\"><!-- Hupso Share Buttons - https:\/\/www.hupso.com\/share\/ --><a class=\"hupso_counters\" href=\"https:\/\/www.hupso.com\/share\/\"><img src=\"http:\/\/static.hupso.com\/share\/buttons\/lang\/es\/share-small.png\" style=\"border:0px; padding-top:2px; float:left;\" alt=\"Share Button\"\/><\/a><script type=\"text\/javascript\">var hupso_services_c=new Array(\"twitter\",\"facebook_like\",\"google\");var hupso_counters_lang = \"es_LA\";var hupso_image_folder_url = \"\";var hupso_twitter_via=\"crsyvrs\";var hupso_url_c=\"\";<\/script><script type=\"text\/javascript\" src=\"http:\/\/static.hupso.com\/share\/js\/counters.js\"><\/script><!-- Hupso Share Buttons --><\/div>","protected":false},"author":5,"featured_media":0,"comment_status":"open","ping_status":"closed","sticky":false,"template":"","format":"standard","meta":{"footnotes":""},"categories":[4],"tags":[5683,5172],"class_list":["post-12713","post","type-post","status-publish","format-standard","hentry","category-cine","tag-festival-de-cine-de-mar-del-plata","tag-pablo-larrain"],"_links":{"self":[{"href":"http:\/\/cronicasyversiones.com\/index.php?rest_route=\/wp\/v2\/posts\/12713","targetHints":{"allow":["GET"]}}],"collection":[{"href":"http:\/\/cronicasyversiones.com\/index.php?rest_route=\/wp\/v2\/posts"}],"about":[{"href":"http:\/\/cronicasyversiones.com\/index.php?rest_route=\/wp\/v2\/types\/post"}],"author":[{"embeddable":true,"href":"http:\/\/cronicasyversiones.com\/index.php?rest_route=\/wp\/v2\/users\/5"}],"replies":[{"embeddable":true,"href":"http:\/\/cronicasyversiones.com\/index.php?rest_route=%2Fwp%2Fv2%2Fcomments&post=12713"}],"version-history":[{"count":0,"href":"http:\/\/cronicasyversiones.com\/index.php?rest_route=\/wp\/v2\/posts\/12713\/revisions"}],"wp:attachment":[{"href":"http:\/\/cronicasyversiones.com\/index.php?rest_route=%2Fwp%2Fv2%2Fmedia&parent=12713"}],"wp:term":[{"taxonomy":"category","embeddable":true,"href":"http:\/\/cronicasyversiones.com\/index.php?rest_route=%2Fwp%2Fv2%2Fcategories&post=12713"},{"taxonomy":"post_tag","embeddable":true,"href":"http:\/\/cronicasyversiones.com\/index.php?rest_route=%2Fwp%2Fv2%2Ftags&post=12713"}],"curies":[{"name":"wp","href":"https:\/\/api.w.org\/{rel}","templated":true}]}}