{"id":12739,"date":"2016-11-13T12:00:39","date_gmt":"2016-11-13T15:00:39","guid":{"rendered":"http:\/\/cronicasyversiones.com\/?p=12739"},"modified":"2016-11-13T12:00:39","modified_gmt":"2016-11-13T15:00:39","slug":"gerard-depardieu-se-presenta-en-el-teatro-colon","status":"publish","type":"post","link":"http:\/\/cronicasyversiones.com\/?p=12739","title":{"rendered":"G\u00e9rard Depardieu se presenta en el Teatro Col\u00f3n"},"content":{"rendered":"<div style=\"padding-bottom:20px; padding-top:10px;\" class=\"hupso-share-buttons\"><!-- Hupso Share Buttons - https:\/\/www.hupso.com\/share\/ --><a class=\"hupso_counters\" href=\"https:\/\/www.hupso.com\/share\/\"><img decoding=\"async\" src=\"http:\/\/static.hupso.com\/share\/buttons\/lang\/es\/share-small.png\" style=\"border:0px; padding-top:2px; float:left;\" alt=\"Share Button\"\/><\/a><script type=\"text\/javascript\">var hupso_services_c=new Array(\"twitter\",\"facebook_like\",\"google\");var hupso_counters_lang = \"es_LA\";var hupso_image_folder_url = \"\";var hupso_twitter_via=\"crsyvrs\";var hupso_url_c=\"\";<\/script><script type=\"text\/javascript\" src=\"http:\/\/static.hupso.com\/share\/js\/counters.js\"><\/script><!-- Hupso Share Buttons --><\/div><h2 style=\"text-align: justify;\">El actor franc\u00e9s interpretar\u00e1 escenas de \u00abCyrano de Bergerac\u00bb, de Edmond Rostand, \u00abRuy Blas\u00bb, de V\u00edctor Hugo, y \u00abCarnaval de animales\u00bb, de Camile Saint-Sa\u00ebns.<\/h2>\n<p><img loading=\"lazy\" decoding=\"async\" class=\"size-full wp-image-12740 aligncenter\" src=\"http:\/\/cronicasyversiones.com\/wp-content\/uploads\/2016\/11\/4e4c6222-aed7-11e5-9032-83a4d7c37095.jpg\" alt=\"_4e4c6222-aed7-11e5-9032-83a4d7c37095\" width=\"640\" height=\"362\" srcset=\"http:\/\/cronicasyversiones.com\/wp-content\/uploads\/2016\/11\/4e4c6222-aed7-11e5-9032-83a4d7c37095.jpg 640w, http:\/\/cronicasyversiones.com\/wp-content\/uploads\/2016\/11\/4e4c6222-aed7-11e5-9032-83a4d7c37095-300x170.jpg 300w\" sizes=\"auto, (max-width: 640px) 100vw, 640px\" \/><\/p>\n<p style=\"text-align: justify;\"><strong>G\u00e9rard Depardieu<\/strong> interpretar\u00e1 escenas de <strong><em>\u00abCyrano de Bergerac\u00bb<\/em><\/strong>, de Edmond Rostand,<em><strong> \u00abRuy Blas\u00bb<\/strong><\/em>, de V\u00edctor Hugo, y <em><strong>\u00abCarnaval de animales\u00bb<\/strong><\/em>, de Camile Saint-Sa\u00ebns, en el <strong>Teatro Col\u00f3n<\/strong>, acompa\u00f1ado por una orquesta, el s\u00e1bado 17 y el domingo 18 de diciembre.<\/p>\n<p style=\"text-align: justify;\">El actor franc\u00e9s, protagonista de \u00abNovecento\u00bb, de Bernardo Bertolucci, o \u00abLa mujer de la pr\u00f3xima puerta\u00bb, de Fran\u00e7ois Truffaut, y elegido para encabezar el reparto de\u00a0\u00abMarsella\u00bb, la primera producci\u00f3n de la plataforma online <strong>Netflix<\/strong> en Francia, recalar\u00e1 en Argentina en una escala de su gira por Am\u00e9rica latina.<\/p>\n<p style=\"text-align: justify;\"><strong>Depardieu<\/strong> recorrer\u00e1 escenas de \u00abCyrano de Bergerac\u00bb, rom\u00e1ntico personaje al que ya encarn\u00f3 en cine en 1990 dirigido por Jean-Paul Rappeneau, sobre las tablas del Col\u00f3n, e interpretar\u00e1 tambi\u00e9n fragmentos del drama, ya un cl\u00e1sico en la dramaturgia francesa, \u00abRuy Blas\u00bb.<\/p>\n<p style=\"text-align: justify;\">El artista se presentar\u00e1 en Argentina con producci\u00f3n de TexoArt, a cargo de Ernesto Texo y Federico Carett, y adem\u00e1s de sus actuaciones dictar\u00e1 una clase magistral gratuita dirigida a actores y aficionados al teatro, en la Usina del Arte, el lunes 19 de diciembre, con inscripci\u00f3n previa.<\/p>\n<div style=\"padding-bottom:20px; padding-top:10px;\" class=\"hupso-share-buttons\"><!-- Hupso Share Buttons - https:\/\/www.hupso.com\/share\/ --><a class=\"hupso_counters\" href=\"https:\/\/www.hupso.com\/share\/\"><img decoding=\"async\" src=\"http:\/\/static.hupso.com\/share\/buttons\/lang\/es\/share-small.png\" style=\"border:0px; padding-top:2px; float:left;\" alt=\"Share Button\"\/><\/a><script type=\"text\/javascript\">var hupso_services_c=new Array(\"twitter\",\"facebook_like\",\"google\");var hupso_counters_lang = \"es_LA\";var hupso_image_folder_url = \"\";var hupso_twitter_via=\"crsyvrs\";var hupso_url_c=\"\";<\/script><script type=\"text\/javascript\" src=\"http:\/\/static.hupso.com\/share\/js\/counters.js\"><\/script><!-- Hupso Share Buttons --><\/div> ","protected":false},"excerpt":{"rendered":"<div style=\"padding-bottom:20px; padding-top:10px;\" class=\"hupso-share-buttons\"><!-- Hupso Share Buttons - https:\/\/www.hupso.com\/share\/ --><a class=\"hupso_counters\" href=\"https:\/\/www.hupso.com\/share\/\"><img src=\"http:\/\/static.hupso.com\/share\/buttons\/lang\/es\/share-small.png\" style=\"border:0px; padding-top:2px; float:left;\" alt=\"Share Button\"\/><\/a><script type=\"text\/javascript\">var hupso_services_c=new Array(\"twitter\",\"facebook_like\",\"google\");var hupso_counters_lang = \"es_LA\";var hupso_image_folder_url = \"\";var hupso_twitter_via=\"crsyvrs\";var hupso_url_c=\"\";<\/script><script type=\"text\/javascript\" src=\"http:\/\/static.hupso.com\/share\/js\/counters.js\"><\/script><!-- Hupso Share Buttons --><\/div><p>El actor franc\u00e9s interpretar\u00e1 escenas de \u00abCyrano de Bergerac\u00bb, de Edmond Rostand, \u00abRuy Blas\u00bb, de V\u00edctor Hugo, y \u00abCarnaval de animales\u00bb, de Camile Saint-Sa\u00ebns. G\u00e9rard Depardieu interpretar\u00e1 escenas de \u00abCyrano de Bergerac\u00bb, de Edmond Rostand, \u00abRuy Blas\u00bb, de V\u00edctor&#46;&#46;&#46;<\/p>\n<div style=\"padding-bottom:20px; padding-top:10px;\" class=\"hupso-share-buttons\"><!-- Hupso Share Buttons - https:\/\/www.hupso.com\/share\/ --><a class=\"hupso_counters\" href=\"https:\/\/www.hupso.com\/share\/\"><img src=\"http:\/\/static.hupso.com\/share\/buttons\/lang\/es\/share-small.png\" style=\"border:0px; padding-top:2px; float:left;\" alt=\"Share Button\"\/><\/a><script type=\"text\/javascript\">var hupso_services_c=new Array(\"twitter\",\"facebook_like\",\"google\");var hupso_counters_lang = \"es_LA\";var hupso_image_folder_url = \"\";var hupso_twitter_via=\"crsyvrs\";var hupso_url_c=\"\";<\/script><script type=\"text\/javascript\" src=\"http:\/\/static.hupso.com\/share\/js\/counters.js\"><\/script><!-- Hupso Share Buttons --><\/div>","protected":false},"author":5,"featured_media":0,"comment_status":"open","ping_status":"closed","sticky":false,"template":"","format":"standard","meta":{"footnotes":""},"categories":[5],"tags":[103,452],"class_list":["post-12739","post","type-post","status-publish","format-standard","hentry","category-teatro","tag-gerard-depardieu","tag-teatro-colon"],"_links":{"self":[{"href":"http:\/\/cronicasyversiones.com\/index.php?rest_route=\/wp\/v2\/posts\/12739","targetHints":{"allow":["GET"]}}],"collection":[{"href":"http:\/\/cronicasyversiones.com\/index.php?rest_route=\/wp\/v2\/posts"}],"about":[{"href":"http:\/\/cronicasyversiones.com\/index.php?rest_route=\/wp\/v2\/types\/post"}],"author":[{"embeddable":true,"href":"http:\/\/cronicasyversiones.com\/index.php?rest_route=\/wp\/v2\/users\/5"}],"replies":[{"embeddable":true,"href":"http:\/\/cronicasyversiones.com\/index.php?rest_route=%2Fwp%2Fv2%2Fcomments&post=12739"}],"version-history":[{"count":0,"href":"http:\/\/cronicasyversiones.com\/index.php?rest_route=\/wp\/v2\/posts\/12739\/revisions"}],"wp:attachment":[{"href":"http:\/\/cronicasyversiones.com\/index.php?rest_route=%2Fwp%2Fv2%2Fmedia&parent=12739"}],"wp:term":[{"taxonomy":"category","embeddable":true,"href":"http:\/\/cronicasyversiones.com\/index.php?rest_route=%2Fwp%2Fv2%2Fcategories&post=12739"},{"taxonomy":"post_tag","embeddable":true,"href":"http:\/\/cronicasyversiones.com\/index.php?rest_route=%2Fwp%2Fv2%2Ftags&post=12739"}],"curies":[{"name":"wp","href":"https:\/\/api.w.org\/{rel}","templated":true}]}}