{"id":12975,"date":"2016-11-30T08:06:01","date_gmt":"2016-11-30T11:06:01","guid":{"rendered":"http:\/\/cronicasyversiones.com\/?p=12975"},"modified":"2016-11-30T09:05:10","modified_gmt":"2016-11-30T12:05:10","slug":"guille-arrom-tocar-con-spinetta-me-cambio-la-vida","status":"publish","type":"post","link":"http:\/\/cronicasyversiones.com\/?p=12975","title":{"rendered":"Guille Arrom: \u201cTocar con Spinetta me cambi\u00f3 la vida\u201d"},"content":{"rendered":"<div style=\"padding-bottom:20px; padding-top:10px;\" class=\"hupso-share-buttons\"><!-- Hupso Share Buttons - https:\/\/www.hupso.com\/share\/ --><a class=\"hupso_counters\" href=\"https:\/\/www.hupso.com\/share\/\"><img decoding=\"async\" src=\"http:\/\/static.hupso.com\/share\/buttons\/lang\/es\/share-small.png\" style=\"border:0px; padding-top:2px; float:left;\" alt=\"Share Button\"\/><\/a><script type=\"text\/javascript\">var hupso_services_c=new Array(\"twitter\",\"facebook_like\",\"google\");var hupso_counters_lang = \"es_LA\";var hupso_image_folder_url = \"\";var hupso_twitter_via=\"crsyvrs\";var hupso_url_c=\"\";<\/script><script type=\"text\/javascript\" src=\"http:\/\/static.hupso.com\/share\/js\/counters.js\"><\/script><!-- Hupso Share Buttons --><\/div><h4>Por Edgardo Solano<\/h4>\n<h2>El talentoso guitarrista recuerda sus \u00e9pocas en la banda del Flaco, mientras arranca un ciclo de recitales con la Orquesta BrazoFuerte en Thelonious Jazz Club.<\/h2>\n<p><img loading=\"lazy\" decoding=\"async\" class=\" wp-image-12976 aligncenter\" src=\"http:\/\/cronicasyversiones.com\/wp-content\/uploads\/2016\/11\/Brazo.jpg\" alt=\"brazo\" width=\"609\" height=\"356\" srcset=\"http:\/\/cronicasyversiones.com\/wp-content\/uploads\/2016\/11\/Brazo.jpg 566w, http:\/\/cronicasyversiones.com\/wp-content\/uploads\/2016\/11\/Brazo-300x175.jpg 300w\" sizes=\"auto, (max-width: 609px) 100vw, 609px\" \/><\/p>\n<p style=\"text-align: justify;\">El guitarrista <strong>Guillermo Arrom<\/strong> es parte de la<strong> Orquesta BrazoFuerte,<\/strong> una formaci\u00f3n que recorre el repertorio del swing, el g\u00e9nero que comenz\u00f3 llenando los salones de fiesta de los \u201830 en los Estados Unidos, y tambi\u00e9n las distintas variantes del jazz de las d\u00e9cadas siguientes.<\/p>\n<p style=\"text-align: justify;\">Esta orquesta se form\u00f3 en enero de 2013 para transitar los cl\u00e1sicos del jazz, sus or\u00edgenes en <strong>Nueva Orleans, Chicago, Kansas City y los salones de baile de Nueva York.<\/strong> Su repertorio es amplio, recreando estilos como el hot jazz, dixieland, swing y mainstream.<\/p>\n<p style=\"text-align: justify;\">\u201c<strong>Abarcamos hasta los \u201950, hasta el bebop<\/strong>. Nos gusta mucho lo que estamos abarcando y lo tocamos respetando el estilo original, que es la mejor forma de tocarlo\u201d, le comenta el m\u00fasico a <em>Cr\u00f3nicas y versiones.<\/em><\/p>\n<p style=\"text-align: justify;\">Ese estilo de jazz nunca dej\u00f3 de interpretarse, a pesar de que el g\u00e9nero fue mutando una y otra vez. \u201cEs un estilo que se sigue tocando en todo el mundo y sigue habiendo festivales en todas partes, como el estilo del <strong>Hot Club de Paris y de Django Reinhardt<\/strong>. Es un estilo que fue evolucionando y que se sigue conservando\u201d, se\u00f1ala el guitarrista y banjoista a prop\u00f3sito de la vigencia del jazz de los \u201930.<\/p>\n<p style=\"text-align: justify;\">La <strong>Orquesta BrazoFuerte\u00a0<\/strong>va a adelantar su segundo disco,\u00a0<em><strong>\u201cVivo en Thelonious\u201d,<\/strong> <\/em>los s\u00e1bados 3, 10 y 17 de diciembre las 21,30 en <strong>Thelonious Jazz Club,<\/strong> ubicado en Salguero 1884, en el barrio porte\u00f1o de Palermo.<\/p>\n<p style=\"text-align: justify;\">Adem\u00e1s de Guille Arrom, la formaci\u00f3n se completa con <strong>Juan Klappenbach<\/strong> en clarinete y saxo, <strong>Marcelo Gallo<\/strong> en trompeta, <strong>Eduardo Manentti<\/strong> en tromb\u00f3n, <strong>Manuel Fraga<\/strong> en piano, <strong>Nicanor Su\u00e1rez<\/strong> en contrabajo y <strong>Hern\u00e1n Avella<\/strong> en bater\u00eda y percusi\u00f3n.<\/p>\n<p style=\"text-align: justify;\"><strong>Entre el jazz y Spinetta\u00a0<\/strong><\/p>\n<p style=\"text-align: justify;\">Guillermo Arrom dio sus primeros pasos en el mundo del jazz a partir del dominio del estilo \u201c<strong>manouche\u201d y \u201cdixieland\u201d<\/strong>. Tambi\u00e9n fue guitarrista de Luis Alberto Spinetta, actuando tambi\u00e9n junto a Fats Fern\u00e1ndez, Hugo Pierre, Walter y Javier Malosetti, Diego Urcola, Scott Henderson y hasta con el gran tecladista de jazz y compositor austriaco Joe Zawinul.<\/p>\n<p style=\"text-align: justify;\">Adem\u00e1s, particip\u00f3 junto a <strong>Anacrusa<\/strong>, Orquesta Juan de Dios Filiberto, Orquesta Nacional de Jazz de Espa\u00f1a y de Nonos con Navajas, la margen de una estancia espa\u00f1ola de gran actividad art\u00edstica.<\/p>\n<p style=\"text-align: justify;\">\u201cMi hermano mayor tocaba la guitarra y cuando ten\u00eda 6 a\u00f1os me ense\u00f1o los acordes de los temas de <strong>Django Reinhardt y Oscar Alem\u00e1n<\/strong> para que haga la base. A los 10 a\u00f1os me empez\u00f3 a gustar Pappo y los 15 a\u00f1os ya estaba tocando en fiestas\u201d, recuerda Guille.<\/p>\n<p style=\"text-align: justify;\">Desde entonces toc\u00f3 alternativamente con formaci\u00f3n de jazz como Huevo, donde cantaba <strong>Fena Della Maggiora<\/strong> y tocaba los teclados un joven\u00a0<strong>Fito P\u00e1ez,<\/strong> y la big band San Mar\u00eda Jazz Band, que inclu\u00eda en sus filas al trompetista <strong>Fats Fern\u00e1ndez.<\/strong> Mientras que tambi\u00e9n se comenz\u00f3 tocar en bandas de rock, como en el primer disco como solista de <strong>Mar\u00eda Rosa Yorio.<\/strong><\/p>\n<p style=\"text-align: justify;\">A fines de los \u201980 ingres\u00f3 a la banda de <strong>Luis Alberto Spinetta<\/strong> en reemplazo de <strong>Ulises Butr\u00f3n,<\/strong> quien se ir\u00eda a tocar con Miguel Mateos en una gira en que tambi\u00e9n ser\u00eda el telonero con su grupo Metr\u00f3poli.<\/p>\n<p style=\"text-align: justify;\">\u201c<strong>Fue una etapa maravillosa, me cambi\u00f3 la vida tocar con Spinetta.<\/strong> Aprender a tocar con los m\u00fasicos que ten\u00eda esa banda fue maravilloso, un apredizaje sin sufrimiento\u201d, acota sobre la etapa en la que comparti\u00f3 la banda del Flaco con el Mono Fontana, Javier Malosetti, Jota Morelli y otros m\u00fasicos.<\/p>\n<p style=\"text-align: justify;\">Con Spinetta grab\u00f3 \u201cTester de violencia\u201d, \u201cDon Lucero\u201d, \u201cExactas\u201d y \u201cPelus\u00f3n of Milk\u201d, adem\u00e1s de participar en numerosos shows en vivo. \u201cEntre imitando a Ulises, haciendo arreglos pensando en como tocaba \u00e9l. Un d\u00eda me puse a tocar con un estilo m\u00e1s jazzero y me llam\u00f3 a parte y me dijo: <strong>\u2018Guillito quiero que ahora toqu\u00e9s siempre\u00a0as\u00ed\u2019.<\/strong> Me dio la chance de que toque como yo\u201d, se\u00f1ala.<\/p>\n<p style=\"text-align: justify;\">Actualmente, al margen de de labor como guitarrista y banjoista en Orquesta BrazoFuerte, <a href=\"http:\/\/cronicasyversiones.com\/?p=7521\">es parte de una suerte de tributo al disco \u201cA 18\u2019 minutos\u201d, <\/a>de Luis Alberto Spinetta, junto a Machi Rufino, Luis Cer\u00e1volo y \u00c1lvaro Torres, que reemplaza a Andr\u00e9s Beeuwsaert.<\/p>\n<p style=\"text-align: justify;\"><strong>La Orquesta BrazoFuerte, en\u00a0vivo<\/strong><\/p>\n<p><iframe loading=\"lazy\" src=\"https:\/\/www.youtube.com\/embed\/RVNkdTwLLQY\" width=\"600\" height=\"330\" frameborder=\"0\" allowfullscreen=\"allowfullscreen\"><\/iframe><\/p>\n<div style=\"padding-bottom:20px; padding-top:10px;\" class=\"hupso-share-buttons\"><!-- Hupso Share Buttons - https:\/\/www.hupso.com\/share\/ --><a class=\"hupso_counters\" href=\"https:\/\/www.hupso.com\/share\/\"><img decoding=\"async\" src=\"http:\/\/static.hupso.com\/share\/buttons\/lang\/es\/share-small.png\" style=\"border:0px; padding-top:2px; float:left;\" alt=\"Share Button\"\/><\/a><script type=\"text\/javascript\">var hupso_services_c=new Array(\"twitter\",\"facebook_like\",\"google\");var hupso_counters_lang = \"es_LA\";var hupso_image_folder_url = \"\";var hupso_twitter_via=\"crsyvrs\";var hupso_url_c=\"\";<\/script><script type=\"text\/javascript\" src=\"http:\/\/static.hupso.com\/share\/js\/counters.js\"><\/script><!-- Hupso Share Buttons --><\/div> ","protected":false},"excerpt":{"rendered":"<div style=\"padding-bottom:20px; padding-top:10px;\" class=\"hupso-share-buttons\"><!-- Hupso Share Buttons - https:\/\/www.hupso.com\/share\/ --><a class=\"hupso_counters\" href=\"https:\/\/www.hupso.com\/share\/\"><img src=\"http:\/\/static.hupso.com\/share\/buttons\/lang\/es\/share-small.png\" style=\"border:0px; padding-top:2px; float:left;\" alt=\"Share Button\"\/><\/a><script type=\"text\/javascript\">var hupso_services_c=new Array(\"twitter\",\"facebook_like\",\"google\");var hupso_counters_lang = \"es_LA\";var hupso_image_folder_url = \"\";var hupso_twitter_via=\"crsyvrs\";var hupso_url_c=\"\";<\/script><script type=\"text\/javascript\" src=\"http:\/\/static.hupso.com\/share\/js\/counters.js\"><\/script><!-- Hupso Share Buttons --><\/div><p>Por Edgardo Solano El talentoso guitarrista recuerda sus \u00e9pocas en la banda del Flaco, mientras arranca un ciclo de recitales con la Orquesta BrazoFuerte en Thelonious Jazz Club. El guitarrista Guillermo Arrom es parte de la Orquesta BrazoFuerte, una&#46;&#46;&#46;<\/p>\n<div style=\"padding-bottom:20px; padding-top:10px;\" class=\"hupso-share-buttons\"><!-- Hupso Share Buttons - https:\/\/www.hupso.com\/share\/ --><a class=\"hupso_counters\" href=\"https:\/\/www.hupso.com\/share\/\"><img src=\"http:\/\/static.hupso.com\/share\/buttons\/lang\/es\/share-small.png\" style=\"border:0px; padding-top:2px; float:left;\" alt=\"Share Button\"\/><\/a><script type=\"text\/javascript\">var hupso_services_c=new Array(\"twitter\",\"facebook_like\",\"google\");var hupso_counters_lang = \"es_LA\";var hupso_image_folder_url = \"\";var hupso_twitter_via=\"crsyvrs\";var hupso_url_c=\"\";<\/script><script type=\"text\/javascript\" src=\"http:\/\/static.hupso.com\/share\/js\/counters.js\"><\/script><!-- Hupso Share Buttons --><\/div>","protected":false},"author":5,"featured_media":0,"comment_status":"open","ping_status":"closed","sticky":false,"template":"","format":"standard","meta":{"footnotes":""},"categories":[3],"tags":[2838,7487],"class_list":["post-12975","post","type-post","status-publish","format-standard","hentry","category-musica","tag-guille-arrom","tag-orquesta-brazofuerte"],"_links":{"self":[{"href":"http:\/\/cronicasyversiones.com\/index.php?rest_route=\/wp\/v2\/posts\/12975","targetHints":{"allow":["GET"]}}],"collection":[{"href":"http:\/\/cronicasyversiones.com\/index.php?rest_route=\/wp\/v2\/posts"}],"about":[{"href":"http:\/\/cronicasyversiones.com\/index.php?rest_route=\/wp\/v2\/types\/post"}],"author":[{"embeddable":true,"href":"http:\/\/cronicasyversiones.com\/index.php?rest_route=\/wp\/v2\/users\/5"}],"replies":[{"embeddable":true,"href":"http:\/\/cronicasyversiones.com\/index.php?rest_route=%2Fwp%2Fv2%2Fcomments&post=12975"}],"version-history":[{"count":0,"href":"http:\/\/cronicasyversiones.com\/index.php?rest_route=\/wp\/v2\/posts\/12975\/revisions"}],"wp:attachment":[{"href":"http:\/\/cronicasyversiones.com\/index.php?rest_route=%2Fwp%2Fv2%2Fmedia&parent=12975"}],"wp:term":[{"taxonomy":"category","embeddable":true,"href":"http:\/\/cronicasyversiones.com\/index.php?rest_route=%2Fwp%2Fv2%2Fcategories&post=12975"},{"taxonomy":"post_tag","embeddable":true,"href":"http:\/\/cronicasyversiones.com\/index.php?rest_route=%2Fwp%2Fv2%2Ftags&post=12975"}],"curies":[{"name":"wp","href":"https:\/\/api.w.org\/{rel}","templated":true}]}}