{"id":13083,"date":"2016-12-07T15:46:56","date_gmt":"2016-12-07T18:46:56","guid":{"rendered":"http:\/\/cronicasyversiones.com\/?p=13083"},"modified":"2016-12-07T15:46:56","modified_gmt":"2016-12-07T18:46:56","slug":"teatro-ciego-se-suma-a-la-cartelera-de-villa-carlos-paz","status":"publish","type":"post","link":"http:\/\/cronicasyversiones.com\/?p=13083","title":{"rendered":"Teatro Ciego se suma a la cartelera de Villa Carlos Paz"},"content":{"rendered":"<div style=\"padding-bottom:20px; padding-top:10px;\" class=\"hupso-share-buttons\"><!-- Hupso Share Buttons - https:\/\/www.hupso.com\/share\/ --><a class=\"hupso_counters\" href=\"https:\/\/www.hupso.com\/share\/\"><img decoding=\"async\" src=\"http:\/\/static.hupso.com\/share\/buttons\/lang\/es\/share-small.png\" style=\"border:0px; padding-top:2px; float:left;\" alt=\"Share Button\"\/><\/a><script type=\"text\/javascript\">var hupso_services_c=new Array(\"twitter\",\"facebook_like\",\"google\");var hupso_counters_lang = \"es_LA\";var hupso_image_folder_url = \"\";var hupso_twitter_via=\"crsyvrs\";var hupso_url_c=\"\";<\/script><script type=\"text\/javascript\" src=\"http:\/\/static.hupso.com\/share\/js\/counters.js\"><\/script><!-- Hupso Share Buttons --><\/div><h2 style=\"text-align: justify;\">La compa\u00f1\u00eda pondr\u00e1 en escena a las puestas \u201cUn viaje a ciegas\u201d, \u201cInodoro Pereyra a Ciegas\u201d y el infantil \u201cMi Amiga la Oscuridad\u201d.<\/h2>\n<p><img loading=\"lazy\" decoding=\"async\" class=\"wp-image-13084 aligncenter\" src=\"http:\/\/cronicasyversiones.com\/wp-content\/uploads\/2016\/12\/Elenco_Inodoro_Pereyra_a_Ciegas_lentes_Baja_1-1024x683.jpg\" alt=\"elenco_inodoro_pereyra_a_ciegas_lentes_baja_1\" width=\"752\" height=\"501\" srcset=\"http:\/\/cronicasyversiones.com\/wp-content\/uploads\/2016\/12\/Elenco_Inodoro_Pereyra_a_Ciegas_lentes_Baja_1-1024x683.jpg 1024w, http:\/\/cronicasyversiones.com\/wp-content\/uploads\/2016\/12\/Elenco_Inodoro_Pereyra_a_Ciegas_lentes_Baja_1-300x200.jpg 300w, http:\/\/cronicasyversiones.com\/wp-content\/uploads\/2016\/12\/Elenco_Inodoro_Pereyra_a_Ciegas_lentes_Baja_1-768x512.jpg 768w, http:\/\/cronicasyversiones.com\/wp-content\/uploads\/2016\/12\/Elenco_Inodoro_Pereyra_a_Ciegas_lentes_Baja_1-480x320.jpg 480w, http:\/\/cronicasyversiones.com\/wp-content\/uploads\/2016\/12\/Elenco_Inodoro_Pereyra_a_Ciegas_lentes_Baja_1.jpg 1839w\" sizes=\"auto, (max-width: 752px) 100vw, 752px\" \/><\/p>\n<p style=\"text-align: justify;\"><em><strong>Teatro Ciego<\/strong><\/em> se suma a la cartelera teatral de <strong>Villa Carlos Paz<\/strong> de esta temporada en el<strong> Teatro Escondido<\/strong>, ubicado en 9 de julio 21, con las puestas <em><strong>\u201cUn viaje a ciegas\u201d, \u201cInodoro Pereyra a Ciegas\u201d <\/strong><\/em>y el infantil<em><strong> \u201cMi Amiga la Oscuridad\u201d.<\/strong><\/em><\/p>\n<p style=\"text-align: justify;\">Esta propuesta se trata del \u00fanico teatro en el mundo donde todos los espect\u00e1culos son realizados en total oscuridad. Con m\u00e1s de una d\u00e9cada de trayectoria en Buenos Aires y m\u00e1s de 30 ciudades del pa\u00eds recorridas, y tambi\u00e9n con presentaciones internacionales en Chile, Bolivia, Uruguay, M\u00e9xico y Espa\u00f1a, vuelve a la Villa para vivir un verano diferente, con <strong>las mejores propuestas donde los sentidos son los protagonistas.<\/strong><\/p>\n<p style=\"text-align: justify;\"><strong><em>\u201cUn Viaje a Ciegas\u201d<\/em><\/strong><\/p>\n<p style=\"text-align: justify;\">Un t\u00edpico bar de Buenos Aires y unas cuantas historias de amor en distintos tiempos y espacios. Una experiencia teatral con m\u00fasica en vivo para viajar con los sentidos.<\/p>\n<p style=\"text-align: justify;\">Funciones: mi\u00e9rcoles a lunes a las 22, jueves y viernes a las 23.50. .<\/p>\n<p style=\"text-align: justify;\">Localidades: $250<\/p>\n<p style=\"text-align: justify;\"><strong>Ficha T\u00e9cnica:<\/strong><\/p>\n<p style=\"text-align: justify;\">Elenco:\u00a0C\u00e9sar Mart\u00ednez como Don Mart\u00ednez,\u00a0Facundo Bogar\u00edn como Don Rosendo,\u00a0Bel\u00e9n Cabrera como Ernestina,\u00a0Nicol\u00e1s Romero como Arturito.<\/p>\n<p style=\"text-align: justify;\">Piano: Jonatan Jusid<\/p>\n<p style=\"text-align: justify;\">Sonido: Agustin Lerda<\/p>\n<p style=\"text-align: justify;\">Direcci\u00f3n: Mart\u00edn Bondone<\/p>\n<p style=\"text-align: justify;\">Producci\u00f3n: Teatro Ciego<\/p>\n<p style=\"text-align: justify;\"><strong><em>\u201cInodoro Pereyra a Ciegas\u201d<\/em><\/strong><\/p>\n<p style=\"text-align: justify;\">Una comedia con todos los personajes y el humor de la historieta del gran Roberto Fontanarrosa en completa oscuridad.<\/p>\n<p style=\"text-align: justify;\">Funciones: jueves y viernes a las 22.<\/p>\n<p style=\"text-align: justify;\">Localidades: $250<\/p>\n<p style=\"text-align: justify;\"><strong>Ficha T\u00e9cnica:<\/strong><\/p>\n<p style=\"text-align: justify;\">Elenco:\u00a0C\u00e9sar Mart\u00ednez como Inodoro Pereyra,\u00a0Augusto Chiape como Mendieta,\u00a0Lola Stagnaro como Eulogia,\u00a0Facundo Bogar\u00edn como el Escorpi\u00f3n Resolana,\u00a0Nicol\u00e1s Romero como Loros y cuervo,\u00a0Jonatan Jusid como Polic\u00eda y Cura.<\/p>\n<p style=\"text-align: justify;\">Sonido: Agustin Lerda<\/p>\n<p style=\"text-align: justify;\">Direcci\u00f3n: Mart\u00edn Bondone<\/p>\n<p style=\"text-align: justify;\">Producci\u00f3n: Teatro Ciego<\/p>\n<p style=\"text-align: justify;\"><strong><em>\u201cMi Amiga la Oscuridad\u201d<\/em><\/strong><\/p>\n<p style=\"text-align: justify;\">Una f\u00e1bula que nos invita a viajar con la imaginaci\u00f3n. Los chicos llamar\u00e1n a nuestra amiga la oscuridad con sus pulseritas del poder para sumergirse en el maravilloso mundo del Teatro Ciego.<\/p>\n<p style=\"text-align: justify;\">Funciones: jueves a s\u00e1bado a las 20,30.<\/p>\n<p style=\"text-align: justify;\">Localidades: $150<\/p>\n<p style=\"text-align: justify;\"><strong>Ficha T\u00e9cnica:\u00a0<\/strong><\/p>\n<p style=\"text-align: justify;\">Elenco:\u00a0C\u00e9sar Mart\u00ednez como Nescius,\u00a0Facundo Bogar\u00edn como Positiv\u00edn,\u00a0Lola Stagnaro como Claridad,\u00a0Nicol\u00e1s Romero como Duende<\/p>\n<p style=\"text-align: justify;\">Sonido: Agust\u00edn Lerda<\/p>\n<p style=\"text-align: justify;\">Direcci\u00f3n: Mart\u00edn Bondone<\/p>\n<p style=\"text-align: justify;\">Producci\u00f3n: Teatro Ciego<\/p>\n<div style=\"padding-bottom:20px; padding-top:10px;\" class=\"hupso-share-buttons\"><!-- Hupso Share Buttons - https:\/\/www.hupso.com\/share\/ --><a class=\"hupso_counters\" href=\"https:\/\/www.hupso.com\/share\/\"><img decoding=\"async\" src=\"http:\/\/static.hupso.com\/share\/buttons\/lang\/es\/share-small.png\" style=\"border:0px; padding-top:2px; float:left;\" alt=\"Share Button\"\/><\/a><script type=\"text\/javascript\">var hupso_services_c=new Array(\"twitter\",\"facebook_like\",\"google\");var hupso_counters_lang = \"es_LA\";var hupso_image_folder_url = \"\";var hupso_twitter_via=\"crsyvrs\";var hupso_url_c=\"\";<\/script><script type=\"text\/javascript\" src=\"http:\/\/static.hupso.com\/share\/js\/counters.js\"><\/script><!-- Hupso Share Buttons --><\/div> ","protected":false},"excerpt":{"rendered":"<div style=\"padding-bottom:20px; padding-top:10px;\" class=\"hupso-share-buttons\"><!-- Hupso Share Buttons - https:\/\/www.hupso.com\/share\/ --><a class=\"hupso_counters\" href=\"https:\/\/www.hupso.com\/share\/\"><img src=\"http:\/\/static.hupso.com\/share\/buttons\/lang\/es\/share-small.png\" style=\"border:0px; padding-top:2px; float:left;\" alt=\"Share Button\"\/><\/a><script type=\"text\/javascript\">var hupso_services_c=new Array(\"twitter\",\"facebook_like\",\"google\");var hupso_counters_lang = \"es_LA\";var hupso_image_folder_url = \"\";var hupso_twitter_via=\"crsyvrs\";var hupso_url_c=\"\";<\/script><script type=\"text\/javascript\" src=\"http:\/\/static.hupso.com\/share\/js\/counters.js\"><\/script><!-- Hupso Share Buttons --><\/div><p>La compa\u00f1\u00eda pondr\u00e1 en escena a las puestas \u201cUn viaje a ciegas\u201d, \u201cInodoro Pereyra a Ciegas\u201d y el infantil \u201cMi Amiga la Oscuridad\u201d. Teatro Ciego se suma a la cartelera teatral de Villa Carlos Paz de esta temporada en&#46;&#46;&#46;<\/p>\n<div style=\"padding-bottom:20px; padding-top:10px;\" class=\"hupso-share-buttons\"><!-- Hupso Share Buttons - https:\/\/www.hupso.com\/share\/ --><a class=\"hupso_counters\" href=\"https:\/\/www.hupso.com\/share\/\"><img src=\"http:\/\/static.hupso.com\/share\/buttons\/lang\/es\/share-small.png\" style=\"border:0px; padding-top:2px; float:left;\" alt=\"Share Button\"\/><\/a><script type=\"text\/javascript\">var hupso_services_c=new Array(\"twitter\",\"facebook_like\",\"google\");var hupso_counters_lang = \"es_LA\";var hupso_image_folder_url = \"\";var hupso_twitter_via=\"crsyvrs\";var hupso_url_c=\"\";<\/script><script type=\"text\/javascript\" src=\"http:\/\/static.hupso.com\/share\/js\/counters.js\"><\/script><!-- Hupso Share Buttons --><\/div>","protected":false},"author":5,"featured_media":0,"comment_status":"open","ping_status":"closed","sticky":false,"template":"","format":"standard","meta":{"footnotes":""},"categories":[5],"tags":[2760,7504],"class_list":["post-13083","post","type-post","status-publish","format-standard","hentry","category-teatro","tag-teatro-ciego","tag-villa-carlos-paz"],"_links":{"self":[{"href":"http:\/\/cronicasyversiones.com\/index.php?rest_route=\/wp\/v2\/posts\/13083","targetHints":{"allow":["GET"]}}],"collection":[{"href":"http:\/\/cronicasyversiones.com\/index.php?rest_route=\/wp\/v2\/posts"}],"about":[{"href":"http:\/\/cronicasyversiones.com\/index.php?rest_route=\/wp\/v2\/types\/post"}],"author":[{"embeddable":true,"href":"http:\/\/cronicasyversiones.com\/index.php?rest_route=\/wp\/v2\/users\/5"}],"replies":[{"embeddable":true,"href":"http:\/\/cronicasyversiones.com\/index.php?rest_route=%2Fwp%2Fv2%2Fcomments&post=13083"}],"version-history":[{"count":0,"href":"http:\/\/cronicasyversiones.com\/index.php?rest_route=\/wp\/v2\/posts\/13083\/revisions"}],"wp:attachment":[{"href":"http:\/\/cronicasyversiones.com\/index.php?rest_route=%2Fwp%2Fv2%2Fmedia&parent=13083"}],"wp:term":[{"taxonomy":"category","embeddable":true,"href":"http:\/\/cronicasyversiones.com\/index.php?rest_route=%2Fwp%2Fv2%2Fcategories&post=13083"},{"taxonomy":"post_tag","embeddable":true,"href":"http:\/\/cronicasyversiones.com\/index.php?rest_route=%2Fwp%2Fv2%2Ftags&post=13083"}],"curies":[{"name":"wp","href":"https:\/\/api.w.org\/{rel}","templated":true}]}}