{"id":1316,"date":"2014-03-26T15:15:33","date_gmt":"2014-03-26T18:15:33","guid":{"rendered":"http:\/\/cronicasyversiones.com\/?p=1316"},"modified":"2014-03-26T15:16:05","modified_gmt":"2014-03-26T18:16:05","slug":"tiempo-latente-una-mirada-del-folklore-del-trio-aura","status":"publish","type":"post","link":"http:\/\/cronicasyversiones.com\/?p=1316","title":{"rendered":"\u201cTiempo latente\u201d, una mirada del folklore del tr\u00edo Aura!"},"content":{"rendered":"<div style=\"padding-bottom:20px; padding-top:10px;\" class=\"hupso-share-buttons\"><!-- Hupso Share Buttons - https:\/\/www.hupso.com\/share\/ --><a class=\"hupso_counters\" href=\"https:\/\/www.hupso.com\/share\/\"><img decoding=\"async\" src=\"http:\/\/static.hupso.com\/share\/buttons\/lang\/es\/share-small.png\" style=\"border:0px; padding-top:2px; float:left;\" alt=\"Share Button\"\/><\/a><script type=\"text\/javascript\">var hupso_services_c=new Array(\"twitter\",\"facebook_like\",\"google\");var hupso_counters_lang = \"es_LA\";var hupso_image_folder_url = \"\";var hupso_twitter_via=\"crsyvrs\";var hupso_url_c=\"\";<\/script><script type=\"text\/javascript\" src=\"http:\/\/static.hupso.com\/share\/js\/counters.js\"><\/script><!-- Hupso Share Buttons --><\/div><h2 style=\"text-align: justify;\">Esta formaci\u00f3n, que integran Popi Spatocco, Ricardo C\u00e1nepa y Facundo Guevara, contin\u00faa presentado su primer opus, un proyecto instrumental basado en los sonidos de Am\u00e9rica latina.<\/h2>\n<p style=\"text-align: justify;\"><a href=\"http:\/\/cronicasyversiones.com\/wp-content\/uploads\/2014\/03\/Aura.jpg\"><img loading=\"lazy\" decoding=\"async\" class=\"size-full wp-image-1317 aligncenter\" alt=\"Aura\" src=\"http:\/\/cronicasyversiones.com\/wp-content\/uploads\/2014\/03\/Aura.jpg\" width=\"640\" height=\"360\" srcset=\"http:\/\/cronicasyversiones.com\/wp-content\/uploads\/2014\/03\/Aura.jpg 640w, http:\/\/cronicasyversiones.com\/wp-content\/uploads\/2014\/03\/Aura-300x168.jpg 300w, http:\/\/cronicasyversiones.com\/wp-content\/uploads\/2014\/03\/Aura-624x351.jpg 624w\" sizes=\"auto, (max-width: 640px) 100vw, 640px\" \/><\/a><\/p>\n<p style=\"text-align: justify;\">El tr\u00edo <strong>Aura!,<\/strong> que integran los m\u00fasicos <strong>Popi Spatocco<\/strong> en piano y direcci\u00f3n musical, <strong>Ricardo C\u00e1nepa<\/strong> en contrabajo y <strong>Facundo Guevara\u00a0<\/strong> en percusi\u00f3n, continuar\u00e1 presentando los temas de su \u00e1lbum estreno <em><strong>\u201cTiempo latente\u201d<\/strong><\/em> el viernes 4 de abril a las 21 en <strong>Caf\u00e9 Vinilo<\/strong>, ubicado en Gorriti 3730,\u00a0 en el barrio porte\u00f1o de Palermo.<\/p>\n<p>Con largu\u00edsima experiencia musical, los artistas decidieron reunirse para plasmar un proyecto instrumental a partir de temas originales en base a la m\u00fasica folcl\u00f3rica argentina y latinoamericana.<\/p>\n<p>Popi Spatocco acompa\u00f1\u00f3 por cuatro d\u00e9cadas a<strong> Mercedes Sosa<\/strong> y fue el productor de<em><strong> \u201cCantora\u201d<\/strong><\/em>, el disco doble y DVD de la \u201cNegra\u201d, en el que participaron Luis Alberto Spinetta, Shakira, Ren\u00e9 P\u00e9rez de Calle 13, Joan Manuel Serrat y Pedro Aznar, entre otros m\u00fasicos. El primer disco logro obtener dos Grammy Latinos 2009, por Mejor \u00e1lbum folcl\u00f3rico y Mejor dise\u00f1o de empaque.<\/p>\n<p>\u201cEl desplazado\u201d, \u201cAguayo\u201d, \u201cNuestra primavera\u201d, \u201cLa S\u00e1nchez\u201d, \u201cCampo or\u00e9gano\u201d, \u201cPedregal\u201d y una versi\u00f3n de<em><strong> \u201cPiedra y camino\u201d<\/strong><\/em> de<strong> Atahualpa Yupanqui<\/strong>, son algunos de los temas que integran la interesante propuesta del tr\u00edo.<\/p>\n<p><iframe loading=\"lazy\" src=\"\/\/www.youtube.com\/embed\/EZwK5Je8bCE\" height=\"315\" width=\"560\" allowfullscreen=\"\" frameborder=\"0\"><\/iframe><\/p>\n<div style=\"padding-bottom:20px; padding-top:10px;\" class=\"hupso-share-buttons\"><!-- Hupso Share Buttons - https:\/\/www.hupso.com\/share\/ --><a class=\"hupso_counters\" href=\"https:\/\/www.hupso.com\/share\/\"><img decoding=\"async\" src=\"http:\/\/static.hupso.com\/share\/buttons\/lang\/es\/share-small.png\" style=\"border:0px; padding-top:2px; float:left;\" alt=\"Share Button\"\/><\/a><script type=\"text\/javascript\">var hupso_services_c=new Array(\"twitter\",\"facebook_like\",\"google\");var hupso_counters_lang = \"es_LA\";var hupso_image_folder_url = \"\";var hupso_twitter_via=\"crsyvrs\";var hupso_url_c=\"\";<\/script><script type=\"text\/javascript\" src=\"http:\/\/static.hupso.com\/share\/js\/counters.js\"><\/script><!-- Hupso Share Buttons --><\/div> ","protected":false},"excerpt":{"rendered":"<div style=\"padding-bottom:20px; padding-top:10px;\" class=\"hupso-share-buttons\"><!-- Hupso Share Buttons - https:\/\/www.hupso.com\/share\/ --><a class=\"hupso_counters\" href=\"https:\/\/www.hupso.com\/share\/\"><img src=\"http:\/\/static.hupso.com\/share\/buttons\/lang\/es\/share-small.png\" style=\"border:0px; padding-top:2px; float:left;\" alt=\"Share Button\"\/><\/a><script type=\"text\/javascript\">var hupso_services_c=new Array(\"twitter\",\"facebook_like\",\"google\");var hupso_counters_lang = \"es_LA\";var hupso_image_folder_url = \"\";var hupso_twitter_via=\"crsyvrs\";var hupso_url_c=\"\";<\/script><script type=\"text\/javascript\" src=\"http:\/\/static.hupso.com\/share\/js\/counters.js\"><\/script><!-- Hupso Share Buttons --><\/div><p>Esta formaci\u00f3n, que integran Popi Spatocco, Ricardo C\u00e1nepa y Facundo Guevara, contin\u00faa presentado su primer opus, un proyecto instrumental basado en los sonidos de Am\u00e9rica latina. El tr\u00edo Aura!, que integran los m\u00fasicos Popi Spatocco en piano y direcci\u00f3n&#46;&#46;&#46;<\/p>\n<div style=\"padding-bottom:20px; padding-top:10px;\" class=\"hupso-share-buttons\"><!-- Hupso Share Buttons - https:\/\/www.hupso.com\/share\/ --><a class=\"hupso_counters\" href=\"https:\/\/www.hupso.com\/share\/\"><img src=\"http:\/\/static.hupso.com\/share\/buttons\/lang\/es\/share-small.png\" style=\"border:0px; padding-top:2px; float:left;\" alt=\"Share Button\"\/><\/a><script type=\"text\/javascript\">var hupso_services_c=new Array(\"twitter\",\"facebook_like\",\"google\");var hupso_counters_lang = \"es_LA\";var hupso_image_folder_url = \"\";var hupso_twitter_via=\"crsyvrs\";var hupso_url_c=\"\";<\/script><script type=\"text\/javascript\" src=\"http:\/\/static.hupso.com\/share\/js\/counters.js\"><\/script><!-- Hupso Share Buttons --><\/div>","protected":false},"author":5,"featured_media":0,"comment_status":"open","ping_status":"open","sticky":false,"template":"","format":"standard","meta":{"footnotes":""},"categories":[3],"tags":[1135,16,1133,1136,1134,1131,1132,1130],"class_list":["post-1316","post","type-post","status-publish","format-standard","hentry","category-musica","tag-cantora","tag-cronicas-y-versiones","tag-facundo-guevara","tag-folklore","tag-mercedes-sosa","tag-poppi-spatocco","tag-ricardo-canepa","tag-trio-aura"],"_links":{"self":[{"href":"http:\/\/cronicasyversiones.com\/index.php?rest_route=\/wp\/v2\/posts\/1316","targetHints":{"allow":["GET"]}}],"collection":[{"href":"http:\/\/cronicasyversiones.com\/index.php?rest_route=\/wp\/v2\/posts"}],"about":[{"href":"http:\/\/cronicasyversiones.com\/index.php?rest_route=\/wp\/v2\/types\/post"}],"author":[{"embeddable":true,"href":"http:\/\/cronicasyversiones.com\/index.php?rest_route=\/wp\/v2\/users\/5"}],"replies":[{"embeddable":true,"href":"http:\/\/cronicasyversiones.com\/index.php?rest_route=%2Fwp%2Fv2%2Fcomments&post=1316"}],"version-history":[{"count":0,"href":"http:\/\/cronicasyversiones.com\/index.php?rest_route=\/wp\/v2\/posts\/1316\/revisions"}],"wp:attachment":[{"href":"http:\/\/cronicasyversiones.com\/index.php?rest_route=%2Fwp%2Fv2%2Fmedia&parent=1316"}],"wp:term":[{"taxonomy":"category","embeddable":true,"href":"http:\/\/cronicasyversiones.com\/index.php?rest_route=%2Fwp%2Fv2%2Fcategories&post=1316"},{"taxonomy":"post_tag","embeddable":true,"href":"http:\/\/cronicasyversiones.com\/index.php?rest_route=%2Fwp%2Fv2%2Ftags&post=1316"}],"curies":[{"name":"wp","href":"https:\/\/api.w.org\/{rel}","templated":true}]}}