{"id":13190,"date":"2016-12-15T11:51:40","date_gmt":"2016-12-15T14:51:40","guid":{"rendered":"http:\/\/cronicasyversiones.com\/?p=13190"},"modified":"2016-12-15T11:51:40","modified_gmt":"2016-12-15T14:51:40","slug":"sol-negro-en-5-capitulos","status":"publish","type":"post","link":"http:\/\/cronicasyversiones.com\/?p=13190","title":{"rendered":"Sol Negro en 5 cap\u00edtulos"},"content":{"rendered":"<div style=\"padding-bottom:20px; padding-top:10px;\" class=\"hupso-share-buttons\"><!-- Hupso Share Buttons - https:\/\/www.hupso.com\/share\/ --><a class=\"hupso_counters\" href=\"https:\/\/www.hupso.com\/share\/\"><img decoding=\"async\" src=\"http:\/\/static.hupso.com\/share\/buttons\/lang\/es\/share-small.png\" style=\"border:0px; padding-top:2px; float:left;\" alt=\"Share Button\"\/><\/a><script type=\"text\/javascript\">var hupso_services_c=new Array(\"twitter\",\"facebook_like\",\"google\");var hupso_counters_lang = \"es_LA\";var hupso_image_folder_url = \"\";var hupso_twitter_via=\"crsyvrs\";var hupso_url_c=\"\";<\/script><script type=\"text\/javascript\" src=\"http:\/\/static.hupso.com\/share\/js\/counters.js\"><\/script><!-- Hupso Share Buttons --><\/div><h2>Un repaso por algunos momentos de esta miniserie que se centra en la historia de un joven que es internado en un neuropsiqui\u00e1trico para evadir la prisi\u00f3n.<\/h2>\n<p><img loading=\"lazy\" decoding=\"async\" class=\"size-full wp-image-13191 aligncenter\" src=\"http:\/\/cronicasyversiones.com\/wp-content\/uploads\/2016\/12\/Sol.jpg\" alt=\"\" width=\"635\" height=\"357\" srcset=\"http:\/\/cronicasyversiones.com\/wp-content\/uploads\/2016\/12\/Sol.jpg 635w, http:\/\/cronicasyversiones.com\/wp-content\/uploads\/2016\/12\/Sol-300x169.jpg 300w\" sizes=\"auto, (max-width: 635px) 100vw, 635px\" \/><\/p>\n<p><em><strong>\u201cSol negro\u201d<\/strong><\/em> fue una miniserie que se emiti\u00f3 por el canal<strong> Am\u00e9rica TV<\/strong> en a fines del a\u00f1o 2003, cuya trama se centra en la historia de un joven que es internado en un neuropsiqui\u00e1trico para evadir la prisi\u00f3n, y gira en torno a su inserci\u00f3n en el c\u00edrculo de internos del hospital y a una red de complicidad para quitarle su parte de una herencia familiar.<\/p>\n<p><strong>La imagen del sol negro no se relaciona con el misticismo nazi<\/strong>, sino que es \u00abun s\u00edmbolo de la alquimia y la astrolog\u00eda, que representa la oscuridad del alma que no deja ver la claridad de la vida, y la esperanza que se esconde detr\u00e1s de los negros rayos\u00bb.<\/p>\n<p>El elenco lo completan Rodrigo de la Serna, Carlos Belloso, Alejandro Urdarpilleta, Cecilia Roth, \u00a0Julieta Ortega, Diego Capusotto, Carlos Santamar\u00eda, Alejandro Awada, Alejo Ortiz, Pedro Segni, Paula Robles y Nahuel P\u00e9rez Biscayart.<\/p>\n<p>Un repaso por \u201cSol Negro\u201d<\/p>\n<h1>Capitulo 1<\/h1>\n<p><iframe loading=\"lazy\" src=\"https:\/\/www.youtube.com\/embed\/hnEoMC2Z9-s\" width=\"560\" height=\"315\" frameborder=\"0\" allowfullscreen=\"allowfullscreen\"><\/iframe><\/p>\n<p>Ramiro Bustos es llevado por su hermano Pedro a un hospital neuropsiqui\u00e1trico, donde lo recibe el Dr. Mariano Puentes. Dos meses atr\u00e1s, en su noche de cumplea\u00f1os y en medio de un frenes\u00ed de alcohol y drogas, hab\u00eda robado un auto con sus amigos, y conduciendo a contramano por una avenida hab\u00eda sufrido un choque en el que hab\u00eda muerto su mejor amigo, Teddy, que ahora se le aparece constantemente en visiones.<\/p>\n<h1>Capitulo 2<\/h1>\n<p><iframe loading=\"lazy\" src=\"https:\/\/www.youtube.com\/embed\/pHX8cydpA7U\" width=\"560\" height=\"315\" frameborder=\"0\" allowfullscreen=\"allowfullscreen\"><\/iframe><\/p>\n<p>Mientras Lito despierta con mechones de cabello desprendido en su almohada, luego de su brote psic\u00f3tico del d\u00eda anterior, los enfermeros realizan un paro de servicio. Los doctores deben hacerse cargo de los internos, y a la noche los enfermeros cortan la luz del hospital.<\/p>\n<h1>Capitulo 5<\/h1>\n<p><iframe loading=\"lazy\" src=\"https:\/\/www.youtube.com\/embed\/AL0FqOc0HCE\" width=\"560\" height=\"315\" frameborder=\"0\" allowfullscreen=\"allowfullscreen\"><\/iframe><\/p>\n<p>Lito, Laucha, el Japa y Augusto escapan del hospital para hacer una visita al Dr. Puentes. Mientras, Ramiro ya est\u00e1 recuperado a su estado de conciencia normal, y consigue que Lara pose para \u00e9l como modelo en un retrato, aunque luego ella se indigna porque descubre que la ha pintado desnuda.<\/p>\n<h1>Capitulo 9<\/h1>\n<p><iframe loading=\"lazy\" src=\"https:\/\/www.youtube.com\/embed\/2A-_jEqBj1Y\" width=\"560\" height=\"315\" frameborder=\"0\" allowfullscreen=\"allowfullscreen\"><\/iframe><\/p>\n<p>Los m\u00e9dicos irrumpen en la habitaci\u00f3n por los gritos de Lara, pero el Negro ya ha inyectado a Ramiro, que est\u00e1 inconsciente. Mientras Glezer despide al Negro a pesar de sus amenazas, Puentes se encarga de conectar a Ramiro para estabilizarlo hasta que baje el nivel de insulina en sangre.<\/p>\n<h1>Capitulo 13<\/h1>\n<p><iframe loading=\"lazy\" src=\"https:\/\/www.youtube.com\/embed\/uAq8EQOW0yI\" width=\"560\" height=\"315\" frameborder=\"0\" allowfullscreen=\"allowfullscreen\"><\/iframe><\/p>\n<p>Puentes inmoviliza a Ramiro justo a tiempo, y Glezer le dice que aproveche para visitar al Laucha antes de que muera, conmocionada. Luego de una charla de despedida con Ramiro, el Laucha expira finalmente. Puentes le pasa la noticia a Glezer, quien se queda dormida en su escritorio, llorando.<\/p>\n<div style=\"padding-bottom:20px; padding-top:10px;\" class=\"hupso-share-buttons\"><!-- Hupso Share Buttons - https:\/\/www.hupso.com\/share\/ --><a class=\"hupso_counters\" href=\"https:\/\/www.hupso.com\/share\/\"><img decoding=\"async\" src=\"http:\/\/static.hupso.com\/share\/buttons\/lang\/es\/share-small.png\" style=\"border:0px; padding-top:2px; float:left;\" alt=\"Share Button\"\/><\/a><script type=\"text\/javascript\">var hupso_services_c=new Array(\"twitter\",\"facebook_like\",\"google\");var hupso_counters_lang = \"es_LA\";var hupso_image_folder_url = \"\";var hupso_twitter_via=\"crsyvrs\";var hupso_url_c=\"\";<\/script><script type=\"text\/javascript\" src=\"http:\/\/static.hupso.com\/share\/js\/counters.js\"><\/script><!-- Hupso Share Buttons --><\/div> ","protected":false},"excerpt":{"rendered":"<div style=\"padding-bottom:20px; padding-top:10px;\" class=\"hupso-share-buttons\"><!-- Hupso Share Buttons - https:\/\/www.hupso.com\/share\/ --><a class=\"hupso_counters\" href=\"https:\/\/www.hupso.com\/share\/\"><img src=\"http:\/\/static.hupso.com\/share\/buttons\/lang\/es\/share-small.png\" style=\"border:0px; padding-top:2px; float:left;\" alt=\"Share Button\"\/><\/a><script type=\"text\/javascript\">var hupso_services_c=new Array(\"twitter\",\"facebook_like\",\"google\");var hupso_counters_lang = \"es_LA\";var hupso_image_folder_url = \"\";var hupso_twitter_via=\"crsyvrs\";var hupso_url_c=\"\";<\/script><script type=\"text\/javascript\" src=\"http:\/\/static.hupso.com\/share\/js\/counters.js\"><\/script><!-- Hupso Share Buttons --><\/div><p>Un repaso por algunos momentos de esta miniserie que se centra en la historia de un joven que es internado en un neuropsiqui\u00e1trico para evadir la prisi\u00f3n. \u201cSol negro\u201d fue una miniserie que se emiti\u00f3 por el canal Am\u00e9rica&#46;&#46;&#46;<\/p>\n<div style=\"padding-bottom:20px; padding-top:10px;\" class=\"hupso-share-buttons\"><!-- Hupso Share Buttons - https:\/\/www.hupso.com\/share\/ --><a class=\"hupso_counters\" href=\"https:\/\/www.hupso.com\/share\/\"><img src=\"http:\/\/static.hupso.com\/share\/buttons\/lang\/es\/share-small.png\" style=\"border:0px; padding-top:2px; float:left;\" alt=\"Share Button\"\/><\/a><script type=\"text\/javascript\">var hupso_services_c=new Array(\"twitter\",\"facebook_like\",\"google\");var hupso_counters_lang = \"es_LA\";var hupso_image_folder_url = \"\";var hupso_twitter_via=\"crsyvrs\";var hupso_url_c=\"\";<\/script><script type=\"text\/javascript\" src=\"http:\/\/static.hupso.com\/share\/js\/counters.js\"><\/script><!-- Hupso Share Buttons --><\/div>","protected":false},"author":5,"featured_media":0,"comment_status":"open","ping_status":"closed","sticky":false,"template":"","format":"standard","meta":{"footnotes":""},"categories":[4363,6],"tags":[7526,7529,3913,1079,2314,7527,4018,7528],"class_list":["post-13190","post","type-post","status-publish","format-standard","hentry","category-en-5-capitulos","category-radio-y-tv","tag-alejandro-urdarpilleta","tag-america-tv","tag-carlos-belloso","tag-cecilia-roth","tag-diego-capusotto","tag-julieta-ortega","tag-rodrigo-de-la-serna","tag-sol-negro"],"_links":{"self":[{"href":"http:\/\/cronicasyversiones.com\/index.php?rest_route=\/wp\/v2\/posts\/13190","targetHints":{"allow":["GET"]}}],"collection":[{"href":"http:\/\/cronicasyversiones.com\/index.php?rest_route=\/wp\/v2\/posts"}],"about":[{"href":"http:\/\/cronicasyversiones.com\/index.php?rest_route=\/wp\/v2\/types\/post"}],"author":[{"embeddable":true,"href":"http:\/\/cronicasyversiones.com\/index.php?rest_route=\/wp\/v2\/users\/5"}],"replies":[{"embeddable":true,"href":"http:\/\/cronicasyversiones.com\/index.php?rest_route=%2Fwp%2Fv2%2Fcomments&post=13190"}],"version-history":[{"count":0,"href":"http:\/\/cronicasyversiones.com\/index.php?rest_route=\/wp\/v2\/posts\/13190\/revisions"}],"wp:attachment":[{"href":"http:\/\/cronicasyversiones.com\/index.php?rest_route=%2Fwp%2Fv2%2Fmedia&parent=13190"}],"wp:term":[{"taxonomy":"category","embeddable":true,"href":"http:\/\/cronicasyversiones.com\/index.php?rest_route=%2Fwp%2Fv2%2Fcategories&post=13190"},{"taxonomy":"post_tag","embeddable":true,"href":"http:\/\/cronicasyversiones.com\/index.php?rest_route=%2Fwp%2Fv2%2Ftags&post=13190"}],"curies":[{"name":"wp","href":"https:\/\/api.w.org\/{rel}","templated":true}]}}