{"id":13333,"date":"2016-12-27T15:22:36","date_gmt":"2016-12-27T18:22:36","guid":{"rendered":"http:\/\/cronicasyversiones.com\/?p=13333"},"modified":"2016-12-27T15:22:36","modified_gmt":"2016-12-27T18:22:36","slug":"primero-enero-de-dario-mascambroni-al-festival-de-cine-de-berlin","status":"publish","type":"post","link":"http:\/\/cronicasyversiones.com\/?p=13333","title":{"rendered":"\u201cPrimero enero\u201d, de Dar\u00edo Mascambroni, al Festival de Cine de Berl\u00edn"},"content":{"rendered":"<div style=\"padding-bottom:20px; padding-top:10px;\" class=\"hupso-share-buttons\"><!-- Hupso Share Buttons - https:\/\/www.hupso.com\/share\/ --><a class=\"hupso_counters\" href=\"https:\/\/www.hupso.com\/share\/\"><img decoding=\"async\" src=\"http:\/\/static.hupso.com\/share\/buttons\/lang\/es\/share-small.png\" style=\"border:0px; padding-top:2px; float:left;\" alt=\"Share Button\"\/><\/a><script type=\"text\/javascript\">var hupso_services_c=new Array(\"twitter\",\"facebook_like\",\"google\");var hupso_counters_lang = \"es_LA\";var hupso_image_folder_url = \"\";var hupso_twitter_via=\"crsyvrs\";var hupso_url_c=\"\";<\/script><script type=\"text\/javascript\" src=\"http:\/\/static.hupso.com\/share\/js\/counters.js\"><\/script><!-- Hupso Share Buttons --><\/div><h2>La \u00f3pera prima del realizador esta ambientada en las sierras cordobesas y se centra en la relaci\u00f3n entre un ni\u00f1o y su padre, quien acaba de divorciarse de su madre.<\/h2>\n<p><img loading=\"lazy\" decoding=\"async\" class=\"size-full wp-image-13334 aligncenter\" src=\"http:\/\/cronicasyversiones.com\/wp-content\/uploads\/2016\/12\/Primero-Enero-critica-655.jpg\" alt=\"\" width=\"655\" height=\"380\" srcset=\"http:\/\/cronicasyversiones.com\/wp-content\/uploads\/2016\/12\/Primero-Enero-critica-655.jpg 655w, http:\/\/cronicasyversiones.com\/wp-content\/uploads\/2016\/12\/Primero-Enero-critica-655-300x174.jpg 300w\" sizes=\"auto, (max-width: 655px) 100vw, 655px\" \/><\/p>\n<p><em><strong>\u201cPrimero enero\u201d<\/strong><\/em>, la \u00f3pera prima de<strong> Dar\u00edo Mascambroni,<\/strong> se suma a la edici\u00f3n 67ma. del <strong>Festival de Cine de Berl\u00edn<\/strong> que tendr\u00e1 lugar entre el 9 y el 19 de febrero en la capital alemana, en la <strong>Competencia Generaci\u00f3n K-Plus.<\/strong><\/p>\n<p>El film del director argentino, <strong>ambientando en las sierras cordobesas,<\/strong> se centra en la relaci\u00f3n entre un ni\u00f1o y su padre, quien acaba de divorciarse de su madre y piensa vender la casa de veraneo en esa provincia argentina, lo cual plantea una relaci\u00f3n de tensi\u00f3n.<\/p>\n<p><em><strong>\u201cPrimero enero\u201d<\/strong><\/em> se suma al documental <a href=\"http:\/\/cronicasyversiones.com\/?p=13254\">\u00abCuatreros\u00bb, de Albertina Carri, que se proyectar\u00e1 en la secci\u00f3n Foro de la Berlinale.<\/a><\/p>\n<p>En este caso, la pel\u00edcula, que tiene previsto su estreno comercial en Buenos Aires la primera semana de ese mismo mes, ya tuvo su estreno mundial en la competencia latinoamericana del \u00faltimo <strong>Festival de Cine de Mar del Plata<\/strong>, el pasado noviembre.<\/p>\n<p>Este largometraje, el quinto en la carrera de la realizadora, narra sobre la incapacidad para realizar <strong>una pel\u00edcula y, en forma autorreferencial, entrecruza su vida,<\/strong> la de hijo de 8 a\u00f1os, su padre, el soci\u00f3logo desaparecido Alberto Carri, y el cuatrero Isidro Vel\u00e1zquez, asesinado por el gobierno de Ongan\u00eda.<\/p>\n<div style=\"padding-bottom:20px; padding-top:10px;\" class=\"hupso-share-buttons\"><!-- Hupso Share Buttons - https:\/\/www.hupso.com\/share\/ --><a class=\"hupso_counters\" href=\"https:\/\/www.hupso.com\/share\/\"><img decoding=\"async\" src=\"http:\/\/static.hupso.com\/share\/buttons\/lang\/es\/share-small.png\" style=\"border:0px; padding-top:2px; float:left;\" alt=\"Share Button\"\/><\/a><script type=\"text\/javascript\">var hupso_services_c=new Array(\"twitter\",\"facebook_like\",\"google\");var hupso_counters_lang = \"es_LA\";var hupso_image_folder_url = \"\";var hupso_twitter_via=\"crsyvrs\";var hupso_url_c=\"\";<\/script><script type=\"text\/javascript\" src=\"http:\/\/static.hupso.com\/share\/js\/counters.js\"><\/script><!-- Hupso Share Buttons --><\/div> ","protected":false},"excerpt":{"rendered":"<div style=\"padding-bottom:20px; padding-top:10px;\" class=\"hupso-share-buttons\"><!-- Hupso Share Buttons - https:\/\/www.hupso.com\/share\/ --><a class=\"hupso_counters\" href=\"https:\/\/www.hupso.com\/share\/\"><img src=\"http:\/\/static.hupso.com\/share\/buttons\/lang\/es\/share-small.png\" style=\"border:0px; padding-top:2px; float:left;\" alt=\"Share Button\"\/><\/a><script type=\"text\/javascript\">var hupso_services_c=new Array(\"twitter\",\"facebook_like\",\"google\");var hupso_counters_lang = \"es_LA\";var hupso_image_folder_url = \"\";var hupso_twitter_via=\"crsyvrs\";var hupso_url_c=\"\";<\/script><script type=\"text\/javascript\" src=\"http:\/\/static.hupso.com\/share\/js\/counters.js\"><\/script><!-- Hupso Share Buttons --><\/div><p>La \u00f3pera prima del realizador esta ambientada en las sierras cordobesas y se centra en la relaci\u00f3n entre un ni\u00f1o y su padre, quien acaba de divorciarse de su madre. \u201cPrimero enero\u201d, la \u00f3pera prima de Dar\u00edo Mascambroni, se&#46;&#46;&#46;<\/p>\n<div style=\"padding-bottom:20px; padding-top:10px;\" class=\"hupso-share-buttons\"><!-- Hupso Share Buttons - https:\/\/www.hupso.com\/share\/ --><a class=\"hupso_counters\" href=\"https:\/\/www.hupso.com\/share\/\"><img src=\"http:\/\/static.hupso.com\/share\/buttons\/lang\/es\/share-small.png\" style=\"border:0px; padding-top:2px; float:left;\" alt=\"Share Button\"\/><\/a><script type=\"text\/javascript\">var hupso_services_c=new Array(\"twitter\",\"facebook_like\",\"google\");var hupso_counters_lang = \"es_LA\";var hupso_image_folder_url = \"\";var hupso_twitter_via=\"crsyvrs\";var hupso_url_c=\"\";<\/script><script type=\"text\/javascript\" src=\"http:\/\/static.hupso.com\/share\/js\/counters.js\"><\/script><!-- Hupso Share Buttons --><\/div>","protected":false},"author":5,"featured_media":0,"comment_status":"open","ping_status":"closed","sticky":false,"template":"","format":"standard","meta":{"footnotes":""},"categories":[4],"tags":[7565,3549],"class_list":["post-13333","post","type-post","status-publish","format-standard","hentry","category-cine","tag-dario-mascambroni","tag-festival-de-cine-de-berlin"],"_links":{"self":[{"href":"http:\/\/cronicasyversiones.com\/index.php?rest_route=\/wp\/v2\/posts\/13333","targetHints":{"allow":["GET"]}}],"collection":[{"href":"http:\/\/cronicasyversiones.com\/index.php?rest_route=\/wp\/v2\/posts"}],"about":[{"href":"http:\/\/cronicasyversiones.com\/index.php?rest_route=\/wp\/v2\/types\/post"}],"author":[{"embeddable":true,"href":"http:\/\/cronicasyversiones.com\/index.php?rest_route=\/wp\/v2\/users\/5"}],"replies":[{"embeddable":true,"href":"http:\/\/cronicasyversiones.com\/index.php?rest_route=%2Fwp%2Fv2%2Fcomments&post=13333"}],"version-history":[{"count":0,"href":"http:\/\/cronicasyversiones.com\/index.php?rest_route=\/wp\/v2\/posts\/13333\/revisions"}],"wp:attachment":[{"href":"http:\/\/cronicasyversiones.com\/index.php?rest_route=%2Fwp%2Fv2%2Fmedia&parent=13333"}],"wp:term":[{"taxonomy":"category","embeddable":true,"href":"http:\/\/cronicasyversiones.com\/index.php?rest_route=%2Fwp%2Fv2%2Fcategories&post=13333"},{"taxonomy":"post_tag","embeddable":true,"href":"http:\/\/cronicasyversiones.com\/index.php?rest_route=%2Fwp%2Fv2%2Ftags&post=13333"}],"curies":[{"name":"wp","href":"https:\/\/api.w.org\/{rel}","templated":true}]}}