{"id":13494,"date":"2017-01-06T09:14:19","date_gmt":"2017-01-06T12:14:19","guid":{"rendered":"http:\/\/cronicasyversiones.com\/?p=13494"},"modified":"2017-01-06T09:14:19","modified_gmt":"2017-01-06T12:14:19","slug":"a-los-90-anos-martin-walser-publica-una-nueva-novela","status":"publish","type":"post","link":"http:\/\/cronicasyversiones.com\/?p=13494","title":{"rendered":"A los 90 a\u00f1os, Martin Walser publica una nueva novela"},"content":{"rendered":"<div style=\"padding-bottom:20px; padding-top:10px;\" class=\"hupso-share-buttons\"><!-- Hupso Share Buttons - https:\/\/www.hupso.com\/share\/ --><a class=\"hupso_counters\" href=\"https:\/\/www.hupso.com\/share\/\"><img decoding=\"async\" src=\"http:\/\/static.hupso.com\/share\/buttons\/lang\/es\/share-small.png\" style=\"border:0px; padding-top:2px; float:left;\" alt=\"Share Button\"\/><\/a><script type=\"text\/javascript\">var hupso_services_c=new Array(\"twitter\",\"facebook_like\",\"google\");var hupso_counters_lang = \"es_LA\";var hupso_image_folder_url = \"\";var hupso_twitter_via=\"crsyvrs\";var hupso_url_c=\"\";<\/script><script type=\"text\/javascript\" src=\"http:\/\/static.hupso.com\/share\/js\/counters.js\"><\/script><!-- Hupso Share Buttons --><\/div><div>\n<h2 class=\"x_MsoNormal\">Se trata de \u00abEn lugar de algo o en la \u00faltima fila\u00bb, una publicaci\u00f3n en la aborda sobre los \u00a0grandes temas como el amor y la culpa.<\/h2>\n<p class=\"x_MsoNormal\">\u00a0<img loading=\"lazy\" decoding=\"async\" class=\"size-full wp-image-13495 aligncenter\" src=\"http:\/\/cronicasyversiones.com\/wp-content\/uploads\/2017\/01\/martin-walser.jpg\" alt=\"\" width=\"620\" height=\"349\" srcset=\"http:\/\/cronicasyversiones.com\/wp-content\/uploads\/2017\/01\/martin-walser.jpg 620w, http:\/\/cronicasyversiones.com\/wp-content\/uploads\/2017\/01\/martin-walser-300x169.jpg 300w\" sizes=\"auto, (max-width: 620px) 100vw, 620px\" \/><\/p>\n<p class=\"x_MsoNormal\">El escritor alem\u00e1n <strong>Martin Walser,<\/strong> que en marzo cumplir\u00e1 90 a\u00f1os, acaba de lanzar\u00a0<em><strong>\u00abEn lugar de algo o en la \u00faltima fila\u00bb<\/strong><\/em>, una novela sobre grandes temas como el amor y la culpa.<\/p>\n<p class=\"x_MsoNormal\">Este autor form\u00f3 parte del denominado <strong>Grupo 47<\/strong> que participaba en las reuniones organizadas por <strong>Hans Werner Richter.\u00a0\u00a0<\/strong><\/p>\n<p class=\"x_MsoNormal\">A mediados de diciembre de 2016 la revista alemana Cicero design\u00f3 a Walser como <strong>el intelectual m\u00e1s importante de Alemania.<\/strong> \u00a0\u00abNo doy mucha importancia a esas clasificaciones. Hubo una lista de Cicero en la que el papa Benedicto XVI estaba en el primer lugar y yo iba despu\u00e9s. Me parece muy entretenido\u00bb, coment\u00f3 Walser al diario Bild.<\/p>\n<p class=\"x_MsoNormal\">Trabaj\u00f3 tambi\u00e9n como realizador en la televisi\u00f3n y en la radio. Se dio a conocer como escritor con el volumen de cuentos <em><strong>\u201cUn avi\u00f3n encima de la casa\u201d,<\/strong> <\/em>publicada en 1955.<\/p>\n<p class=\"x_MsoNormal\">Destacan las novelas \u201cEl unicornio\u201d, \u201cFicci\u00f3n\u201d, \u201cM\u00e1s all\u00e1 del amor\u201d, \u201cLa casa de los cisnes\u201d, \u00a0\u201cResaca\u201d, y \u201cEl cazador\u201d y las obras de teatro \u201cRoble y conejos de angora\u201d, \u00a0\u201cJuegos de ni\u00f1os\u201d, \u201cEn manos de Goethe\u201d, \u201cLas bofetadas\u201d, y \u201cOleaje\u201d.<\/p>\n<p class=\"x_MsoNormal\">\u00a0En 1962 obtuvo el Premio Gerhart Hauptmann, en 1981 el Premio Georg B\u00fcchner y en 1998 el Premio de la Paz del Comercio Librero Alem\u00e1n.<\/p>\n<\/div>\n<div style=\"padding-bottom:20px; padding-top:10px;\" class=\"hupso-share-buttons\"><!-- Hupso Share Buttons - https:\/\/www.hupso.com\/share\/ --><a class=\"hupso_counters\" href=\"https:\/\/www.hupso.com\/share\/\"><img decoding=\"async\" src=\"http:\/\/static.hupso.com\/share\/buttons\/lang\/es\/share-small.png\" style=\"border:0px; padding-top:2px; float:left;\" alt=\"Share Button\"\/><\/a><script type=\"text\/javascript\">var hupso_services_c=new Array(\"twitter\",\"facebook_like\",\"google\");var hupso_counters_lang = \"es_LA\";var hupso_image_folder_url = \"\";var hupso_twitter_via=\"crsyvrs\";var hupso_url_c=\"\";<\/script><script type=\"text\/javascript\" src=\"http:\/\/static.hupso.com\/share\/js\/counters.js\"><\/script><!-- Hupso Share Buttons --><\/div> ","protected":false},"excerpt":{"rendered":"<div style=\"padding-bottom:20px; padding-top:10px;\" class=\"hupso-share-buttons\"><!-- Hupso Share Buttons - https:\/\/www.hupso.com\/share\/ --><a class=\"hupso_counters\" href=\"https:\/\/www.hupso.com\/share\/\"><img src=\"http:\/\/static.hupso.com\/share\/buttons\/lang\/es\/share-small.png\" style=\"border:0px; padding-top:2px; float:left;\" alt=\"Share Button\"\/><\/a><script type=\"text\/javascript\">var hupso_services_c=new Array(\"twitter\",\"facebook_like\",\"google\");var hupso_counters_lang = \"es_LA\";var hupso_image_folder_url = \"\";var hupso_twitter_via=\"crsyvrs\";var hupso_url_c=\"\";<\/script><script type=\"text\/javascript\" src=\"http:\/\/static.hupso.com\/share\/js\/counters.js\"><\/script><!-- Hupso Share Buttons --><\/div><p>Se trata de \u00abEn lugar de algo o en la \u00faltima fila\u00bb, una publicaci\u00f3n en la aborda sobre los \u00a0grandes temas como el amor y la culpa. \u00a0 El escritor alem\u00e1n Martin Walser, que en marzo cumplir\u00e1 90 a\u00f1os,&#46;&#46;&#46;<\/p>\n<div style=\"padding-bottom:20px; padding-top:10px;\" class=\"hupso-share-buttons\"><!-- Hupso Share Buttons - https:\/\/www.hupso.com\/share\/ --><a class=\"hupso_counters\" href=\"https:\/\/www.hupso.com\/share\/\"><img src=\"http:\/\/static.hupso.com\/share\/buttons\/lang\/es\/share-small.png\" style=\"border:0px; padding-top:2px; float:left;\" alt=\"Share Button\"\/><\/a><script type=\"text\/javascript\">var hupso_services_c=new Array(\"twitter\",\"facebook_like\",\"google\");var hupso_counters_lang = \"es_LA\";var hupso_image_folder_url = \"\";var hupso_twitter_via=\"crsyvrs\";var hupso_url_c=\"\";<\/script><script type=\"text\/javascript\" src=\"http:\/\/static.hupso.com\/share\/js\/counters.js\"><\/script><!-- Hupso Share Buttons --><\/div>","protected":false},"author":5,"featured_media":0,"comment_status":"open","ping_status":"closed","sticky":false,"template":"","format":"standard","meta":{"footnotes":""},"categories":[7],"tags":[7597],"class_list":["post-13494","post","type-post","status-publish","format-standard","hentry","category-literatura","tag-martin-walser"],"_links":{"self":[{"href":"http:\/\/cronicasyversiones.com\/index.php?rest_route=\/wp\/v2\/posts\/13494","targetHints":{"allow":["GET"]}}],"collection":[{"href":"http:\/\/cronicasyversiones.com\/index.php?rest_route=\/wp\/v2\/posts"}],"about":[{"href":"http:\/\/cronicasyversiones.com\/index.php?rest_route=\/wp\/v2\/types\/post"}],"author":[{"embeddable":true,"href":"http:\/\/cronicasyversiones.com\/index.php?rest_route=\/wp\/v2\/users\/5"}],"replies":[{"embeddable":true,"href":"http:\/\/cronicasyversiones.com\/index.php?rest_route=%2Fwp%2Fv2%2Fcomments&post=13494"}],"version-history":[{"count":0,"href":"http:\/\/cronicasyversiones.com\/index.php?rest_route=\/wp\/v2\/posts\/13494\/revisions"}],"wp:attachment":[{"href":"http:\/\/cronicasyversiones.com\/index.php?rest_route=%2Fwp%2Fv2%2Fmedia&parent=13494"}],"wp:term":[{"taxonomy":"category","embeddable":true,"href":"http:\/\/cronicasyversiones.com\/index.php?rest_route=%2Fwp%2Fv2%2Fcategories&post=13494"},{"taxonomy":"post_tag","embeddable":true,"href":"http:\/\/cronicasyversiones.com\/index.php?rest_route=%2Fwp%2Fv2%2Ftags&post=13494"}],"curies":[{"name":"wp","href":"https:\/\/api.w.org\/{rel}","templated":true}]}}