{"id":13579,"date":"2017-01-16T00:04:26","date_gmt":"2017-01-16T03:04:26","guid":{"rendered":"http:\/\/cronicasyversiones.com\/?p=13579"},"modified":"2017-01-15T20:36:53","modified_gmt":"2017-01-15T23:36:53","slug":"se-viene-el-encuentro-de-cantautores-de-alta-gracia","status":"publish","type":"post","link":"http:\/\/cronicasyversiones.com\/?p=13579","title":{"rendered":"Se viene el Encuentro de Cantautores de Alta Gracia"},"content":{"rendered":"<div style=\"padding-bottom:20px; padding-top:10px;\" class=\"hupso-share-buttons\"><!-- Hupso Share Buttons - https:\/\/www.hupso.com\/share\/ --><a class=\"hupso_counters\" href=\"https:\/\/www.hupso.com\/share\/\"><img decoding=\"async\" src=\"http:\/\/static.hupso.com\/share\/buttons\/lang\/es\/share-small.png\" style=\"border:0px; padding-top:2px; float:left;\" alt=\"Share Button\"\/><\/a><script type=\"text\/javascript\">var hupso_services_c=new Array(\"twitter\",\"facebook_like\",\"google\");var hupso_counters_lang = \"es_LA\";var hupso_image_folder_url = \"\";var hupso_twitter_via=\"crsyvrs\";var hupso_url_c=\"\";<\/script><script type=\"text\/javascript\" src=\"http:\/\/static.hupso.com\/share\/js\/counters.js\"><\/script><!-- Hupso Share Buttons --><\/div><h2 class=\"x_MsoNormal\">La cita tendr\u00e1 lugar en la localidad cordobesa entre el 19 al 22 de enero con destacados artistas en escena.<\/h2>\n<p class=\"x_MsoNormal\">\u00a0\u00a0<img loading=\"lazy\" decoding=\"async\" class=\"size-full wp-image-13580 aligncenter\" src=\"http:\/\/cronicasyversiones.com\/wp-content\/uploads\/2017\/01\/CkjC1-cXEAAMYMn.jpg\" alt=\"\" width=\"720\" height=\"478\" srcset=\"http:\/\/cronicasyversiones.com\/wp-content\/uploads\/2017\/01\/CkjC1-cXEAAMYMn.jpg 720w, http:\/\/cronicasyversiones.com\/wp-content\/uploads\/2017\/01\/CkjC1-cXEAAMYMn-300x199.jpg 300w, http:\/\/cronicasyversiones.com\/wp-content\/uploads\/2017\/01\/CkjC1-cXEAAMYMn-480x320.jpg 480w\" sizes=\"auto, (max-width: 720px) 100vw, 720px\" \/><\/p>\n<p class=\"x_MsoNormal\">El 11\u00b0 Encuentro de Cantautores de Alta Gracia, un encuentro tradicional de\u00a0 esta localidad de C\u00f3rdoba, tendr\u00e1 lugar entre el 19 al 22 de enero.<\/p>\n<p class=\"x_MsoNormal\">La cita es en Hora Libre, ubicado en Urquiza 27, y contar\u00e1 con la presencia de destacados artistas, como Rodrigo Carazo, Mar\u00eda Pien, Juli\u00e1n Oroz y Facu Galli, entre otros.<\/p>\n<p class=\"x_MsoNormal\">Programaci\u00f3n:<\/p>\n<p class=\"x_MsoNormal\"><strong>\u00a0Jueves 19\u00a0<\/strong><\/p>\n<p class=\"x_MsoNormal\">A las 20: Mar\u00eda Pien y amigos<\/p>\n<p class=\"x_MsoNormal\">\u00a0A las 22: Rodrigo Carazo, Tomi Lebrero, Mundo Chill\u00f3n ( Espa\u00f1a) y Toch.<\/p>\n<p class=\"x_MsoNormal\"><strong>\u00a0Viernes 20<\/strong><\/p>\n<p class=\"x_MsoNormal\">\u00a0A las\u00a020: Eddy Barrionuevo, Juanito El Cantor y Licina Picc\u00f3n.<\/p>\n<p class=\"x_MsoNormal\">\u00a0A las 22: Presenta Tr\u00edo, Botis, Ramiro Gonz\u00e1lez y Nora Sarmoria.<\/p>\n<p class=\"x_MsoNormal\"><strong>\u00a0S\u00e1bado 21<\/strong><\/p>\n<p class=\"x_MsoNormal\">\u00a0A las 20: Romi Cannistraro, Nora Sarmoria presenta a Nora Benaglia.<\/p>\n<p class=\"x_MsoNormal\">\u00a0A las 22: Tr\u00edo Barrientos ( Daniel Giraudo-Alejandro Franov y Marcelo Garc\u00eda), Ainda Duo, \u00a0Ana Robles \u00a0y Ampersan ( M\u00e9xico).<\/p>\n<p class=\"x_MsoNormal\"><strong>\u00a0Domingo 22<\/strong><\/p>\n<p class=\"x_MsoNormal\">A las 20: Juan Carlos Mu\u00f1iz.<\/p>\n<p class=\"x_MsoNormal\">A las 22: Juli\u00e1n Oroz y Facu Galli ( La liebre y el Caracol), Mari Pole, Luis Pescetti y Juan Quintero, y Enroque.<\/p>\n<p class=\"x_MsoNormal\">\n<div style=\"padding-bottom:20px; padding-top:10px;\" class=\"hupso-share-buttons\"><!-- Hupso Share Buttons - https:\/\/www.hupso.com\/share\/ --><a class=\"hupso_counters\" href=\"https:\/\/www.hupso.com\/share\/\"><img decoding=\"async\" src=\"http:\/\/static.hupso.com\/share\/buttons\/lang\/es\/share-small.png\" style=\"border:0px; padding-top:2px; float:left;\" alt=\"Share Button\"\/><\/a><script type=\"text\/javascript\">var hupso_services_c=new Array(\"twitter\",\"facebook_like\",\"google\");var hupso_counters_lang = \"es_LA\";var hupso_image_folder_url = \"\";var hupso_twitter_via=\"crsyvrs\";var hupso_url_c=\"\";<\/script><script type=\"text\/javascript\" src=\"http:\/\/static.hupso.com\/share\/js\/counters.js\"><\/script><!-- Hupso Share Buttons --><\/div> ","protected":false},"excerpt":{"rendered":"<div style=\"padding-bottom:20px; padding-top:10px;\" class=\"hupso-share-buttons\"><!-- Hupso Share Buttons - https:\/\/www.hupso.com\/share\/ --><a class=\"hupso_counters\" href=\"https:\/\/www.hupso.com\/share\/\"><img src=\"http:\/\/static.hupso.com\/share\/buttons\/lang\/es\/share-small.png\" style=\"border:0px; padding-top:2px; float:left;\" alt=\"Share Button\"\/><\/a><script type=\"text\/javascript\">var hupso_services_c=new Array(\"twitter\",\"facebook_like\",\"google\");var hupso_counters_lang = \"es_LA\";var hupso_image_folder_url = \"\";var hupso_twitter_via=\"crsyvrs\";var hupso_url_c=\"\";<\/script><script type=\"text\/javascript\" src=\"http:\/\/static.hupso.com\/share\/js\/counters.js\"><\/script><!-- Hupso Share Buttons --><\/div><p>La cita tendr\u00e1 lugar en la localidad cordobesa entre el 19 al 22 de enero con destacados artistas en escena. \u00a0\u00a0 El 11\u00b0 Encuentro de Cantautores de Alta Gracia, un encuentro tradicional de\u00a0 esta localidad de C\u00f3rdoba, tendr\u00e1 lugar&#46;&#46;&#46;<\/p>\n<div style=\"padding-bottom:20px; padding-top:10px;\" class=\"hupso-share-buttons\"><!-- Hupso Share Buttons - https:\/\/www.hupso.com\/share\/ --><a class=\"hupso_counters\" href=\"https:\/\/www.hupso.com\/share\/\"><img src=\"http:\/\/static.hupso.com\/share\/buttons\/lang\/es\/share-small.png\" style=\"border:0px; padding-top:2px; float:left;\" alt=\"Share Button\"\/><\/a><script type=\"text\/javascript\">var hupso_services_c=new Array(\"twitter\",\"facebook_like\",\"google\");var hupso_counters_lang = \"es_LA\";var hupso_image_folder_url = \"\";var hupso_twitter_via=\"crsyvrs\";var hupso_url_c=\"\";<\/script><script type=\"text\/javascript\" src=\"http:\/\/static.hupso.com\/share\/js\/counters.js\"><\/script><!-- Hupso Share Buttons --><\/div>","protected":false},"author":5,"featured_media":0,"comment_status":"open","ping_status":"closed","sticky":false,"template":"","format":"standard","meta":{"footnotes":""},"categories":[3],"tags":[7616,7617,4770,6848,242,7140],"class_list":["post-13579","post","type-post","status-publish","format-standard","hentry","category-musica","tag-encuentro-de-cantautores-de-alta-gracia","tag-facu-galli","tag-juan-quintero","tag-julian-oroz","tag-luis-pescetti","tag-rodrigo-carazo"],"_links":{"self":[{"href":"http:\/\/cronicasyversiones.com\/index.php?rest_route=\/wp\/v2\/posts\/13579","targetHints":{"allow":["GET"]}}],"collection":[{"href":"http:\/\/cronicasyversiones.com\/index.php?rest_route=\/wp\/v2\/posts"}],"about":[{"href":"http:\/\/cronicasyversiones.com\/index.php?rest_route=\/wp\/v2\/types\/post"}],"author":[{"embeddable":true,"href":"http:\/\/cronicasyversiones.com\/index.php?rest_route=\/wp\/v2\/users\/5"}],"replies":[{"embeddable":true,"href":"http:\/\/cronicasyversiones.com\/index.php?rest_route=%2Fwp%2Fv2%2Fcomments&post=13579"}],"version-history":[{"count":0,"href":"http:\/\/cronicasyversiones.com\/index.php?rest_route=\/wp\/v2\/posts\/13579\/revisions"}],"wp:attachment":[{"href":"http:\/\/cronicasyversiones.com\/index.php?rest_route=%2Fwp%2Fv2%2Fmedia&parent=13579"}],"wp:term":[{"taxonomy":"category","embeddable":true,"href":"http:\/\/cronicasyversiones.com\/index.php?rest_route=%2Fwp%2Fv2%2Fcategories&post=13579"},{"taxonomy":"post_tag","embeddable":true,"href":"http:\/\/cronicasyversiones.com\/index.php?rest_route=%2Fwp%2Fv2%2Ftags&post=13579"}],"curies":[{"name":"wp","href":"https:\/\/api.w.org\/{rel}","templated":true}]}}