{"id":13618,"date":"2017-01-15T00:08:34","date_gmt":"2017-01-15T03:08:34","guid":{"rendered":"http:\/\/cronicasyversiones.com\/?p=13618"},"modified":"2017-01-14T14:35:32","modified_gmt":"2017-01-14T17:35:32","slug":"somos-anormales-el-nuevo-clip-del-ex-calle-13-rene-perez","status":"publish","type":"post","link":"http:\/\/cronicasyversiones.com\/?p=13618","title":{"rendered":"\u201cSomos anormales\u201d, el nuevo clip del ex Calle 13 Ren\u00e9 P\u00e9rez"},"content":{"rendered":"<div style=\"padding-bottom:20px; padding-top:10px;\" class=\"hupso-share-buttons\"><!-- Hupso Share Buttons - https:\/\/www.hupso.com\/share\/ --><a class=\"hupso_counters\" href=\"https:\/\/www.hupso.com\/share\/\"><img decoding=\"async\" src=\"http:\/\/static.hupso.com\/share\/buttons\/lang\/es\/share-small.png\" style=\"border:0px; padding-top:2px; float:left;\" alt=\"Share Button\"\/><\/a><script type=\"text\/javascript\">var hupso_services_c=new Array(\"twitter\",\"facebook_like\",\"google\");var hupso_counters_lang = \"es_LA\";var hupso_image_folder_url = \"\";var hupso_twitter_via=\"crsyvrs\";var hupso_url_c=\"\";<\/script><script type=\"text\/javascript\" src=\"http:\/\/static.hupso.com\/share\/js\/counters.js\"><\/script><!-- Hupso Share Buttons --><\/div><h2>El tema es el primer sencillo del ex integrante del <strong>grupo boricua,<\/strong> que marca el inicio de su carrera en solitario y es una adelanto de su primer disco.<\/h2>\n<p><img loading=\"lazy\" decoding=\"async\" class=\"wp-image-13619 aligncenter\" src=\"http:\/\/cronicasyversiones.com\/wp-content\/uploads\/2017\/01\/descarga-1024x576.png\" alt=\"\" width=\"759\" height=\"427\" srcset=\"http:\/\/cronicasyversiones.com\/wp-content\/uploads\/2017\/01\/descarga-1024x576.png 1024w, http:\/\/cronicasyversiones.com\/wp-content\/uploads\/2017\/01\/descarga-300x169.png 300w, http:\/\/cronicasyversiones.com\/wp-content\/uploads\/2017\/01\/descarga-768x432.png 768w, http:\/\/cronicasyversiones.com\/wp-content\/uploads\/2017\/01\/descarga.png 1240w\" sizes=\"auto, (max-width: 759px) 100vw, 759px\" \/><\/p>\n<p>Despu\u00e9s de m\u00e1s de una d\u00e9cada en<strong> Calle 13<\/strong>, <strong>Residente<\/strong> lanz\u00f3<em><strong> \u201cSomos anormales\u201d,<\/strong><\/em> su primer sencillo que marca el arranque de su carrera solista y que viene acompa\u00f1ado de simult\u00e1neamente estrena su v\u00eddeo musical, marcando el comienzo de esta nueva etapa en solitario.<\/p>\n<p>La canci\u00f3n, fue en<strong> Kyzil<\/strong> junto a algunos miembros del grupo <strong>Chirgilchin,<\/strong> de la siberiana Rep\u00fablica de Tuv\u00e1, y la letra, seg\u00fan explica artista boricua, plantea que la normalidad no existe y que es solo una forma de encasillar a la gente dentro de unos c\u00e1nones que nos dividen.<\/p>\n<p>El, que cont\u00f3 con del direcci\u00f3n del propio <strong>Ren\u00e9 P\u00e9rez Joglar,<\/strong> pone en primer plano a la \u00a0evoluci\u00f3n f\u00edsica y social de la humanidad, presentando una diversidad de razas y fisonom\u00edas y su lucha por la conquista.<\/p>\n<p>En las im\u00e1genes del video, filmadas en Madrid, aparecen los actores <strong>John Leguizamo, Leonor Watling, Oscar Jaenada y Juan Diego Botto.<\/strong><\/p>\n<p>El primer disco solista del boricua se editar\u00e1 en marzo y se llamar\u00e1 sencillamente <em><strong>\u201cResidente\u201d.<\/strong><\/em><\/p>\n<p><strong>El clip de \u00abSomos anormales\u00bb\u00a0<\/strong><\/p>\n<p><iframe loading=\"lazy\" src=\"https:\/\/www.youtube.com\/embed\/Q4KqFlK_F2w\" width=\"600\" height=\"350\" frameborder=\"0\" allowfullscreen=\"allowfullscreen\"><\/iframe><\/p>\n<div style=\"padding-bottom:20px; padding-top:10px;\" class=\"hupso-share-buttons\"><!-- Hupso Share Buttons - https:\/\/www.hupso.com\/share\/ --><a class=\"hupso_counters\" href=\"https:\/\/www.hupso.com\/share\/\"><img decoding=\"async\" src=\"http:\/\/static.hupso.com\/share\/buttons\/lang\/es\/share-small.png\" style=\"border:0px; padding-top:2px; float:left;\" alt=\"Share Button\"\/><\/a><script type=\"text\/javascript\">var hupso_services_c=new Array(\"twitter\",\"facebook_like\",\"google\");var hupso_counters_lang = \"es_LA\";var hupso_image_folder_url = \"\";var hupso_twitter_via=\"crsyvrs\";var hupso_url_c=\"\";<\/script><script type=\"text\/javascript\" src=\"http:\/\/static.hupso.com\/share\/js\/counters.js\"><\/script><!-- Hupso Share Buttons --><\/div> ","protected":false},"excerpt":{"rendered":"<div style=\"padding-bottom:20px; padding-top:10px;\" class=\"hupso-share-buttons\"><!-- Hupso Share Buttons - https:\/\/www.hupso.com\/share\/ --><a class=\"hupso_counters\" href=\"https:\/\/www.hupso.com\/share\/\"><img src=\"http:\/\/static.hupso.com\/share\/buttons\/lang\/es\/share-small.png\" style=\"border:0px; padding-top:2px; float:left;\" alt=\"Share Button\"\/><\/a><script type=\"text\/javascript\">var hupso_services_c=new Array(\"twitter\",\"facebook_like\",\"google\");var hupso_counters_lang = \"es_LA\";var hupso_image_folder_url = \"\";var hupso_twitter_via=\"crsyvrs\";var hupso_url_c=\"\";<\/script><script type=\"text\/javascript\" src=\"http:\/\/static.hupso.com\/share\/js\/counters.js\"><\/script><!-- Hupso Share Buttons --><\/div><p>El tema es el primer sencillo del ex integrante del grupo boricua, que marca el inicio de su carrera en solitario y es una adelanto de su primer disco. Despu\u00e9s de m\u00e1s de una d\u00e9cada en Calle 13, Residente&#46;&#46;&#46;<\/p>\n<div style=\"padding-bottom:20px; padding-top:10px;\" class=\"hupso-share-buttons\"><!-- Hupso Share Buttons - https:\/\/www.hupso.com\/share\/ --><a class=\"hupso_counters\" href=\"https:\/\/www.hupso.com\/share\/\"><img src=\"http:\/\/static.hupso.com\/share\/buttons\/lang\/es\/share-small.png\" style=\"border:0px; padding-top:2px; float:left;\" alt=\"Share Button\"\/><\/a><script type=\"text\/javascript\">var hupso_services_c=new Array(\"twitter\",\"facebook_like\",\"google\");var hupso_counters_lang = \"es_LA\";var hupso_image_folder_url = \"\";var hupso_twitter_via=\"crsyvrs\";var hupso_url_c=\"\";<\/script><script type=\"text\/javascript\" src=\"http:\/\/static.hupso.com\/share\/js\/counters.js\"><\/script><!-- Hupso Share Buttons --><\/div>","protected":false},"author":5,"featured_media":0,"comment_status":"open","ping_status":"closed","sticky":false,"template":"","format":"standard","meta":{"footnotes":""},"categories":[3],"tags":[374,4613,377],"class_list":["post-13618","post","type-post","status-publish","format-standard","hentry","category-musica","tag-calle-13","tag-rene-perez","tag-rene-perez-joglar-residente"],"_links":{"self":[{"href":"http:\/\/cronicasyversiones.com\/index.php?rest_route=\/wp\/v2\/posts\/13618","targetHints":{"allow":["GET"]}}],"collection":[{"href":"http:\/\/cronicasyversiones.com\/index.php?rest_route=\/wp\/v2\/posts"}],"about":[{"href":"http:\/\/cronicasyversiones.com\/index.php?rest_route=\/wp\/v2\/types\/post"}],"author":[{"embeddable":true,"href":"http:\/\/cronicasyversiones.com\/index.php?rest_route=\/wp\/v2\/users\/5"}],"replies":[{"embeddable":true,"href":"http:\/\/cronicasyversiones.com\/index.php?rest_route=%2Fwp%2Fv2%2Fcomments&post=13618"}],"version-history":[{"count":0,"href":"http:\/\/cronicasyversiones.com\/index.php?rest_route=\/wp\/v2\/posts\/13618\/revisions"}],"wp:attachment":[{"href":"http:\/\/cronicasyversiones.com\/index.php?rest_route=%2Fwp%2Fv2%2Fmedia&parent=13618"}],"wp:term":[{"taxonomy":"category","embeddable":true,"href":"http:\/\/cronicasyversiones.com\/index.php?rest_route=%2Fwp%2Fv2%2Fcategories&post=13618"},{"taxonomy":"post_tag","embeddable":true,"href":"http:\/\/cronicasyversiones.com\/index.php?rest_route=%2Fwp%2Fv2%2Ftags&post=13618"}],"curies":[{"name":"wp","href":"https:\/\/api.w.org\/{rel}","templated":true}]}}