{"id":13639,"date":"2017-01-18T08:29:36","date_gmt":"2017-01-18T11:29:36","guid":{"rendered":"http:\/\/cronicasyversiones.com\/?p=13639"},"modified":"2017-01-18T08:29:36","modified_gmt":"2017-01-18T11:29:36","slug":"presentan-un-compilado-de-los-114-cortometrajes-de-los-hermanos-lumiere","status":"publish","type":"post","link":"http:\/\/cronicasyversiones.com\/?p=13639","title":{"rendered":"Presentan un compilado de los 114 cortometrajes de los hermanos Lumi\u00e8re"},"content":{"rendered":"<div style=\"padding-bottom:20px; padding-top:10px;\" class=\"hupso-share-buttons\"><!-- Hupso Share Buttons - https:\/\/www.hupso.com\/share\/ --><a class=\"hupso_counters\" href=\"https:\/\/www.hupso.com\/share\/\"><img decoding=\"async\" src=\"http:\/\/static.hupso.com\/share\/buttons\/lang\/es\/share-small.png\" style=\"border:0px; padding-top:2px; float:left;\" alt=\"Share Button\"\/><\/a><script type=\"text\/javascript\">var hupso_services_c=new Array(\"twitter\",\"facebook_like\",\"google\");var hupso_counters_lang = \"es_LA\";var hupso_image_folder_url = \"\";var hupso_twitter_via=\"crsyvrs\";var hupso_url_c=\"\";<\/script><script type=\"text\/javascript\" src=\"http:\/\/static.hupso.com\/share\/js\/counters.js\"><\/script><!-- Hupso Share Buttons --><\/div><h2 class=\"x_MsoNormal\">Fueron filmados entre 1895 y 1905 y estas im\u00e1genes fueron seleccionadas por el director, el cr\u00edtico e historiador Thierry Fr\u00e9maux.<\/h2>\n<h2 class=\"x_MsoNormal\"><img loading=\"lazy\" decoding=\"async\" class=\"wp-image-13640 aligncenter\" src=\"http:\/\/cronicasyversiones.com\/wp-content\/uploads\/2017\/01\/la_sortie_des_usines_lumiere_s-938199710-large-1024x734.jpg\" alt=\"\" width=\"750\" height=\"537\" srcset=\"http:\/\/cronicasyversiones.com\/wp-content\/uploads\/2017\/01\/la_sortie_des_usines_lumiere_s-938199710-large-1024x734.jpg 1024w, http:\/\/cronicasyversiones.com\/wp-content\/uploads\/2017\/01\/la_sortie_des_usines_lumiere_s-938199710-large-350x250.jpg 350w, http:\/\/cronicasyversiones.com\/wp-content\/uploads\/2017\/01\/la_sortie_des_usines_lumiere_s-938199710-large-300x215.jpg 300w, http:\/\/cronicasyversiones.com\/wp-content\/uploads\/2017\/01\/la_sortie_des_usines_lumiere_s-938199710-large-768x550.jpg 768w, http:\/\/cronicasyversiones.com\/wp-content\/uploads\/2017\/01\/la_sortie_des_usines_lumiere_s-938199710-large.jpg 1400w\" sizes=\"auto, (max-width: 750px) 100vw, 750px\" \/><\/h2>\n<p class=\"x_MsoNormal\">\u00a0Se estrenar\u00e1 el 25 de enero en Francia<em><strong> \u201cLumi\u00e8re!\u201d<\/strong><\/em>, una compilado de 114 cortometrajes de casi un minuto cada uno de los hermanos <strong>Louis y Auguste Lumi\u00e8re,<\/strong> que fueron filmados entre 1895 y 1905.<\/p>\n<p class=\"x_MsoNormal\">Estas im\u00e1genes, fundamentales en los inicios de la historia del s\u00e9ptimo arte, constituyen una compilaci\u00f3n seleccionada y comentada por el director, el cr\u00edtico e historiador<strong> Thierry Fr\u00e9maux<\/strong>.<\/p>\n<p class=\"x_MsoNormal\">Los hermanos Auguste y Louis Lumi\u00e8re nacieron en Besan\u00e7on el 19 de octubre de 1862 y el 5 de octubre de 1864, respectivamente, en el seno de una familia de<strong> peque\u00f1os industriales franceses.\u00a0\u00a0<\/strong><\/p>\n<p class=\"x_MsoNormal\">Ambos trabajaron en el taller fotogr\u00e1fico de su padre, <strong>Louis como f\u00edsico y Auguste como administrador<\/strong>. Louis hizo algunas mejoras en el proceso de fotograf\u00edas est\u00e1ticas.<\/p>\n<p class=\"x_MsoNormal\">A partir de 1892, empezaron a trabajar en la posibilidad de <strong>fotografiar im\u00e1genes en movimiento<\/strong> y patentaron un n\u00famero significativo de progresos notables.<\/p>\n<p class=\"x_MsoNormal\">El cinemat\u00f3grafo fue patentado el 13 de febrero de 1895. Ese mismo a\u00f1o, los Lumi\u00e8re rodaron su primera pel\u00edcula, <em><strong>\u201cLa sortie des ouvriers des usines Lumi\u00e8re \u00e0 Lyon Monplaisir\u201d<\/strong> <\/em>(Salida de los obreros de la f\u00e1brica Lumi\u00e8re en Lyon Monplaisir).<\/p>\n<p class=\"x_MsoNormal\">Esta pel\u00edcula fue presentada el 22 de marzo de 1895, tres d\u00edas despu\u00e9s del rodaje, en una sesi\u00f3n de la<strong> Soci\u00e9t\u00e9 d&#8217;Encouragement \u00e0 l&#8217;Industrie<\/strong> Nacional en Par\u00eds.<\/p>\n<p class=\"x_MsoNormal\">\n<div style=\"padding-bottom:20px; padding-top:10px;\" class=\"hupso-share-buttons\"><!-- Hupso Share Buttons - https:\/\/www.hupso.com\/share\/ --><a class=\"hupso_counters\" href=\"https:\/\/www.hupso.com\/share\/\"><img decoding=\"async\" src=\"http:\/\/static.hupso.com\/share\/buttons\/lang\/es\/share-small.png\" style=\"border:0px; padding-top:2px; float:left;\" alt=\"Share Button\"\/><\/a><script type=\"text\/javascript\">var hupso_services_c=new Array(\"twitter\",\"facebook_like\",\"google\");var hupso_counters_lang = \"es_LA\";var hupso_image_folder_url = \"\";var hupso_twitter_via=\"crsyvrs\";var hupso_url_c=\"\";<\/script><script type=\"text\/javascript\" src=\"http:\/\/static.hupso.com\/share\/js\/counters.js\"><\/script><!-- Hupso Share Buttons --><\/div> ","protected":false},"excerpt":{"rendered":"<div style=\"padding-bottom:20px; padding-top:10px;\" class=\"hupso-share-buttons\"><!-- Hupso Share Buttons - https:\/\/www.hupso.com\/share\/ --><a class=\"hupso_counters\" href=\"https:\/\/www.hupso.com\/share\/\"><img src=\"http:\/\/static.hupso.com\/share\/buttons\/lang\/es\/share-small.png\" style=\"border:0px; padding-top:2px; float:left;\" alt=\"Share Button\"\/><\/a><script type=\"text\/javascript\">var hupso_services_c=new Array(\"twitter\",\"facebook_like\",\"google\");var hupso_counters_lang = \"es_LA\";var hupso_image_folder_url = \"\";var hupso_twitter_via=\"crsyvrs\";var hupso_url_c=\"\";<\/script><script type=\"text\/javascript\" src=\"http:\/\/static.hupso.com\/share\/js\/counters.js\"><\/script><!-- Hupso Share Buttons --><\/div><p>Fueron filmados entre 1895 y 1905 y estas im\u00e1genes fueron seleccionadas por el director, el cr\u00edtico e historiador Thierry Fr\u00e9maux. \u00a0Se estrenar\u00e1 el 25 de enero en Francia \u201cLumi\u00e8re!\u201d, una compilado de 114 cortometrajes de casi un minuto cada&#46;&#46;&#46;<\/p>\n<div style=\"padding-bottom:20px; padding-top:10px;\" class=\"hupso-share-buttons\"><!-- Hupso Share Buttons - https:\/\/www.hupso.com\/share\/ --><a class=\"hupso_counters\" href=\"https:\/\/www.hupso.com\/share\/\"><img src=\"http:\/\/static.hupso.com\/share\/buttons\/lang\/es\/share-small.png\" style=\"border:0px; padding-top:2px; float:left;\" alt=\"Share Button\"\/><\/a><script type=\"text\/javascript\">var hupso_services_c=new Array(\"twitter\",\"facebook_like\",\"google\");var hupso_counters_lang = \"es_LA\";var hupso_image_folder_url = \"\";var hupso_twitter_via=\"crsyvrs\";var hupso_url_c=\"\";<\/script><script type=\"text\/javascript\" src=\"http:\/\/static.hupso.com\/share\/js\/counters.js\"><\/script><!-- Hupso Share Buttons --><\/div>","protected":false},"author":5,"featured_media":0,"comment_status":"open","ping_status":"closed","sticky":false,"template":"","format":"standard","meta":{"footnotes":""},"categories":[4],"tags":[4692,3709],"class_list":["post-13639","post","type-post","status-publish","format-standard","hentry","category-cine","tag-hermanos-lumiere","tag-louis-y-auguste-lumiere"],"_links":{"self":[{"href":"http:\/\/cronicasyversiones.com\/index.php?rest_route=\/wp\/v2\/posts\/13639","targetHints":{"allow":["GET"]}}],"collection":[{"href":"http:\/\/cronicasyversiones.com\/index.php?rest_route=\/wp\/v2\/posts"}],"about":[{"href":"http:\/\/cronicasyversiones.com\/index.php?rest_route=\/wp\/v2\/types\/post"}],"author":[{"embeddable":true,"href":"http:\/\/cronicasyversiones.com\/index.php?rest_route=\/wp\/v2\/users\/5"}],"replies":[{"embeddable":true,"href":"http:\/\/cronicasyversiones.com\/index.php?rest_route=%2Fwp%2Fv2%2Fcomments&post=13639"}],"version-history":[{"count":0,"href":"http:\/\/cronicasyversiones.com\/index.php?rest_route=\/wp\/v2\/posts\/13639\/revisions"}],"wp:attachment":[{"href":"http:\/\/cronicasyversiones.com\/index.php?rest_route=%2Fwp%2Fv2%2Fmedia&parent=13639"}],"wp:term":[{"taxonomy":"category","embeddable":true,"href":"http:\/\/cronicasyversiones.com\/index.php?rest_route=%2Fwp%2Fv2%2Fcategories&post=13639"},{"taxonomy":"post_tag","embeddable":true,"href":"http:\/\/cronicasyversiones.com\/index.php?rest_route=%2Fwp%2Fv2%2Ftags&post=13639"}],"curies":[{"name":"wp","href":"https:\/\/api.w.org\/{rel}","templated":true}]}}