{"id":13648,"date":"2017-01-18T00:04:55","date_gmt":"2017-01-18T03:04:55","guid":{"rendered":"http:\/\/cronicasyversiones.com\/?p=13648"},"modified":"2017-01-17T16:48:16","modified_gmt":"2017-01-17T19:48:16","slug":"la-orkesta-popular-san-bomba-en-el-centro-cultural-recoleta","status":"publish","type":"post","link":"http:\/\/cronicasyversiones.com\/?p=13648","title":{"rendered":"La Orkesta Popular San Bomba, en el Centro Cultural Recoleta"},"content":{"rendered":"<div style=\"padding-bottom:20px; padding-top:10px;\" class=\"hupso-share-buttons\"><!-- Hupso Share Buttons - https:\/\/www.hupso.com\/share\/ --><a class=\"hupso_counters\" href=\"https:\/\/www.hupso.com\/share\/\"><img decoding=\"async\" src=\"http:\/\/static.hupso.com\/share\/buttons\/lang\/es\/share-small.png\" style=\"border:0px; padding-top:2px; float:left;\" alt=\"Share Button\"\/><\/a><script type=\"text\/javascript\">var hupso_services_c=new Array(\"twitter\",\"facebook_like\",\"google\");var hupso_counters_lang = \"es_LA\";var hupso_image_folder_url = \"\";var hupso_twitter_via=\"crsyvrs\";var hupso_url_c=\"\";<\/script><script type=\"text\/javascript\" src=\"http:\/\/static.hupso.com\/share\/js\/counters.js\"><\/script><!-- Hupso Share Buttons --><\/div><h2>Este domingo saldr\u00e1 a escena este combo integrado por 16 m\u00fasicos con su particular fusi\u00f3n de estilos, precedidos por el DJ Sonido Parrandero.<\/h2>\n<p><img loading=\"lazy\" decoding=\"async\" class=\"wp-image-13649 aligncenter\" src=\"http:\/\/cronicasyversiones.com\/wp-content\/uploads\/2017\/01\/10412014_949114248489974_3147490764444023347_n.jpg\" alt=\"\" width=\"753\" height=\"502\" srcset=\"http:\/\/cronicasyversiones.com\/wp-content\/uploads\/2017\/01\/10412014_949114248489974_3147490764444023347_n.jpg 960w, http:\/\/cronicasyversiones.com\/wp-content\/uploads\/2017\/01\/10412014_949114248489974_3147490764444023347_n-300x200.jpg 300w, http:\/\/cronicasyversiones.com\/wp-content\/uploads\/2017\/01\/10412014_949114248489974_3147490764444023347_n-768x512.jpg 768w, http:\/\/cronicasyversiones.com\/wp-content\/uploads\/2017\/01\/10412014_949114248489974_3147490764444023347_n-480x320.jpg 480w\" sizes=\"auto, (max-width: 753px) 100vw, 753px\" \/><\/p>\n<p>La cumbia irrumpir\u00e1\u00a0este domingo, a las 19, a la terraza del porte\u00f1o <strong>Centro Cultural Recoleta<\/strong>, ubicado en Jun\u00edn 1930, con las actuaciones de la <strong>Orkesta Popular San Bomba <\/strong>y<strong> DJ Sonido Parrandero.<\/strong><\/p>\n<p>En una presentaci\u00f3n con entrada libre y gratuita, que se repetir\u00e1 el domingo 29, <strong>DJ Sonido Parrandero<\/strong> animar\u00e1 el atardecer con su gran colecci\u00f3n de material que permite un recorrido por las distintas variantes con las que este g\u00e9nero cuenta en distintos puntos de Am\u00e9rica latina.<\/p>\n<p>Luego ser\u00e1 el turno de la <strong>Orkesta Popular San Bomba,<\/strong> un combo de 16 m\u00fasicos en escena, que presentar\u00e1 su cruce de <strong>cumbia con m\u00fasica balc\u00e1nica,<\/strong> a trav\u00e9s de instrumentos poco convencionales para el g\u00e9nero como violines, cavaquinho, vientos y acorde\u00f3n.<\/p>\n<p>\u201cLos domingos vamos a bailar en el Recoleta y te invitamos. Sentimos que hay una sinton\u00eda fuerte entre la euforia de bailar y la de recorrer las muestras en exhibici\u00f3n, como El museo de los mundos imaginarios, Iconos argentinos y el Anuario de ilustradores\u201d, expres\u00f3 Luciana Blasco, subsecretaria de Pol\u00edticas Culturales y Nuevas Audiencias.<\/p>\n<div style=\"padding-bottom:20px; padding-top:10px;\" class=\"hupso-share-buttons\"><!-- Hupso Share Buttons - https:\/\/www.hupso.com\/share\/ --><a class=\"hupso_counters\" href=\"https:\/\/www.hupso.com\/share\/\"><img decoding=\"async\" src=\"http:\/\/static.hupso.com\/share\/buttons\/lang\/es\/share-small.png\" style=\"border:0px; padding-top:2px; float:left;\" alt=\"Share Button\"\/><\/a><script type=\"text\/javascript\">var hupso_services_c=new Array(\"twitter\",\"facebook_like\",\"google\");var hupso_counters_lang = \"es_LA\";var hupso_image_folder_url = \"\";var hupso_twitter_via=\"crsyvrs\";var hupso_url_c=\"\";<\/script><script type=\"text\/javascript\" src=\"http:\/\/static.hupso.com\/share\/js\/counters.js\"><\/script><!-- Hupso Share Buttons --><\/div> ","protected":false},"excerpt":{"rendered":"<div style=\"padding-bottom:20px; padding-top:10px;\" class=\"hupso-share-buttons\"><!-- Hupso Share Buttons - https:\/\/www.hupso.com\/share\/ --><a class=\"hupso_counters\" href=\"https:\/\/www.hupso.com\/share\/\"><img src=\"http:\/\/static.hupso.com\/share\/buttons\/lang\/es\/share-small.png\" style=\"border:0px; padding-top:2px; float:left;\" alt=\"Share Button\"\/><\/a><script type=\"text\/javascript\">var hupso_services_c=new Array(\"twitter\",\"facebook_like\",\"google\");var hupso_counters_lang = \"es_LA\";var hupso_image_folder_url = \"\";var hupso_twitter_via=\"crsyvrs\";var hupso_url_c=\"\";<\/script><script type=\"text\/javascript\" src=\"http:\/\/static.hupso.com\/share\/js\/counters.js\"><\/script><!-- Hupso Share Buttons --><\/div><p>Este domingo saldr\u00e1 a escena este combo integrado por 16 m\u00fasicos con su particular fusi\u00f3n de estilos, precedidos por el DJ Sonido Parrandero. La cumbia irrumpir\u00e1\u00a0este domingo, a las 19, a la terraza del porte\u00f1o Centro Cultural Recoleta, ubicado&#46;&#46;&#46;<\/p>\n<div style=\"padding-bottom:20px; padding-top:10px;\" class=\"hupso-share-buttons\"><!-- Hupso Share Buttons - https:\/\/www.hupso.com\/share\/ --><a class=\"hupso_counters\" href=\"https:\/\/www.hupso.com\/share\/\"><img src=\"http:\/\/static.hupso.com\/share\/buttons\/lang\/es\/share-small.png\" style=\"border:0px; padding-top:2px; float:left;\" alt=\"Share Button\"\/><\/a><script type=\"text\/javascript\">var hupso_services_c=new Array(\"twitter\",\"facebook_like\",\"google\");var hupso_counters_lang = \"es_LA\";var hupso_image_folder_url = \"\";var hupso_twitter_via=\"crsyvrs\";var hupso_url_c=\"\";<\/script><script type=\"text\/javascript\" src=\"http:\/\/static.hupso.com\/share\/js\/counters.js\"><\/script><!-- Hupso Share Buttons --><\/div>","protected":false},"author":5,"featured_media":0,"comment_status":"open","ping_status":"closed","sticky":false,"template":"","format":"standard","meta":{"footnotes":""},"categories":[3],"tags":[180,7638,7637],"class_list":["post-13648","post","type-post","status-publish","format-standard","hentry","category-musica","tag-centro-cultural-recoleta","tag-dj-sonido-parrandero","tag-orkesta-popular-san-bomba"],"_links":{"self":[{"href":"http:\/\/cronicasyversiones.com\/index.php?rest_route=\/wp\/v2\/posts\/13648","targetHints":{"allow":["GET"]}}],"collection":[{"href":"http:\/\/cronicasyversiones.com\/index.php?rest_route=\/wp\/v2\/posts"}],"about":[{"href":"http:\/\/cronicasyversiones.com\/index.php?rest_route=\/wp\/v2\/types\/post"}],"author":[{"embeddable":true,"href":"http:\/\/cronicasyversiones.com\/index.php?rest_route=\/wp\/v2\/users\/5"}],"replies":[{"embeddable":true,"href":"http:\/\/cronicasyversiones.com\/index.php?rest_route=%2Fwp%2Fv2%2Fcomments&post=13648"}],"version-history":[{"count":0,"href":"http:\/\/cronicasyversiones.com\/index.php?rest_route=\/wp\/v2\/posts\/13648\/revisions"}],"wp:attachment":[{"href":"http:\/\/cronicasyversiones.com\/index.php?rest_route=%2Fwp%2Fv2%2Fmedia&parent=13648"}],"wp:term":[{"taxonomy":"category","embeddable":true,"href":"http:\/\/cronicasyversiones.com\/index.php?rest_route=%2Fwp%2Fv2%2Fcategories&post=13648"},{"taxonomy":"post_tag","embeddable":true,"href":"http:\/\/cronicasyversiones.com\/index.php?rest_route=%2Fwp%2Fv2%2Ftags&post=13648"}],"curies":[{"name":"wp","href":"https:\/\/api.w.org\/{rel}","templated":true}]}}