{"id":13710,"date":"2017-01-22T11:57:29","date_gmt":"2017-01-22T14:57:29","guid":{"rendered":"http:\/\/cronicasyversiones.com\/?p=13710"},"modified":"2017-01-22T11:57:29","modified_gmt":"2017-01-22T14:57:29","slug":"gael-garcia-bernal-filmara-una-serie-en-la-patagonia","status":"publish","type":"post","link":"http:\/\/cronicasyversiones.com\/?p=13710","title":{"rendered":"Gael Garc\u00eda Bernal filmar\u00e1 una serie en la Patagonia"},"content":{"rendered":"<div style=\"padding-bottom:20px; padding-top:10px;\" class=\"hupso-share-buttons\"><!-- Hupso Share Buttons - https:\/\/www.hupso.com\/share\/ --><a class=\"hupso_counters\" href=\"https:\/\/www.hupso.com\/share\/\"><img decoding=\"async\" src=\"http:\/\/static.hupso.com\/share\/buttons\/lang\/es\/share-small.png\" style=\"border:0px; padding-top:2px; float:left;\" alt=\"Share Button\"\/><\/a><script type=\"text\/javascript\">var hupso_services_c=new Array(\"twitter\",\"facebook_like\",\"google\");var hupso_counters_lang = \"es_LA\";var hupso_image_folder_url = \"\";var hupso_twitter_via=\"crsyvrs\";var hupso_url_c=\"\";<\/script><script type=\"text\/javascript\" src=\"http:\/\/static.hupso.com\/share\/js\/counters.js\"><\/script><!-- Hupso Share Buttons --><\/div><h2>El actor mexicano est\u00e1 al frente de la producci\u00f3n de \u201cAqu\u00ed en la Tierra\u201d, una historia dram\u00e1tica sobre dos j\u00f3venes de distintas clases sociales.<\/h2>\n<p><img loading=\"lazy\" decoding=\"async\" class=\"wp-image-13711 aligncenter\" src=\"http:\/\/cronicasyversiones.com\/wp-content\/uploads\/2017\/01\/Gael.jpg\" alt=\"\" width=\"766\" height=\"431\" srcset=\"http:\/\/cronicasyversiones.com\/wp-content\/uploads\/2017\/01\/Gael.jpg 992w, http:\/\/cronicasyversiones.com\/wp-content\/uploads\/2017\/01\/Gael-300x169.jpg 300w, http:\/\/cronicasyversiones.com\/wp-content\/uploads\/2017\/01\/Gael-768x432.jpg 768w\" sizes=\"auto, (max-width: 766px) 100vw, 766px\" \/><\/p>\n<p><em><strong>Gael Garc\u00eda Bernal<\/strong><\/em> cerr\u00f3 un acuerdo con<strong> FOX Networks Group Latin America<\/strong> para la producci\u00f3n de <em><strong>\u201cAqu\u00ed en la Tierra\u201d<\/strong><\/em>, una serie dram\u00e1tica que comenzar\u00e1 a rodarse en el primer semestre de este a\u00f1o y que, entre otras locaciones, se filmar\u00e1 en la Patagonia argentina.<\/p>\n<p>La serie es una idea original del actor mexicano y del guionista, productor y director mexicano <strong>Kyzza Terrazas.<\/strong><\/p>\n<p><em><strong>\u201cAqu\u00ed en la Tierra\u201d<\/strong><\/em> tendr\u00e1 una extensi\u00f3n de ocho episodios y pondr\u00e1 en pantalla la historia de dos j\u00f3venes provenientes de <strong>distintos or\u00edgenes de la sociedad mexicana<\/strong>, uno extremadamente humilde y otro de clase acomodada, cuyos caminos se cruzaron en la infancia.<\/p>\n<p>El argumento bucea en el seno del poder y la pol\u00edtica mexicana, y girar\u00e1 en torno a los cr\u00edmenes y secretos de una de las familias m\u00e1s poderosas de ese pa\u00eds.<\/p>\n<p>Adem\u00e1s de su rol como productor, Garc\u00eda Bernal tendr\u00e1 una participaci\u00f3n especial como actor y dirigir\u00e1 uno de los episodios de la serie, que se filmar\u00e1 en la\u00a0<strong>Ciudad de M\u00e9xico, la Patagonia argentina y Canad\u00e1,<\/strong><\/p>\n<div style=\"padding-bottom:20px; padding-top:10px;\" class=\"hupso-share-buttons\"><!-- Hupso Share Buttons - https:\/\/www.hupso.com\/share\/ --><a class=\"hupso_counters\" href=\"https:\/\/www.hupso.com\/share\/\"><img decoding=\"async\" src=\"http:\/\/static.hupso.com\/share\/buttons\/lang\/es\/share-small.png\" style=\"border:0px; padding-top:2px; float:left;\" alt=\"Share Button\"\/><\/a><script type=\"text\/javascript\">var hupso_services_c=new Array(\"twitter\",\"facebook_like\",\"google\");var hupso_counters_lang = \"es_LA\";var hupso_image_folder_url = \"\";var hupso_twitter_via=\"crsyvrs\";var hupso_url_c=\"\";<\/script><script type=\"text\/javascript\" src=\"http:\/\/static.hupso.com\/share\/js\/counters.js\"><\/script><!-- Hupso Share Buttons --><\/div> ","protected":false},"excerpt":{"rendered":"<div style=\"padding-bottom:20px; padding-top:10px;\" class=\"hupso-share-buttons\"><!-- Hupso Share Buttons - https:\/\/www.hupso.com\/share\/ --><a class=\"hupso_counters\" href=\"https:\/\/www.hupso.com\/share\/\"><img src=\"http:\/\/static.hupso.com\/share\/buttons\/lang\/es\/share-small.png\" style=\"border:0px; padding-top:2px; float:left;\" alt=\"Share Button\"\/><\/a><script type=\"text\/javascript\">var hupso_services_c=new Array(\"twitter\",\"facebook_like\",\"google\");var hupso_counters_lang = \"es_LA\";var hupso_image_folder_url = \"\";var hupso_twitter_via=\"crsyvrs\";var hupso_url_c=\"\";<\/script><script type=\"text\/javascript\" src=\"http:\/\/static.hupso.com\/share\/js\/counters.js\"><\/script><!-- Hupso Share Buttons --><\/div><p>El actor mexicano est\u00e1 al frente de la producci\u00f3n de \u201cAqu\u00ed en la Tierra\u201d, una historia dram\u00e1tica sobre dos j\u00f3venes de distintas clases sociales. Gael Garc\u00eda Bernal cerr\u00f3 un acuerdo con FOX Networks Group Latin America para la producci\u00f3n&#46;&#46;&#46;<\/p>\n<div style=\"padding-bottom:20px; padding-top:10px;\" class=\"hupso-share-buttons\"><!-- Hupso Share Buttons - https:\/\/www.hupso.com\/share\/ --><a class=\"hupso_counters\" href=\"https:\/\/www.hupso.com\/share\/\"><img src=\"http:\/\/static.hupso.com\/share\/buttons\/lang\/es\/share-small.png\" style=\"border:0px; padding-top:2px; float:left;\" alt=\"Share Button\"\/><\/a><script type=\"text\/javascript\">var hupso_services_c=new Array(\"twitter\",\"facebook_like\",\"google\");var hupso_counters_lang = \"es_LA\";var hupso_image_folder_url = \"\";var hupso_twitter_via=\"crsyvrs\";var hupso_url_c=\"\";<\/script><script type=\"text\/javascript\" src=\"http:\/\/static.hupso.com\/share\/js\/counters.js\"><\/script><!-- Hupso Share Buttons --><\/div>","protected":false},"author":5,"featured_media":0,"comment_status":"open","ping_status":"closed","sticky":false,"template":"","format":"standard","meta":{"footnotes":""},"categories":[6],"tags":[7669,1444],"class_list":["post-13710","post","type-post","status-publish","format-standard","hentry","category-radio-y-tv","tag-aqui-en-la-tierra","tag-gael-garcia-bernal"],"_links":{"self":[{"href":"http:\/\/cronicasyversiones.com\/index.php?rest_route=\/wp\/v2\/posts\/13710","targetHints":{"allow":["GET"]}}],"collection":[{"href":"http:\/\/cronicasyversiones.com\/index.php?rest_route=\/wp\/v2\/posts"}],"about":[{"href":"http:\/\/cronicasyversiones.com\/index.php?rest_route=\/wp\/v2\/types\/post"}],"author":[{"embeddable":true,"href":"http:\/\/cronicasyversiones.com\/index.php?rest_route=\/wp\/v2\/users\/5"}],"replies":[{"embeddable":true,"href":"http:\/\/cronicasyversiones.com\/index.php?rest_route=%2Fwp%2Fv2%2Fcomments&post=13710"}],"version-history":[{"count":0,"href":"http:\/\/cronicasyversiones.com\/index.php?rest_route=\/wp\/v2\/posts\/13710\/revisions"}],"wp:attachment":[{"href":"http:\/\/cronicasyversiones.com\/index.php?rest_route=%2Fwp%2Fv2%2Fmedia&parent=13710"}],"wp:term":[{"taxonomy":"category","embeddable":true,"href":"http:\/\/cronicasyversiones.com\/index.php?rest_route=%2Fwp%2Fv2%2Fcategories&post=13710"},{"taxonomy":"post_tag","embeddable":true,"href":"http:\/\/cronicasyversiones.com\/index.php?rest_route=%2Fwp%2Fv2%2Ftags&post=13710"}],"curies":[{"name":"wp","href":"https:\/\/api.w.org\/{rel}","templated":true}]}}