{"id":13891,"date":"2017-01-31T00:04:48","date_gmt":"2017-01-31T03:04:48","guid":{"rendered":"http:\/\/cronicasyversiones.com\/?p=13891"},"modified":"2017-01-30T17:00:49","modified_gmt":"2017-01-30T20:00:49","slug":"presentan-la-bienal-de-arte-joven-de-buenos-aires","status":"publish","type":"post","link":"http:\/\/cronicasyversiones.com\/?p=13891","title":{"rendered":"Presentan la Bienal de Arte Joven de Buenos Aires"},"content":{"rendered":"<div style=\"padding-bottom:20px; padding-top:10px;\" class=\"hupso-share-buttons\"><!-- Hupso Share Buttons - https:\/\/www.hupso.com\/share\/ --><a class=\"hupso_counters\" href=\"https:\/\/www.hupso.com\/share\/\"><img decoding=\"async\" src=\"http:\/\/static.hupso.com\/share\/buttons\/lang\/es\/share-small.png\" style=\"border:0px; padding-top:2px; float:left;\" alt=\"Share Button\"\/><\/a><script type=\"text\/javascript\">var hupso_services_c=new Array(\"twitter\",\"facebook_like\",\"google\");var hupso_counters_lang = \"es_LA\";var hupso_image_folder_url = \"\";var hupso_twitter_via=\"crsyvrs\";var hupso_url_c=\"\";<\/script><script type=\"text\/javascript\" src=\"http:\/\/static.hupso.com\/share\/js\/counters.js\"><\/script><!-- Hupso Share Buttons --><\/div><h2>Ser\u00e1 la sala Villa Villa del Centro Cultural Recoleta con una fiesta y con una funci\u00f3n exclusiva de Fuerza Bruta.<\/h2>\n<p><img loading=\"lazy\" decoding=\"async\" class=\"size-full wp-image-13893 aligncenter\" src=\"http:\/\/cronicasyversiones.com\/wp-content\/uploads\/2017\/01\/fuerza-bruta-recoleta2.jpg\" alt=\"\" width=\"600\" height=\"399\" srcset=\"http:\/\/cronicasyversiones.com\/wp-content\/uploads\/2017\/01\/fuerza-bruta-recoleta2.jpg 600w, http:\/\/cronicasyversiones.com\/wp-content\/uploads\/2017\/01\/fuerza-bruta-recoleta2-300x200.jpg 300w, http:\/\/cronicasyversiones.com\/wp-content\/uploads\/2017\/01\/fuerza-bruta-recoleta2-480x320.jpg 480w\" sizes=\"auto, (max-width: 600px) 100vw, 600px\" \/><\/p>\n<p>El pr\u00f3ximo s\u00e1bado 4 de febrero ser\u00e1 el lanzamiento oficial de una nueva edici\u00f3n de la <strong>Bienal Arte Joven Buenos Aires 2017.\u00a0<\/strong><\/p>\n<p>La vuelta de este cl\u00e1sico ser\u00e1 con una fiesta, que ser\u00e1 precedida por una funci\u00f3n exclusiva de <strong>Fuerza Bruta<\/strong>, en la sala Villa Villa del <strong>Centro Cultural Recoleta<\/strong>, ubicado en Jun\u00edn 1930.<\/p>\n<p>La <strong>Bienal de Arte Joven De Buenos Aires<\/strong> comenz\u00f3 a en 1989 con la misi\u00f3n de\u00a0promover la producci\u00f3n y circulaci\u00f3n de bienes culturales generados por j\u00f3venes creadores, promoviendo la formaci\u00f3n y profesionalizaci\u00f3n de los artistas.<\/p>\n<p>La Bienal apunta a ser una <strong>plataforma de promoci\u00f3n de artistas sub32<\/strong> y busca configurar un espacio de experimentaci\u00f3n que d\u00e9 lugar a nuevos lenguajes y formas de expresi\u00f3n a trav\u00e9s del arte, adem\u00e1s de un \u00e1mbito de encuentro de una generaci\u00f3n que est\u00e1 creando.<\/p>\n<p>Este encuentro se desarrolla por etapas con el acento puesto en la formaci\u00f3n, los procesos de producci\u00f3n y la exhibici\u00f3n de las obras.<\/p>\n<p>&nbsp;<\/p>\n<div style=\"padding-bottom:20px; padding-top:10px;\" class=\"hupso-share-buttons\"><!-- Hupso Share Buttons - https:\/\/www.hupso.com\/share\/ --><a class=\"hupso_counters\" href=\"https:\/\/www.hupso.com\/share\/\"><img decoding=\"async\" src=\"http:\/\/static.hupso.com\/share\/buttons\/lang\/es\/share-small.png\" style=\"border:0px; padding-top:2px; float:left;\" alt=\"Share Button\"\/><\/a><script type=\"text\/javascript\">var hupso_services_c=new Array(\"twitter\",\"facebook_like\",\"google\");var hupso_counters_lang = \"es_LA\";var hupso_image_folder_url = \"\";var hupso_twitter_via=\"crsyvrs\";var hupso_url_c=\"\";<\/script><script type=\"text\/javascript\" src=\"http:\/\/static.hupso.com\/share\/js\/counters.js\"><\/script><!-- Hupso Share Buttons --><\/div> ","protected":false},"excerpt":{"rendered":"<div style=\"padding-bottom:20px; padding-top:10px;\" class=\"hupso-share-buttons\"><!-- Hupso Share Buttons - https:\/\/www.hupso.com\/share\/ --><a class=\"hupso_counters\" href=\"https:\/\/www.hupso.com\/share\/\"><img src=\"http:\/\/static.hupso.com\/share\/buttons\/lang\/es\/share-small.png\" style=\"border:0px; padding-top:2px; float:left;\" alt=\"Share Button\"\/><\/a><script type=\"text\/javascript\">var hupso_services_c=new Array(\"twitter\",\"facebook_like\",\"google\");var hupso_counters_lang = \"es_LA\";var hupso_image_folder_url = \"\";var hupso_twitter_via=\"crsyvrs\";var hupso_url_c=\"\";<\/script><script type=\"text\/javascript\" src=\"http:\/\/static.hupso.com\/share\/js\/counters.js\"><\/script><!-- Hupso Share Buttons --><\/div><p>Ser\u00e1 la sala Villa Villa del Centro Cultural Recoleta con una fiesta y con una funci\u00f3n exclusiva de Fuerza Bruta. El pr\u00f3ximo s\u00e1bado 4 de febrero ser\u00e1 el lanzamiento oficial de una nueva edici\u00f3n de la Bienal Arte Joven&#46;&#46;&#46;<\/p>\n<div style=\"padding-bottom:20px; padding-top:10px;\" class=\"hupso-share-buttons\"><!-- Hupso Share Buttons - https:\/\/www.hupso.com\/share\/ --><a class=\"hupso_counters\" href=\"https:\/\/www.hupso.com\/share\/\"><img src=\"http:\/\/static.hupso.com\/share\/buttons\/lang\/es\/share-small.png\" style=\"border:0px; padding-top:2px; float:left;\" alt=\"Share Button\"\/><\/a><script type=\"text\/javascript\">var hupso_services_c=new Array(\"twitter\",\"facebook_like\",\"google\");var hupso_counters_lang = \"es_LA\";var hupso_image_folder_url = \"\";var hupso_twitter_via=\"crsyvrs\";var hupso_url_c=\"\";<\/script><script type=\"text\/javascript\" src=\"http:\/\/static.hupso.com\/share\/js\/counters.js\"><\/script><!-- Hupso Share Buttons --><\/div>","protected":false},"author":5,"featured_media":0,"comment_status":"open","ping_status":"closed","sticky":false,"template":"","format":"standard","meta":{"footnotes":""},"categories":[9],"tags":[7706,180,1579],"class_list":["post-13891","post","type-post","status-publish","format-standard","hentry","category-sociedad","tag-bienal-arte-joven-buenos-aires","tag-centro-cultural-recoleta","tag-fuerza-bruta"],"_links":{"self":[{"href":"http:\/\/cronicasyversiones.com\/index.php?rest_route=\/wp\/v2\/posts\/13891","targetHints":{"allow":["GET"]}}],"collection":[{"href":"http:\/\/cronicasyversiones.com\/index.php?rest_route=\/wp\/v2\/posts"}],"about":[{"href":"http:\/\/cronicasyversiones.com\/index.php?rest_route=\/wp\/v2\/types\/post"}],"author":[{"embeddable":true,"href":"http:\/\/cronicasyversiones.com\/index.php?rest_route=\/wp\/v2\/users\/5"}],"replies":[{"embeddable":true,"href":"http:\/\/cronicasyversiones.com\/index.php?rest_route=%2Fwp%2Fv2%2Fcomments&post=13891"}],"version-history":[{"count":0,"href":"http:\/\/cronicasyversiones.com\/index.php?rest_route=\/wp\/v2\/posts\/13891\/revisions"}],"wp:attachment":[{"href":"http:\/\/cronicasyversiones.com\/index.php?rest_route=%2Fwp%2Fv2%2Fmedia&parent=13891"}],"wp:term":[{"taxonomy":"category","embeddable":true,"href":"http:\/\/cronicasyversiones.com\/index.php?rest_route=%2Fwp%2Fv2%2Fcategories&post=13891"},{"taxonomy":"post_tag","embeddable":true,"href":"http:\/\/cronicasyversiones.com\/index.php?rest_route=%2Fwp%2Fv2%2Ftags&post=13891"}],"curies":[{"name":"wp","href":"https:\/\/api.w.org\/{rel}","templated":true}]}}