{"id":13955,"date":"2017-02-13T15:46:03","date_gmt":"2017-02-13T18:46:03","guid":{"rendered":"http:\/\/cronicasyversiones.com\/?p=13955"},"modified":"2017-02-13T15:46:03","modified_gmt":"2017-02-13T18:46:03","slug":"se-viene-la-noche-de-los-dibujantes-en-el-konex","status":"publish","type":"post","link":"http:\/\/cronicasyversiones.com\/?p=13955","title":{"rendered":"Se viene \u00abLa Noche de los Dibujantes\u00bb en el Konex"},"content":{"rendered":"<div style=\"padding-bottom:20px; padding-top:10px;\" class=\"hupso-share-buttons\"><!-- Hupso Share Buttons - https:\/\/www.hupso.com\/share\/ --><a class=\"hupso_counters\" href=\"https:\/\/www.hupso.com\/share\/\"><img decoding=\"async\" src=\"http:\/\/static.hupso.com\/share\/buttons\/lang\/es\/share-small.png\" style=\"border:0px; padding-top:2px; float:left;\" alt=\"Share Button\"\/><\/a><script type=\"text\/javascript\">var hupso_services_c=new Array(\"twitter\",\"facebook_like\",\"google\");var hupso_counters_lang = \"es_LA\";var hupso_image_folder_url = \"\";var hupso_twitter_via=\"crsyvrs\";var hupso_url_c=\"\";<\/script><script type=\"text\/javascript\" src=\"http:\/\/static.hupso.com\/share\/js\/counters.js\"><\/script><!-- Hupso Share Buttons --><\/div><h2>Este viernes dar\u00e1n el presente en esta cita Isol, Tute, Max Aguirre, Ale Lunik, Andr\u00e9s Alvez y Ariel Olivetti, entre tantos otros.<\/h2>\n<p><img loading=\"lazy\" decoding=\"async\" class=\"size-full wp-image-13956 aligncenter\" src=\"http:\/\/cronicasyversiones.com\/wp-content\/uploads\/2017\/02\/ISOL_09-flat-m_vga.jpg\" alt=\"\" width=\"640\" height=\"423\" srcset=\"http:\/\/cronicasyversiones.com\/wp-content\/uploads\/2017\/02\/ISOL_09-flat-m_vga.jpg 640w, http:\/\/cronicasyversiones.com\/wp-content\/uploads\/2017\/02\/ISOL_09-flat-m_vga-300x198.jpg 300w\" sizes=\"auto, (max-width: 640px) 100vw, 640px\" \/><\/p>\n<p>Con casi un centenar de ilustradores e historietistas en escena, el pr\u00f3ximo viernes a las 19 llega a la<strong> Ciudad Cultural Konex<\/strong> <em><strong>\u00abLa Noche de los Dibujantes\u00bb,<\/strong><\/em> una cita que contin\u00faa la experiencia anterior con fines solidarios y apuesta a reunir a lectores y autores destacados.<\/p>\n<p>Se calculan que ser\u00e1 una <strong>centena de dibujantes<\/strong> la\u00a0que participar\u00e1 de la velada, con un elenco de consagrados, junto con otros de menor renombre y de nuevos exponentes.<\/p>\n<p>Dar\u00e1n el presente Altuna, Isol, Tute, Max Aguirre, Ale Lunik, Andr\u00e9s Alvez, Ariel Olivetti, Bernardo Erlich, Sol Otero, Cacho Mandrafina, Capit\u00e1n Manu, Gory, Gustavo Deveze, I\u00f1aki Echeverr\u00eda, Jorh, Julieta Arroquy y Salvador Sanz, entre muchos otros.<\/p>\n<p>Adem\u00e1s, habr\u00e1 entrevistas p\u00fablicas, un estudio en vivo donde cuatro dibujantes se instalar\u00e1n a dibujar como lo hacen en sus lugares de creaci\u00f3n, una muestra de originales para reflejar la cocina previa al dibujo final y un combate tipo boxeo con rondas entre retadores y el que clasifique se enfrentar\u00e1 a <strong>Diego Par\u00e9s.<\/strong><\/p>\n<p>Tambi\u00e9n shows en vivo, un espacio de serigraf\u00eda y una subasta de obras originales. El p\u00fablico, adem\u00e1s, tendr\u00e1 acceso a una librer\u00eda con t\u00edtulos muchas veces dif\u00edciles de conseguir.<\/p>\n<p><em><strong>\u00abLa Noche de los Dibujantes\u00bb<\/strong><\/em> se realizar\u00e1 el pr\u00f3ximo viernes, desde las 19 y hasta las 2 del s\u00e1bado, con una entrada cuyo valor incluye una hoja membretada, y se puede obtener en forma online a trav\u00e9s de Ticketek o en la puerta del Konex, ubicado en Sarmiento 3131.<\/p>\n<p>&nbsp;<\/p>\n<div style=\"padding-bottom:20px; padding-top:10px;\" class=\"hupso-share-buttons\"><!-- Hupso Share Buttons - https:\/\/www.hupso.com\/share\/ --><a class=\"hupso_counters\" href=\"https:\/\/www.hupso.com\/share\/\"><img decoding=\"async\" src=\"http:\/\/static.hupso.com\/share\/buttons\/lang\/es\/share-small.png\" style=\"border:0px; padding-top:2px; float:left;\" alt=\"Share Button\"\/><\/a><script type=\"text\/javascript\">var hupso_services_c=new Array(\"twitter\",\"facebook_like\",\"google\");var hupso_counters_lang = \"es_LA\";var hupso_image_folder_url = \"\";var hupso_twitter_via=\"crsyvrs\";var hupso_url_c=\"\";<\/script><script type=\"text\/javascript\" src=\"http:\/\/static.hupso.com\/share\/js\/counters.js\"><\/script><!-- Hupso Share Buttons --><\/div> ","protected":false},"excerpt":{"rendered":"<div style=\"padding-bottom:20px; padding-top:10px;\" class=\"hupso-share-buttons\"><!-- Hupso Share Buttons - https:\/\/www.hupso.com\/share\/ --><a class=\"hupso_counters\" href=\"https:\/\/www.hupso.com\/share\/\"><img src=\"http:\/\/static.hupso.com\/share\/buttons\/lang\/es\/share-small.png\" style=\"border:0px; padding-top:2px; float:left;\" alt=\"Share Button\"\/><\/a><script type=\"text\/javascript\">var hupso_services_c=new Array(\"twitter\",\"facebook_like\",\"google\");var hupso_counters_lang = \"es_LA\";var hupso_image_folder_url = \"\";var hupso_twitter_via=\"crsyvrs\";var hupso_url_c=\"\";<\/script><script type=\"text\/javascript\" src=\"http:\/\/static.hupso.com\/share\/js\/counters.js\"><\/script><!-- Hupso Share Buttons --><\/div><p>Este viernes dar\u00e1n el presente en esta cita Isol, Tute, Max Aguirre, Ale Lunik, Andr\u00e9s Alvez y Ariel Olivetti, entre tantos otros. Con casi un centenar de ilustradores e historietistas en escena, el pr\u00f3ximo viernes a las 19 llega&#46;&#46;&#46;<\/p>\n<div style=\"padding-bottom:20px; padding-top:10px;\" class=\"hupso-share-buttons\"><!-- Hupso Share Buttons - https:\/\/www.hupso.com\/share\/ --><a class=\"hupso_counters\" href=\"https:\/\/www.hupso.com\/share\/\"><img src=\"http:\/\/static.hupso.com\/share\/buttons\/lang\/es\/share-small.png\" style=\"border:0px; padding-top:2px; float:left;\" alt=\"Share Button\"\/><\/a><script type=\"text\/javascript\">var hupso_services_c=new Array(\"twitter\",\"facebook_like\",\"google\");var hupso_counters_lang = \"es_LA\";var hupso_image_folder_url = \"\";var hupso_twitter_via=\"crsyvrs\";var hupso_url_c=\"\";<\/script><script type=\"text\/javascript\" src=\"http:\/\/static.hupso.com\/share\/js\/counters.js\"><\/script><!-- Hupso Share Buttons --><\/div>","protected":false},"author":5,"featured_media":0,"comment_status":"open","ping_status":"closed","sticky":false,"template":"","format":"standard","meta":{"footnotes":""},"categories":[8],"tags":[7714,2761,2521,3816,7713,7715,3818],"class_list":["post-13955","post","type-post","status-publish","format-standard","hentry","category-artes-plasticas","tag-altuna","tag-ciudad-cultural-konex","tag-isol","tag-julieta-arroquy","tag-la-noche-de-los-dibujantes","tag-max-aguirre","tag-tute"],"_links":{"self":[{"href":"http:\/\/cronicasyversiones.com\/index.php?rest_route=\/wp\/v2\/posts\/13955","targetHints":{"allow":["GET"]}}],"collection":[{"href":"http:\/\/cronicasyversiones.com\/index.php?rest_route=\/wp\/v2\/posts"}],"about":[{"href":"http:\/\/cronicasyversiones.com\/index.php?rest_route=\/wp\/v2\/types\/post"}],"author":[{"embeddable":true,"href":"http:\/\/cronicasyversiones.com\/index.php?rest_route=\/wp\/v2\/users\/5"}],"replies":[{"embeddable":true,"href":"http:\/\/cronicasyversiones.com\/index.php?rest_route=%2Fwp%2Fv2%2Fcomments&post=13955"}],"version-history":[{"count":0,"href":"http:\/\/cronicasyversiones.com\/index.php?rest_route=\/wp\/v2\/posts\/13955\/revisions"}],"wp:attachment":[{"href":"http:\/\/cronicasyversiones.com\/index.php?rest_route=%2Fwp%2Fv2%2Fmedia&parent=13955"}],"wp:term":[{"taxonomy":"category","embeddable":true,"href":"http:\/\/cronicasyversiones.com\/index.php?rest_route=%2Fwp%2Fv2%2Fcategories&post=13955"},{"taxonomy":"post_tag","embeddable":true,"href":"http:\/\/cronicasyversiones.com\/index.php?rest_route=%2Fwp%2Fv2%2Ftags&post=13955"}],"curies":[{"name":"wp","href":"https:\/\/api.w.org\/{rel}","templated":true}]}}