{"id":13962,"date":"2017-02-14T07:51:11","date_gmt":"2017-02-14T10:51:11","guid":{"rendered":"http:\/\/cronicasyversiones.com\/?p=13962"},"modified":"2017-02-14T07:51:11","modified_gmt":"2017-02-14T10:51:11","slug":"arranca-una-nueva-edicion-de-la-bienal-arte-joven-buenos-aires","status":"publish","type":"post","link":"http:\/\/cronicasyversiones.com\/?p=13962","title":{"rendered":"Arranca una nueva edici\u00f3n de la Bienal Arte Joven Buenos Aires"},"content":{"rendered":"<div style=\"padding-bottom:20px; padding-top:10px;\" class=\"hupso-share-buttons\"><!-- Hupso Share Buttons - https:\/\/www.hupso.com\/share\/ --><a class=\"hupso_counters\" href=\"https:\/\/www.hupso.com\/share\/\"><img decoding=\"async\" src=\"http:\/\/static.hupso.com\/share\/buttons\/lang\/es\/share-small.png\" style=\"border:0px; padding-top:2px; float:left;\" alt=\"Share Button\"\/><\/a><script type=\"text\/javascript\">var hupso_services_c=new Array(\"twitter\",\"facebook_like\",\"google\");var hupso_counters_lang = \"es_LA\";var hupso_image_folder_url = \"\";var hupso_twitter_via=\"crsyvrs\";var hupso_url_c=\"\";<\/script><script type=\"text\/javascript\" src=\"http:\/\/static.hupso.com\/share\/js\/counters.js\"><\/script><!-- Hupso Share Buttons --><\/div><h2>Esta convocatoria tiene abierta su inscripci\u00f3n hasta el 10 de marzo para presentar proyectos en artes esc\u00e9nicas, artes audiovisuales, artes visuales, m\u00fasica y literatura.<\/h2>\n<p><img loading=\"lazy\" decoding=\"async\" class=\"wp-image-13963 aligncenter\" src=\"http:\/\/cronicasyversiones.com\/wp-content\/uploads\/2017\/02\/thumbnail_2-Foto-prensa-Visuales-Bienal-Arte-Joven-Buenos-Aires-1024x683.jpg\" alt=\"\" width=\"762\" height=\"508\" srcset=\"http:\/\/cronicasyversiones.com\/wp-content\/uploads\/2017\/02\/thumbnail_2-Foto-prensa-Visuales-Bienal-Arte-Joven-Buenos-Aires.jpg 1024w, http:\/\/cronicasyversiones.com\/wp-content\/uploads\/2017\/02\/thumbnail_2-Foto-prensa-Visuales-Bienal-Arte-Joven-Buenos-Aires-300x200.jpg 300w, http:\/\/cronicasyversiones.com\/wp-content\/uploads\/2017\/02\/thumbnail_2-Foto-prensa-Visuales-Bienal-Arte-Joven-Buenos-Aires-768x512.jpg 768w, http:\/\/cronicasyversiones.com\/wp-content\/uploads\/2017\/02\/thumbnail_2-Foto-prensa-Visuales-Bienal-Arte-Joven-Buenos-Aires-480x320.jpg 480w\" sizes=\"auto, (max-width: 762px) 100vw, 762px\" \/><\/p>\n<p>Con una convocatoria abierta a artistas j\u00f3venes de cinco disciplinas, arranca una nueva edici\u00f3n de la <strong>Bienal Arte Joven de Buenos Aires,<\/strong> plataforma de promoci\u00f3n del arte joven.<\/p>\n<p>Hasta el 10 de marzo estar\u00e1n abiertas las inscripciones en nueve convocatorias, destinadas a artistas que podr\u00e1n postularse a trav\u00e9s de una obra o con un proyecto a desarrollar en <strong>artes esc\u00e9nicas, artes audiovisuales, artes visuales, m\u00fasica y literatura,<\/strong> la gran incorporaci\u00f3n de esta nueva edici\u00f3n.<\/p>\n<p>Los objetivos centrales de <strong>La Bienal<\/strong> son promover la formaci\u00f3n pr\u00e1ctica y te\u00f3rica de los artistas y creadores; promover circuitos de encuentro e intercambio que den origen a nuevas creaciones y sean motor de pensamiento cr\u00edtico, apoyar el desarrollo de nuevas producciones y la circulaci\u00f3n de ellas y sus artistas (dentro y fuera del pa\u00eds) acercar nuevos p\u00fablicos a las distintas manifestaciones del arte contempor\u00e1neo.<\/p>\n<p>La nueva edici\u00f3n de La Bienal incentiva y apoya la participaci\u00f3n de artistas de todo el pa\u00eds. Entre el 2 y el 4 de febrero pasados, 100 artistas j\u00f3venes de diferentes lugares de Argentina tuvieron la oportunidad de compartir un espacio de encuentro, intercambio y formaci\u00f3n con m\u00e1s de 20 actividades a cargo de 25 referentes del campo art\u00edstico en la <strong>Residencia Enciende Bienal.<\/strong><\/p>\n<p>Por otra parte, desde el 31 de enero se est\u00e1 desarrollando el <strong>Programa intensivo de creaci\u00f3n dramat\u00fargica y composici\u00f3n de teatro musical<\/strong> en el que 10 equipos de artistas j\u00f3venes desarrollar\u00e1n una obra desde el germen hasta su libro final. Esta es la segunda edici\u00f3n, y es el \u00fanico programa de su tipo en Argentina. Dos equipos contar\u00e1n adem\u00e1s con el acompa\u00f1amiento de La Bienal para la realizaci\u00f3n de sus proyectos. El primer premio consistir\u00e1 en un apoyo econ\u00f3mico de $200.000, y el segundo, de $140.000. Ambos contar\u00e1n con un programa de tutor\u00edas que acompa\u00f1ar\u00e1 el proceso de producci\u00f3n hasta su estreno en el <strong>Teatro Picadero y el Teatro La Comedia,<\/strong> durante el Festival de la Bienal. En su edici\u00f3n 2015 el proyecto ganador fue la multipremiada y destacada obra <em><strong>\u00abLos monstruos\u00bb<\/strong><\/em>, de Emiliano Dionisi y Mart\u00edn Rodr\u00edguez, a\u00fan en cartel en el Teatro Picadero.<\/p>\n<p>Otro de los proyectos con el que se inicia esta nueva edici\u00f3n es <strong>Antihomenaje DAD\u00c1<\/strong> (101 a\u00f1os del Cabaret Voltaire) ideado por Emilio Garc\u00eda Wehbi y Ricardo Ibarluc\u00eda donde 20 propuestas de j\u00f3venes artistas van tomando forma para ser exhibidas en forma simult\u00e1nea en el<strong> Centro Cultural Recoleta<\/strong> en el marco de la Bienal de Performance 2017, entre el 13 y 16 de mayo de 2017.<\/p>\n<p>En mayo se realizar\u00e1 el anuncio de qui\u00e9nes ser\u00e1n los bienalistas de esta nueva edici\u00f3n, que ser\u00e1n seleccionados por referentes de cada disciplina, como Leticia Mazur, Juan Coulasso, Anal\u00eda Couceyro, Laura Figueras, Santiago Gobernori, Patricio Larrambebere, Lara Marmor, Marcela Sinclair, Fernando Brizuela, Jos\u00e9 Luis Landet, Rodolfo Marqu\u00e9s, Julia Marvernat y Geraldine Schwindt, Florencia Clerico, Javier Zevallos, Santiago Melazzini, Paola Buontempo, Iv\u00e1n Fund, Nele Wohlatz, Tom\u00e1s Dotta, Hern\u00e1n Rosselli, Florencia Mauro, Mariano Godoy, Javier Caso, Gabo Ferro, Eduardo Sluszarzuk, Gabriela Cabez\u00f3n C\u00e1mara y Fabi\u00e1n Casas, entre otros.<\/p>\n<p>Entre junio y septiembre llegar\u00e1 la etapa de desarrollo de proyectos. Este a\u00f1o La Bienal acompa\u00f1ar\u00e1 la producci\u00f3n de 8 proyectos esc\u00e9nicos (2 de ellos de teatro musical), 6 proyectos en artes visuales, 3 series web, y una novela breve.<\/p>\n<p>Mientras que entre julio y agosto se llevar\u00e1 adelante el <strong>Campus Bienal<\/strong>, la instancia de formaci\u00f3n interdisciplinaria con m\u00e1s de 50 propuestas para todos los artistas seleccionados. Este a\u00f1o habr\u00e1 una residencia internacional en el marco del Campus. 11 artistas provenientes de diferentes pa\u00edses se sumar\u00e1n a vivir la experiencia Campus con los m\u00e1s de 800 artistas seleccionados en Bienal.<\/p>\n<p><strong>El Festival de la Bienal,<\/strong> el gran espacio de exhibici\u00f3n en el que los artistas seleccionados compartir\u00e1n sus creaciones con toda la Ciudad, ser\u00e1 del 25 de septiembre al 1 de octubre y esta vez durar\u00e1 7 d\u00edas, un d\u00eda m\u00e1s que en las ediciones anteriores. En esta nueva edici\u00f3n el Festival tendr\u00e1 su sede central en el Centro Cultural Recoleta, que fuera la sede de la primera Bienal de Arte Joven que tuvo la Ciudad en 1989.<\/p>\n<p>La inscripci\u00f3n, para artistas de 18 a 32 a\u00f1os de edad, se realiza online en https:\/\/bienal.buenosaires.gob.ar\/convocatorias, en donde se pueden consultar tambi\u00e9n las bases y condiciones.<\/p>\n<div style=\"padding-bottom:20px; padding-top:10px;\" class=\"hupso-share-buttons\"><!-- Hupso Share Buttons - https:\/\/www.hupso.com\/share\/ --><a class=\"hupso_counters\" href=\"https:\/\/www.hupso.com\/share\/\"><img decoding=\"async\" src=\"http:\/\/static.hupso.com\/share\/buttons\/lang\/es\/share-small.png\" style=\"border:0px; padding-top:2px; float:left;\" alt=\"Share Button\"\/><\/a><script type=\"text\/javascript\">var hupso_services_c=new Array(\"twitter\",\"facebook_like\",\"google\");var hupso_counters_lang = \"es_LA\";var hupso_image_folder_url = \"\";var hupso_twitter_via=\"crsyvrs\";var hupso_url_c=\"\";<\/script><script type=\"text\/javascript\" src=\"http:\/\/static.hupso.com\/share\/js\/counters.js\"><\/script><!-- Hupso Share Buttons --><\/div> ","protected":false},"excerpt":{"rendered":"<div style=\"padding-bottom:20px; padding-top:10px;\" class=\"hupso-share-buttons\"><!-- Hupso Share Buttons - https:\/\/www.hupso.com\/share\/ --><a class=\"hupso_counters\" href=\"https:\/\/www.hupso.com\/share\/\"><img src=\"http:\/\/static.hupso.com\/share\/buttons\/lang\/es\/share-small.png\" style=\"border:0px; padding-top:2px; float:left;\" alt=\"Share Button\"\/><\/a><script type=\"text\/javascript\">var hupso_services_c=new Array(\"twitter\",\"facebook_like\",\"google\");var hupso_counters_lang = \"es_LA\";var hupso_image_folder_url = \"\";var hupso_twitter_via=\"crsyvrs\";var hupso_url_c=\"\";<\/script><script type=\"text\/javascript\" src=\"http:\/\/static.hupso.com\/share\/js\/counters.js\"><\/script><!-- Hupso Share Buttons --><\/div><p>Esta convocatoria tiene abierta su inscripci\u00f3n hasta el 10 de marzo para presentar proyectos en artes esc\u00e9nicas, artes audiovisuales, artes visuales, m\u00fasica y literatura. Con una convocatoria abierta a artistas j\u00f3venes de cinco disciplinas, arranca una nueva edici\u00f3n de&#46;&#46;&#46;<\/p>\n<div style=\"padding-bottom:20px; padding-top:10px;\" class=\"hupso-share-buttons\"><!-- Hupso Share Buttons - https:\/\/www.hupso.com\/share\/ --><a class=\"hupso_counters\" href=\"https:\/\/www.hupso.com\/share\/\"><img src=\"http:\/\/static.hupso.com\/share\/buttons\/lang\/es\/share-small.png\" style=\"border:0px; padding-top:2px; float:left;\" alt=\"Share Button\"\/><\/a><script type=\"text\/javascript\">var hupso_services_c=new Array(\"twitter\",\"facebook_like\",\"google\");var hupso_counters_lang = \"es_LA\";var hupso_image_folder_url = \"\";var hupso_twitter_via=\"crsyvrs\";var hupso_url_c=\"\";<\/script><script type=\"text\/javascript\" src=\"http:\/\/static.hupso.com\/share\/js\/counters.js\"><\/script><!-- Hupso Share Buttons --><\/div>","protected":false},"author":5,"featured_media":0,"comment_status":"open","ping_status":"closed","sticky":false,"template":"","format":"standard","meta":{"footnotes":""},"categories":[9],"tags":[3745],"class_list":["post-13962","post","type-post","status-publish","format-standard","hentry","category-sociedad","tag-bienal-de-arte-joven"],"_links":{"self":[{"href":"http:\/\/cronicasyversiones.com\/index.php?rest_route=\/wp\/v2\/posts\/13962","targetHints":{"allow":["GET"]}}],"collection":[{"href":"http:\/\/cronicasyversiones.com\/index.php?rest_route=\/wp\/v2\/posts"}],"about":[{"href":"http:\/\/cronicasyversiones.com\/index.php?rest_route=\/wp\/v2\/types\/post"}],"author":[{"embeddable":true,"href":"http:\/\/cronicasyversiones.com\/index.php?rest_route=\/wp\/v2\/users\/5"}],"replies":[{"embeddable":true,"href":"http:\/\/cronicasyversiones.com\/index.php?rest_route=%2Fwp%2Fv2%2Fcomments&post=13962"}],"version-history":[{"count":0,"href":"http:\/\/cronicasyversiones.com\/index.php?rest_route=\/wp\/v2\/posts\/13962\/revisions"}],"wp:attachment":[{"href":"http:\/\/cronicasyversiones.com\/index.php?rest_route=%2Fwp%2Fv2%2Fmedia&parent=13962"}],"wp:term":[{"taxonomy":"category","embeddable":true,"href":"http:\/\/cronicasyversiones.com\/index.php?rest_route=%2Fwp%2Fv2%2Fcategories&post=13962"},{"taxonomy":"post_tag","embeddable":true,"href":"http:\/\/cronicasyversiones.com\/index.php?rest_route=%2Fwp%2Fv2%2Ftags&post=13962"}],"curies":[{"name":"wp","href":"https:\/\/api.w.org\/{rel}","templated":true}]}}