{"id":13969,"date":"2017-02-15T00:10:11","date_gmt":"2017-02-15T03:10:11","guid":{"rendered":"http:\/\/cronicasyversiones.com\/?p=13969"},"modified":"2017-02-14T15:47:29","modified_gmt":"2017-02-14T18:47:29","slug":"slam-allen-y-omar-coleman-en-el-we-got-the-blues-festival","status":"publish","type":"post","link":"http:\/\/cronicasyversiones.com\/?p=13969","title":{"rendered":"Slam Allen y Omar Coleman, en el \u201cWe Got the Blues Festival\u201d"},"content":{"rendered":"<div style=\"padding-bottom:20px; padding-top:10px;\" class=\"hupso-share-buttons\"><!-- Hupso Share Buttons - https:\/\/www.hupso.com\/share\/ --><a class=\"hupso_counters\" href=\"https:\/\/www.hupso.com\/share\/\"><img decoding=\"async\" src=\"http:\/\/static.hupso.com\/share\/buttons\/lang\/es\/share-small.png\" style=\"border:0px; padding-top:2px; float:left;\" alt=\"Share Button\"\/><\/a><script type=\"text\/javascript\">var hupso_services_c=new Array(\"twitter\",\"facebook_like\",\"google\");var hupso_counters_lang = \"es_LA\";var hupso_image_folder_url = \"\";var hupso_twitter_via=\"crsyvrs\";var hupso_url_c=\"\";<\/script><script type=\"text\/javascript\" src=\"http:\/\/static.hupso.com\/share\/js\/counters.js\"><\/script><!-- Hupso Share Buttons --><\/div><h2>Ambos m\u00fasicos estadounidenses se presentar\u00e1n en la primera edici\u00f3n de este encuentro blusero en Buenos Aires, junto con los locales 50 negras.<\/h2>\n<p><img loading=\"lazy\" decoding=\"async\" class=\"wp-image-13970 aligncenter\" src=\"http:\/\/cronicasyversiones.com\/wp-content\/uploads\/2017\/02\/Slam-Allen-1024x683.gif\" alt=\"\" width=\"764\" height=\"509\" srcset=\"http:\/\/cronicasyversiones.com\/wp-content\/uploads\/2017\/02\/Slam-Allen-1024x683.gif 1024w, http:\/\/cronicasyversiones.com\/wp-content\/uploads\/2017\/02\/Slam-Allen-300x200.gif 300w, http:\/\/cronicasyversiones.com\/wp-content\/uploads\/2017\/02\/Slam-Allen-768x512.gif 768w, http:\/\/cronicasyversiones.com\/wp-content\/uploads\/2017\/02\/Slam-Allen-480x320.gif 480w\" sizes=\"auto, (max-width: 764px) 100vw, 764px\" \/><\/p>\n<p><strong>Slam Allen <\/strong>y<strong> Omar Coleman<\/strong> recalan en la Argentina en la primera edici\u00f3n del <em><strong>\u201cWe Got the Blues Festival\u201d<\/strong><\/em>, que tendr\u00e1 lugar el viernes 24 de febrero a las 21 en el porte\u00f1o <strong>Teatro Monteviejo,<\/strong> ubicado en Lavalle 3177.<\/p>\n<p>Este encuentro para todos los amantes del blues, el soul y el R&amp;B est\u00e1 organizado por <strong>Baires Blues<\/strong> producciones con la intenci\u00f3n de promover que estos ritmos contin\u00faen funcionando en toda Sudam\u00e9rica.<\/p>\n<p>La apertura estar\u00e1 a cargo del grupo de blues local <strong>50 negras<\/strong> y a continuaci\u00f3n ser\u00e1 el turno del reconocido armonicista y vocalista de Chicago <strong>Omar Coleman,<\/strong> quien ofrecer\u00e1 un repertorio musical que ir\u00e1 de lo mejor del Blues tradicional a lo mejor del R&amp;B.<\/p>\n<p><img loading=\"lazy\" decoding=\"async\" class=\"alignleft wp-image-13971\" src=\"http:\/\/cronicasyversiones.com\/wp-content\/uploads\/2017\/02\/thumbnail_Omar-Coleman-767x1024.jpg\" alt=\"\" width=\"327\" height=\"437\" srcset=\"http:\/\/cronicasyversiones.com\/wp-content\/uploads\/2017\/02\/thumbnail_Omar-Coleman-767x1024.jpg 767w, http:\/\/cronicasyversiones.com\/wp-content\/uploads\/2017\/02\/thumbnail_Omar-Coleman-225x300.jpg 225w, http:\/\/cronicasyversiones.com\/wp-content\/uploads\/2017\/02\/thumbnail_Omar-Coleman-768x1025.jpg 768w, http:\/\/cronicasyversiones.com\/wp-content\/uploads\/2017\/02\/thumbnail_Omar-Coleman.jpg 959w\" sizes=\"auto, (max-width: 327px) 100vw, 327px\" \/>La noche seguir\u00e1 con el show del gran guitarrista y cantante de New York, <strong>Slam Allen<\/strong>, un verdadero showman, considerado como uno de los artistas con m\u00e1s futuro en la escena del blues actual. Ambos m\u00fasicos cerrar\u00e1n el festival tocando algunos temas en conjunto.<\/p>\n<p>Omar Coleman naci\u00f3 en 1973, en Chicago, y es reconocido como uno de los mejores armoncistas y vocalista de blues americano vigente. Particip\u00f3 en festivales musicales con leyendas como <strong>Robert Cray, Buddy Guy, Koko Taylor, Ruth Brown y Robert Randolph<\/strong>. Con una voz conmovedora, Coleman impresiona a su audiencia a trav\u00e9s de sus habilidades genuinas con la arm\u00f3nica y sus cuerdas vocales.<\/p>\n<p>Mientras que Slam Allen es oriundo de Nueva York y es uno de los artistas m\u00e1s din\u00e1micos y originales de la escena del blues y soul actual. Su forma de tocar conmueve al p\u00fablico de todo el mundo.<\/p>\n<p class=\"x_MsoNormal\">Slam se conecta con su p\u00fablico de una manera tan especial que crea una experiencia musical \u00fanica tal como lo hac\u00edan los referentes de las \u00e9pocas anteriores.\u00a0<u><\/u><u><\/u><\/p>\n<p class=\"x_MsoNormal\">Allen, quien fue por 9 a\u00f1os m\u00fasico de la banda de blues del legendario\u00a0<b>James Cotton<\/b>, tiene un estilo tan particular para tocar que es dif\u00edcil saber si est\u00e1 ejecutando un tema nuevo, <strong>un viejo blues o un cover de soul.<\/strong><\/p>\n<p class=\"x_MsoNormal\"><strong>Slam y su banda:\u00a0<\/strong><\/p>\n<div style=\"position: relative; height: 0; padding-bottom: 56.25%;\"><iframe loading=\"lazy\" style=\"position: absolute; width: 100%; height: 100%; left: 0;\" src=\"https:\/\/www.youtube.com\/embed\/PXRhx1dqggs?ecver=2\" width=\"600\" height=\"350\" frameborder=\"0\" allowfullscreen=\"allowfullscreen\"><\/iframe><\/div>\n<div style=\"padding-bottom:20px; padding-top:10px;\" class=\"hupso-share-buttons\"><!-- Hupso Share Buttons - https:\/\/www.hupso.com\/share\/ --><a class=\"hupso_counters\" href=\"https:\/\/www.hupso.com\/share\/\"><img decoding=\"async\" src=\"http:\/\/static.hupso.com\/share\/buttons\/lang\/es\/share-small.png\" style=\"border:0px; padding-top:2px; float:left;\" alt=\"Share Button\"\/><\/a><script type=\"text\/javascript\">var hupso_services_c=new Array(\"twitter\",\"facebook_like\",\"google\");var hupso_counters_lang = \"es_LA\";var hupso_image_folder_url = \"\";var hupso_twitter_via=\"crsyvrs\";var hupso_url_c=\"\";<\/script><script type=\"text\/javascript\" src=\"http:\/\/static.hupso.com\/share\/js\/counters.js\"><\/script><!-- Hupso Share Buttons --><\/div> ","protected":false},"excerpt":{"rendered":"<div style=\"padding-bottom:20px; padding-top:10px;\" class=\"hupso-share-buttons\"><!-- Hupso Share Buttons - https:\/\/www.hupso.com\/share\/ --><a class=\"hupso_counters\" href=\"https:\/\/www.hupso.com\/share\/\"><img src=\"http:\/\/static.hupso.com\/share\/buttons\/lang\/es\/share-small.png\" style=\"border:0px; padding-top:2px; float:left;\" alt=\"Share Button\"\/><\/a><script type=\"text\/javascript\">var hupso_services_c=new Array(\"twitter\",\"facebook_like\",\"google\");var hupso_counters_lang = \"es_LA\";var hupso_image_folder_url = \"\";var hupso_twitter_via=\"crsyvrs\";var hupso_url_c=\"\";<\/script><script type=\"text\/javascript\" src=\"http:\/\/static.hupso.com\/share\/js\/counters.js\"><\/script><!-- Hupso Share Buttons --><\/div><p>Ambos m\u00fasicos estadounidenses se presentar\u00e1n en la primera edici\u00f3n de este encuentro blusero en Buenos Aires, junto con los locales 50 negras. Slam Allen y Omar Coleman recalan en la Argentina en la primera edici\u00f3n del \u201cWe Got the&#46;&#46;&#46;<\/p>\n<div style=\"padding-bottom:20px; padding-top:10px;\" class=\"hupso-share-buttons\"><!-- Hupso Share Buttons - https:\/\/www.hupso.com\/share\/ --><a class=\"hupso_counters\" href=\"https:\/\/www.hupso.com\/share\/\"><img src=\"http:\/\/static.hupso.com\/share\/buttons\/lang\/es\/share-small.png\" style=\"border:0px; padding-top:2px; float:left;\" alt=\"Share Button\"\/><\/a><script type=\"text\/javascript\">var hupso_services_c=new Array(\"twitter\",\"facebook_like\",\"google\");var hupso_counters_lang = \"es_LA\";var hupso_image_folder_url = \"\";var hupso_twitter_via=\"crsyvrs\";var hupso_url_c=\"\";<\/script><script type=\"text\/javascript\" src=\"http:\/\/static.hupso.com\/share\/js\/counters.js\"><\/script><!-- Hupso Share Buttons --><\/div>","protected":false},"author":5,"featured_media":0,"comment_status":"open","ping_status":"closed","sticky":false,"template":"","format":"standard","meta":{"footnotes":""},"categories":[3],"tags":[2030,7720,7719,7721],"class_list":["post-13969","post","type-post","status-publish","format-standard","hentry","category-musica","tag-blues","tag-omar-coleman","tag-slam-allen","tag-teatro-monteviejo"],"_links":{"self":[{"href":"http:\/\/cronicasyversiones.com\/index.php?rest_route=\/wp\/v2\/posts\/13969","targetHints":{"allow":["GET"]}}],"collection":[{"href":"http:\/\/cronicasyversiones.com\/index.php?rest_route=\/wp\/v2\/posts"}],"about":[{"href":"http:\/\/cronicasyversiones.com\/index.php?rest_route=\/wp\/v2\/types\/post"}],"author":[{"embeddable":true,"href":"http:\/\/cronicasyversiones.com\/index.php?rest_route=\/wp\/v2\/users\/5"}],"replies":[{"embeddable":true,"href":"http:\/\/cronicasyversiones.com\/index.php?rest_route=%2Fwp%2Fv2%2Fcomments&post=13969"}],"version-history":[{"count":0,"href":"http:\/\/cronicasyversiones.com\/index.php?rest_route=\/wp\/v2\/posts\/13969\/revisions"}],"wp:attachment":[{"href":"http:\/\/cronicasyversiones.com\/index.php?rest_route=%2Fwp%2Fv2%2Fmedia&parent=13969"}],"wp:term":[{"taxonomy":"category","embeddable":true,"href":"http:\/\/cronicasyversiones.com\/index.php?rest_route=%2Fwp%2Fv2%2Fcategories&post=13969"},{"taxonomy":"post_tag","embeddable":true,"href":"http:\/\/cronicasyversiones.com\/index.php?rest_route=%2Fwp%2Fv2%2Ftags&post=13969"}],"curies":[{"name":"wp","href":"https:\/\/api.w.org\/{rel}","templated":true}]}}