{"id":14010,"date":"2017-02-18T00:01:16","date_gmt":"2017-02-18T03:01:16","guid":{"rendered":"http:\/\/cronicasyversiones.com\/?p=14010"},"modified":"2017-02-17T15:38:44","modified_gmt":"2017-02-17T18:38:44","slug":"osvaldo-bayer-cumple-90-anos","status":"publish","type":"post","link":"http:\/\/cronicasyversiones.com\/?p=14010","title":{"rendered":"Osvaldo Bayer cumple 90 a\u00f1os"},"content":{"rendered":"<div style=\"padding-bottom:20px; padding-top:10px;\" class=\"hupso-share-buttons\"><!-- Hupso Share Buttons - https:\/\/www.hupso.com\/share\/ --><a class=\"hupso_counters\" href=\"https:\/\/www.hupso.com\/share\/\"><img decoding=\"async\" src=\"http:\/\/static.hupso.com\/share\/buttons\/lang\/es\/share-small.png\" style=\"border:0px; padding-top:2px; float:left;\" alt=\"Share Button\"\/><\/a><script type=\"text\/javascript\">var hupso_services_c=new Array(\"twitter\",\"facebook_like\",\"google\");var hupso_counters_lang = \"es_LA\";var hupso_image_folder_url = \"\";var hupso_twitter_via=\"crsyvrs\";var hupso_url_c=\"\";<\/script><script type=\"text\/javascript\" src=\"http:\/\/static.hupso.com\/share\/js\/counters.js\"><\/script><!-- Hupso Share Buttons --><\/div><h2>Un recorrido por la obra de este historiador, periodista, docente y luchador social, nacido en Santa Fe el 18 de febrero de 1927.<\/h2>\n<p><img loading=\"lazy\" decoding=\"async\" class=\"size-full wp-image-14011 aligncenter\" src=\"http:\/\/cronicasyversiones.com\/wp-content\/uploads\/2017\/02\/bayer09.jpg\" alt=\"\" width=\"750\" height=\"422\" srcset=\"http:\/\/cronicasyversiones.com\/wp-content\/uploads\/2017\/02\/bayer09.jpg 750w, http:\/\/cronicasyversiones.com\/wp-content\/uploads\/2017\/02\/bayer09-300x169.jpg 300w\" sizes=\"auto, (max-width: 750px) 100vw, 750px\" \/><\/p>\n<p><strong>Osvaldo Bayer,<\/strong> con una destacada labor como historiador, periodista, docente y luchador social, \u00a0cumple 90 a\u00f1os, mientras sigue inclauidicable en sus convicciones y en su l\u00facida mirada cr\u00edtica, defini\u00e9ndose como <strong>\u00abun anarquista y pacifista a ultranza\u00bb.<\/strong><\/p>\n<p>Bayer naci\u00f3 en la ciudad de Santa Fe<strong> el 18 de febrero de 1927.<\/strong> Es el autor de obras imprescindibles, \u00a0como <em><strong>\u00abLos vengadores de la Patagonia tr\u00e1gica\u00bb,<\/strong><\/em> \u00abRebeld\u00eda y esperanza, Severino Di Giovanni\u00bb, \u00abLa Patagonia Rebelde\u00bb y \u201cLos anarquistas expropiadores y otros ensayos\u201d, entre muchas m\u00e1s.<\/p>\n<p>Tambi\u00e9n incursion\u00f3 en la ficci\u00f3n con la novela<em><strong> \u201cRainer y Minou\u201d.<\/strong><\/em> Fue traductor del alem\u00e1n de obras de Johann Wolfgang von Goethe, Franz Kafka, Bertolt Brecht y otros autores.<\/p>\n<p>Adem\u00e1s, es autor de los guiones cinematogr\u00e1ficos de<em><strong> \u201cLa Patagonia rebelde\u201d<\/strong><\/em> (Oso de Plata, del Festival de Cine de Berl\u00edn), \u201cAwka Liwen &#8211; Rebelde amanecer\u201d, \u201cSin querer\u201d y \u201cF\u00fatbol argentino\u201d, entre otras participaciones en la pantalla grande, como en su rol de entrevista en varios documentales.<\/p>\n<p>Hasta la fecha se mantuvo permanentemente involucrado en la lucha por las reivindicaciones de las luchas obreras y de los <strong>Pueblos Originarios argentinos,<\/strong> y el desenmascaramiento de figuras hist\u00f3ricas consideradas por \u00e9l como genocidas, <strong>Federico Rauch y Julio Argentino Roca.\u00a0<\/strong><\/p>\n<p>Fue Profesor Honorario, titular de la C\u00e1tedra Libre de Derechos Humanos de la Facultad de Filosof\u00eda y Letras de la UBA. Es doctor (hc) de las universidades del Comahue y de la Patagonia Austral. En 2007 fue distinguido en la Feria del Libro de Buenos Aires.<\/p>\n<p>En 1958 fund\u00f3 <strong>La Chispa<\/strong>, al que \u00e9l mismo denomin\u00f3 como \u00abel primer peri\u00f3dico independiente de la Patagonia\u00bb. Un a\u00f1o despu\u00e9s fue acusado de difundir informaci\u00f3n estrat\u00e9gica en un punto fronterizo, y es obligado por la Gendarmer\u00eda a punta de pistola, a abandonar Esquel. Luego, de 1959 a 1962, fue secretario general del Sindicato de Prensa.<\/p>\n<p>En el periodismo trabaj\u00f3 en Noticias Gr\u00e1ficas, en Esquel; fue secretario de Redacci\u00f3n de Clar\u00edn y colabor\u00f3 en P\u00e1gina\/12. Tambi\u00e9n estuvo al frente de su propio ciclo televisivo, <em><strong>\u201cMundo Bayer\u201d<\/strong><\/em>, en el canal Encuentro, donde cont\u00f3 jugosas an\u00e9cdotas de su vida personal y reivindic\u00f3 a distintos m\u00e1rtires y luchadores.<\/p>\n<p>Hincha de Rosario Central y <strong>entra\u00f1able amigo de Osvaldo Soriano y Rodolfo Walsh<\/strong>, tambi\u00e9n, vivi\u00f3 tambi\u00e9n la experiencia del exilio y de la prohibici\u00f3n de sus obras, cuando por segunda vez fue amenazado de muerte. Las amenazas de la Alianza Anticomunista Argentina, dirigida por Jos\u00e9 L\u00f3pez Rega, provocaron su exilio en Berl\u00edn desde 1975, el cual mantuvo hasta la ca\u00edda de la posterior dictadura militar en 1983.<\/p>\n<p>Su experiencia de la emigraci\u00f3n en Alemania, la tierra de sus antepasados, fue capaz de vitalizar tanto su propia identidad argentina como las arterias de su secreta comunicaci\u00f3n con la vieja tierra europea.<\/p>\n<div style=\"padding-bottom:20px; padding-top:10px;\" class=\"hupso-share-buttons\"><!-- Hupso Share Buttons - https:\/\/www.hupso.com\/share\/ --><a class=\"hupso_counters\" href=\"https:\/\/www.hupso.com\/share\/\"><img decoding=\"async\" src=\"http:\/\/static.hupso.com\/share\/buttons\/lang\/es\/share-small.png\" style=\"border:0px; padding-top:2px; float:left;\" alt=\"Share Button\"\/><\/a><script type=\"text\/javascript\">var hupso_services_c=new Array(\"twitter\",\"facebook_like\",\"google\");var hupso_counters_lang = \"es_LA\";var hupso_image_folder_url = \"\";var hupso_twitter_via=\"crsyvrs\";var hupso_url_c=\"\";<\/script><script type=\"text\/javascript\" src=\"http:\/\/static.hupso.com\/share\/js\/counters.js\"><\/script><!-- Hupso Share Buttons --><\/div> ","protected":false},"excerpt":{"rendered":"<div style=\"padding-bottom:20px; padding-top:10px;\" class=\"hupso-share-buttons\"><!-- Hupso Share Buttons - https:\/\/www.hupso.com\/share\/ --><a class=\"hupso_counters\" href=\"https:\/\/www.hupso.com\/share\/\"><img src=\"http:\/\/static.hupso.com\/share\/buttons\/lang\/es\/share-small.png\" style=\"border:0px; padding-top:2px; float:left;\" alt=\"Share Button\"\/><\/a><script type=\"text\/javascript\">var hupso_services_c=new Array(\"twitter\",\"facebook_like\",\"google\");var hupso_counters_lang = \"es_LA\";var hupso_image_folder_url = \"\";var hupso_twitter_via=\"crsyvrs\";var hupso_url_c=\"\";<\/script><script type=\"text\/javascript\" src=\"http:\/\/static.hupso.com\/share\/js\/counters.js\"><\/script><!-- Hupso Share Buttons --><\/div><p>Un recorrido por la obra de este historiador, periodista, docente y luchador social, nacido en Santa Fe el 18 de febrero de 1927. Osvaldo Bayer, con una destacada labor como historiador, periodista, docente y luchador social, \u00a0cumple 90 a\u00f1os,&#46;&#46;&#46;<\/p>\n<div style=\"padding-bottom:20px; padding-top:10px;\" class=\"hupso-share-buttons\"><!-- Hupso Share Buttons - https:\/\/www.hupso.com\/share\/ --><a class=\"hupso_counters\" href=\"https:\/\/www.hupso.com\/share\/\"><img src=\"http:\/\/static.hupso.com\/share\/buttons\/lang\/es\/share-small.png\" style=\"border:0px; padding-top:2px; float:left;\" alt=\"Share Button\"\/><\/a><script type=\"text\/javascript\">var hupso_services_c=new Array(\"twitter\",\"facebook_like\",\"google\");var hupso_counters_lang = \"es_LA\";var hupso_image_folder_url = \"\";var hupso_twitter_via=\"crsyvrs\";var hupso_url_c=\"\";<\/script><script type=\"text\/javascript\" src=\"http:\/\/static.hupso.com\/share\/js\/counters.js\"><\/script><!-- Hupso Share Buttons --><\/div>","protected":false},"author":5,"featured_media":0,"comment_status":"open","ping_status":"closed","sticky":false,"template":"","format":"standard","meta":{"footnotes":""},"categories":[9],"tags":[2407],"class_list":["post-14010","post","type-post","status-publish","format-standard","hentry","category-sociedad","tag-osvaldo-bayer"],"_links":{"self":[{"href":"http:\/\/cronicasyversiones.com\/index.php?rest_route=\/wp\/v2\/posts\/14010","targetHints":{"allow":["GET"]}}],"collection":[{"href":"http:\/\/cronicasyversiones.com\/index.php?rest_route=\/wp\/v2\/posts"}],"about":[{"href":"http:\/\/cronicasyversiones.com\/index.php?rest_route=\/wp\/v2\/types\/post"}],"author":[{"embeddable":true,"href":"http:\/\/cronicasyversiones.com\/index.php?rest_route=\/wp\/v2\/users\/5"}],"replies":[{"embeddable":true,"href":"http:\/\/cronicasyversiones.com\/index.php?rest_route=%2Fwp%2Fv2%2Fcomments&post=14010"}],"version-history":[{"count":0,"href":"http:\/\/cronicasyversiones.com\/index.php?rest_route=\/wp\/v2\/posts\/14010\/revisions"}],"wp:attachment":[{"href":"http:\/\/cronicasyversiones.com\/index.php?rest_route=%2Fwp%2Fv2%2Fmedia&parent=14010"}],"wp:term":[{"taxonomy":"category","embeddable":true,"href":"http:\/\/cronicasyversiones.com\/index.php?rest_route=%2Fwp%2Fv2%2Fcategories&post=14010"},{"taxonomy":"post_tag","embeddable":true,"href":"http:\/\/cronicasyversiones.com\/index.php?rest_route=%2Fwp%2Fv2%2Ftags&post=14010"}],"curies":[{"name":"wp","href":"https:\/\/api.w.org\/{rel}","templated":true}]}}