{"id":1407,"date":"2014-04-02T12:39:50","date_gmt":"2014-04-02T15:39:50","guid":{"rendered":"http:\/\/cronicasyversiones.com\/?p=1407"},"modified":"2014-04-02T12:55:12","modified_gmt":"2014-04-02T15:55:12","slug":"sale-a-escena-la-temporada-de-mecanicas","status":"publish","type":"post","link":"http:\/\/cronicasyversiones.com\/?p=1407","title":{"rendered":"Sale a escena la temporada de \u201cMec\u00e1nicas\u201d"},"content":{"rendered":"<div style=\"padding-bottom:20px; padding-top:10px;\" class=\"hupso-share-buttons\"><!-- Hupso Share Buttons - https:\/\/www.hupso.com\/share\/ --><a class=\"hupso_counters\" href=\"https:\/\/www.hupso.com\/share\/\"><img decoding=\"async\" src=\"http:\/\/static.hupso.com\/share\/buttons\/lang\/es\/share-small.png\" style=\"border:0px; padding-top:2px; float:left;\" alt=\"Share Button\"\/><\/a><script type=\"text\/javascript\">var hupso_services_c=new Array(\"twitter\",\"facebook_like\",\"google\");var hupso_counters_lang = \"es_LA\";var hupso_image_folder_url = \"\";var hupso_twitter_via=\"crsyvrs\";var hupso_url_c=\"\";<\/script><script type=\"text\/javascript\" src=\"http:\/\/static.hupso.com\/share\/js\/counters.js\"><\/script><!-- Hupso Share Buttons --><\/div><h4 style=\"text-align: justify;\">Por Edgardo Solano<\/h4>\n<h2 style=\"text-align: justify;\">La obra est\u00e1 ambientada en un taller mec\u00e1nico real, donde cuatro mujeres deben surfear el duro momento econ\u00f3mico y tambi\u00e9n convivir con los conflictos que surgen en ese \u00e1mbito laboral.<\/h2>\n<p style=\"text-align: justify;\"><a href=\"http:\/\/cronicasyversiones.com\/wp-content\/uploads\/2014\/04\/Meca-2.jpg\"><img loading=\"lazy\" decoding=\"async\" class=\"wp-image-1408 aligncenter\" alt=\"Meca 2\" src=\"http:\/\/cronicasyversiones.com\/wp-content\/uploads\/2014\/04\/Meca-2-1024x416.jpg\" width=\"771\" height=\"313\" srcset=\"http:\/\/cronicasyversiones.com\/wp-content\/uploads\/2014\/04\/Meca-2-1024x416.jpg 1024w, http:\/\/cronicasyversiones.com\/wp-content\/uploads\/2014\/04\/Meca-2-300x122.jpg 300w, http:\/\/cronicasyversiones.com\/wp-content\/uploads\/2014\/04\/Meca-2-624x253.jpg 624w, http:\/\/cronicasyversiones.com\/wp-content\/uploads\/2014\/04\/Meca-2.jpg 1153w\" sizes=\"auto, (max-width: 771px) 100vw, 771px\" \/><\/a><\/p>\n<p style=\"text-align: justify;\">En una taller mec\u00e1nico de Palermo, que funciona como escenario y como auditorio, se estrena de temporada de <em><strong>\u201cM\u00e9c\u00e1nicas\u201d<\/strong><\/em>, de <strong>Celina Rozenwurcel<\/strong>, donde cuatro mujeres deben surfear el duro momento por el que pasa el taller y tambi\u00e9n convivir con los conflictos que surgen en ese \u00e1mbito laboral. La puesta saldr\u00e1 a escena durante los domingo de abril a las 19 y para reservas y conocer la direcci\u00f3n exacta, se puede contactar por mail a mecanicasteatro@gmail.com<\/p>\n<p><strong>\u201cSiempre me parecieron muy interesantes los \u00e1mbitos laborales<\/strong> como disparadores de conflictos, tienen mucho texto y mucha gestualidad. Ah\u00ed se cruza el personaje que uno construye en el trabajo con las otras problem\u00e1ticas que uno tiene, t<strong>e terminas transformando en Superman<\/strong>\u201d, le comenta la dramaturga a la<em><strong> Cr\u00f3nicas y versiones<\/strong><\/em> sobre la vida paralela que se puede desarrollar dentro y fuera del trabajo.<\/p>\n<p>El taller mec\u00e1nico est\u00e1 pasando por su momento m\u00e1s cr\u00edtico y se encuentra<strong> al filo de la ruina<\/strong>. Por ah\u00ed desfilan clientes desconfiados, proveedores boicoteadores, repuestos que nunca llegan y una deuda que no para de incrementarse. En este panorama sombr\u00edo, tan inesperada como fortuita, <strong>aparecer\u00e1 la salvaci\u00f3n<\/strong>,\u00a0 que puede tener un precio demasiado alto por la \u201cayuda riesgosa\u201d que recibieron.<\/p>\n<p style=\"text-align: justify;\"><a href=\"http:\/\/cronicasyversiones.com\/wp-content\/uploads\/2014\/04\/Meca-3.jpg\"><img loading=\"lazy\" decoding=\"async\" class=\"size-full wp-image-1409 aligncenter\" alt=\"Meca 3\" src=\"http:\/\/cronicasyversiones.com\/wp-content\/uploads\/2014\/04\/Meca-3.jpg\" width=\"678\" height=\"510\" srcset=\"http:\/\/cronicasyversiones.com\/wp-content\/uploads\/2014\/04\/Meca-3.jpg 678w, http:\/\/cronicasyversiones.com\/wp-content\/uploads\/2014\/04\/Meca-3-300x225.jpg 300w, http:\/\/cronicasyversiones.com\/wp-content\/uploads\/2014\/04\/Meca-3-640x480.jpg 640w, http:\/\/cronicasyversiones.com\/wp-content\/uploads\/2014\/04\/Meca-3-624x469.jpg 624w\" sizes=\"auto, (max-width: 678px) 100vw, 678px\" \/><\/a><br \/>\nLa obra cuenta con la direcci\u00f3n de <strong>Federico Buso<\/strong> y el elenco lo completa propia dramaturga junto a <strong>Mariana Cavilli, Laila Duschatzky y Marcela Peidro<\/strong>. Tambi\u00e9n forma parte del staff Jam Monti en vestuario, Santiago Badillo a cargo de la iluminaci\u00f3n, Walter Jakob en el asesoramiento dramat\u00fargico, y los asistentes de direcci\u00f3n Agust\u00edn Daulte y Nicol\u00e1s Oviedo.<\/p>\n<p>\u201cMe pareci\u00f3 interesante el universo que pod\u00eda generar el trabajo femenino en un ambiente que es casi excluyente para ellas, un taller es un espacio muy potente. <strong>La problem\u00e1tica que ellas tiene podr\u00eda ser menos hostil por una cuesti\u00f3n de g\u00e9nero,<\/strong> si fueran hombres no tendr\u00edan los mismos problemas con los proveedores, por ejemplo\u201d, agrega la autora sobre el \u00e1mbito donde se desarrolla la obra en que las mujeres suelen s\u00f3lo aparecer en los p\u00f3sters que decoran las paredes.<\/p>\n<p>La autora en <em><strong>\u201cEn sue\u00f1o del tonto\u201d<\/strong><\/em> se meti\u00f3 en los conflictos laborales, pero en otro espacio. \u201cEsa obra transcurr\u00eda en una oficina, que es un espacio m\u00e1s recreable en un escenario para generar veracidad, un taller es mucho m\u00e1s dif\u00edcil y hasta va en contra de una forma femenina. Que sea en un espacio no convencional no anula la dramaturgia\u201d, cierra.<\/p>\n<div style=\"padding-bottom:20px; padding-top:10px;\" class=\"hupso-share-buttons\"><!-- Hupso Share Buttons - https:\/\/www.hupso.com\/share\/ --><a class=\"hupso_counters\" href=\"https:\/\/www.hupso.com\/share\/\"><img decoding=\"async\" src=\"http:\/\/static.hupso.com\/share\/buttons\/lang\/es\/share-small.png\" style=\"border:0px; padding-top:2px; float:left;\" alt=\"Share Button\"\/><\/a><script type=\"text\/javascript\">var hupso_services_c=new Array(\"twitter\",\"facebook_like\",\"google\");var hupso_counters_lang = \"es_LA\";var hupso_image_folder_url = \"\";var hupso_twitter_via=\"crsyvrs\";var hupso_url_c=\"\";<\/script><script type=\"text\/javascript\" src=\"http:\/\/static.hupso.com\/share\/js\/counters.js\"><\/script><!-- Hupso Share Buttons --><\/div> ","protected":false},"excerpt":{"rendered":"<div style=\"padding-bottom:20px; padding-top:10px;\" class=\"hupso-share-buttons\"><!-- Hupso Share Buttons - https:\/\/www.hupso.com\/share\/ --><a class=\"hupso_counters\" href=\"https:\/\/www.hupso.com\/share\/\"><img src=\"http:\/\/static.hupso.com\/share\/buttons\/lang\/es\/share-small.png\" style=\"border:0px; padding-top:2px; float:left;\" alt=\"Share Button\"\/><\/a><script type=\"text\/javascript\">var hupso_services_c=new Array(\"twitter\",\"facebook_like\",\"google\");var hupso_counters_lang = \"es_LA\";var hupso_image_folder_url = \"\";var hupso_twitter_via=\"crsyvrs\";var hupso_url_c=\"\";<\/script><script type=\"text\/javascript\" src=\"http:\/\/static.hupso.com\/share\/js\/counters.js\"><\/script><!-- Hupso Share Buttons --><\/div><p>Por Edgardo Solano La obra est\u00e1 ambientada en un taller mec\u00e1nico real, donde cuatro mujeres deben surfear el duro momento econ\u00f3mico y tambi\u00e9n convivir con los conflictos que surgen en ese \u00e1mbito laboral. En una taller mec\u00e1nico de Palermo,&#46;&#46;&#46;<\/p>\n<div style=\"padding-bottom:20px; padding-top:10px;\" class=\"hupso-share-buttons\"><!-- Hupso Share Buttons - https:\/\/www.hupso.com\/share\/ --><a class=\"hupso_counters\" href=\"https:\/\/www.hupso.com\/share\/\"><img src=\"http:\/\/static.hupso.com\/share\/buttons\/lang\/es\/share-small.png\" style=\"border:0px; padding-top:2px; float:left;\" alt=\"Share Button\"\/><\/a><script type=\"text\/javascript\">var hupso_services_c=new Array(\"twitter\",\"facebook_like\",\"google\");var hupso_counters_lang = \"es_LA\";var hupso_image_folder_url = \"\";var hupso_twitter_via=\"crsyvrs\";var hupso_url_c=\"\";<\/script><script type=\"text\/javascript\" src=\"http:\/\/static.hupso.com\/share\/js\/counters.js\"><\/script><!-- Hupso Share Buttons --><\/div>","protected":false},"author":5,"featured_media":0,"comment_status":"open","ping_status":"open","sticky":false,"template":"","format":"standard","meta":{"footnotes":""},"categories":[5],"tags":[1204,16,1203,1206,1205],"class_list":["post-1407","post","type-post","status-publish","format-standard","hentry","category-teatro","tag-celina-rozenwurcel","tag-cronicas-y-versiones","tag-mecanicas","tag-palermo","tag-taller-mecanico"],"_links":{"self":[{"href":"http:\/\/cronicasyversiones.com\/index.php?rest_route=\/wp\/v2\/posts\/1407","targetHints":{"allow":["GET"]}}],"collection":[{"href":"http:\/\/cronicasyversiones.com\/index.php?rest_route=\/wp\/v2\/posts"}],"about":[{"href":"http:\/\/cronicasyversiones.com\/index.php?rest_route=\/wp\/v2\/types\/post"}],"author":[{"embeddable":true,"href":"http:\/\/cronicasyversiones.com\/index.php?rest_route=\/wp\/v2\/users\/5"}],"replies":[{"embeddable":true,"href":"http:\/\/cronicasyversiones.com\/index.php?rest_route=%2Fwp%2Fv2%2Fcomments&post=1407"}],"version-history":[{"count":0,"href":"http:\/\/cronicasyversiones.com\/index.php?rest_route=\/wp\/v2\/posts\/1407\/revisions"}],"wp:attachment":[{"href":"http:\/\/cronicasyversiones.com\/index.php?rest_route=%2Fwp%2Fv2%2Fmedia&parent=1407"}],"wp:term":[{"taxonomy":"category","embeddable":true,"href":"http:\/\/cronicasyversiones.com\/index.php?rest_route=%2Fwp%2Fv2%2Fcategories&post=1407"},{"taxonomy":"post_tag","embeddable":true,"href":"http:\/\/cronicasyversiones.com\/index.php?rest_route=%2Fwp%2Fv2%2Ftags&post=1407"}],"curies":[{"name":"wp","href":"https:\/\/api.w.org\/{rel}","templated":true}]}}