{"id":14095,"date":"2017-02-23T00:02:21","date_gmt":"2017-02-23T03:02:21","guid":{"rendered":"http:\/\/cronicasyversiones.com\/?p=14095"},"modified":"2017-02-23T08:30:06","modified_gmt":"2017-02-23T11:30:06","slug":"llega-las-salas-esteros-una-historia-de-sentimientos-negados","status":"publish","type":"post","link":"http:\/\/cronicasyversiones.com\/?p=14095","title":{"rendered":"Llega a las salas \u201cEsteros\u201d, una historia de sentimientos negados"},"content":{"rendered":"<div style=\"padding-bottom:20px; padding-top:10px;\" class=\"hupso-share-buttons\"><!-- Hupso Share Buttons - https:\/\/www.hupso.com\/share\/ --><a class=\"hupso_counters\" href=\"https:\/\/www.hupso.com\/share\/\"><img decoding=\"async\" src=\"http:\/\/static.hupso.com\/share\/buttons\/lang\/es\/share-small.png\" style=\"border:0px; padding-top:2px; float:left;\" alt=\"Share Button\"\/><\/a><script type=\"text\/javascript\">var hupso_services_c=new Array(\"twitter\",\"facebook_like\",\"google\");var hupso_counters_lang = \"es_LA\";var hupso_image_folder_url = \"\";var hupso_twitter_via=\"crsyvrs\";var hupso_url_c=\"\";<\/script><script type=\"text\/javascript\" src=\"http:\/\/static.hupso.com\/share\/js\/counters.js\"><\/script><!-- Hupso Share Buttons --><\/div><h2>El film de Pau Curotto cuenta el amor de Mat\u00edas por Jer\u00f3nimo, truncada por los prejuicios familiares, y el posterior reencuentro de los dos j\u00f3venes.<\/h2>\n<p><img loading=\"lazy\" decoding=\"async\" class=\"wp-image-14097 aligncenter\" src=\"http:\/\/cronicasyversiones.com\/wp-content\/uploads\/2017\/02\/22a904d12f1c82078a9611c995320704-1024x429.jpg\" alt=\"\" width=\"780\" height=\"327\" srcset=\"http:\/\/cronicasyversiones.com\/wp-content\/uploads\/2017\/02\/22a904d12f1c82078a9611c995320704-1024x429.jpg 1024w, http:\/\/cronicasyversiones.com\/wp-content\/uploads\/2017\/02\/22a904d12f1c82078a9611c995320704-300x126.jpg 300w, http:\/\/cronicasyversiones.com\/wp-content\/uploads\/2017\/02\/22a904d12f1c82078a9611c995320704-768x322.jpg 768w, http:\/\/cronicasyversiones.com\/wp-content\/uploads\/2017\/02\/22a904d12f1c82078a9611c995320704.jpg 1280w\" sizes=\"auto, (max-width: 780px) 100vw, 780px\" \/><\/p>\n<p>&nbsp;<\/p>\n<p>Se estrena <em><strong>\u201cEsteros\u201d<\/strong><\/em>, una pel\u00edcula argentina dirigida por<strong> Papu Curotto<\/strong>, donde Mat\u00edas y Jer\u00f3nimo, los protagonistas, se conocen desde sus tiernos a\u00f1os de infancia.<\/p>\n<p>En las escenas de la pel\u00edcula se cuenta e<strong>l amor de Mat\u00edas por Jer\u00f3nimo<\/strong> en la localidad correntina de Paso de los Libres a fin de los \u201990. Esa sexualidad adolescente es truncada por los prejuicios familiares y su idiosincrasia propia de peque\u00f1a ciudad.<\/p>\n<p>M\u00e1s de diez a\u00f1os despu\u00e9s, Mat\u00edas regresar\u00e1 en Carnavales a su antigua ciudad con su novia. Inesperadamente se encontrar\u00e1 con Jer\u00f3nimo, lo que provocar\u00e1 que sus sentimientos afloren poco a poco. Ambos se rencuentran ya j\u00f3venes y Mat\u00edas se hace cargo de sus <strong>sentimientos tanto tiempo negados.<\/strong><\/p>\n<p>Papu Curotto es autor del cortometraje <em><strong>\u00abMat\u00edas y Ger\u00f3nimo\u00bb<\/strong><\/em>, con su verdadero nombre, Gerardo Curotto, y <em><strong>\u201cEsteros\u201d<\/strong><\/em> es su primer largometraje, que cuenta con el gui\u00f3n cinematogr\u00e1fico de Andi Nachon.<\/p>\n<p><strong>Ignacio Rogers y Esteban Masturini<\/strong> son los protagonistas del film, mientras que el reparto se completa con Renata Calmon, Mari?a Merlino, Marcelo Subioto, Mariana Martinez, Pablo Cura, Joaqu\u00edn Parada y Blas Finardi Niz.<\/p>\n<p><strong>El tr\u00e1iler:\u00a0<\/strong><\/p>\n<p>&nbsp;<\/p>\n<div style=\"position: relative; height: 0; padding-bottom: 56.25%;\"><iframe loading=\"lazy\" style=\"position: absolute; width: 100%; height: 100%; left: 0;\" src=\"https:\/\/www.youtube.com\/embed\/tLb93aITF3s?ecver=2\" width=\"600\" height=\"350\" frameborder=\"0\" allowfullscreen=\"allowfullscreen\"><\/iframe><\/div>\n<p>&nbsp;<\/p>\n<div style=\"padding-bottom:20px; padding-top:10px;\" class=\"hupso-share-buttons\"><!-- Hupso Share Buttons - https:\/\/www.hupso.com\/share\/ --><a class=\"hupso_counters\" href=\"https:\/\/www.hupso.com\/share\/\"><img decoding=\"async\" src=\"http:\/\/static.hupso.com\/share\/buttons\/lang\/es\/share-small.png\" style=\"border:0px; padding-top:2px; float:left;\" alt=\"Share Button\"\/><\/a><script type=\"text\/javascript\">var hupso_services_c=new Array(\"twitter\",\"facebook_like\",\"google\");var hupso_counters_lang = \"es_LA\";var hupso_image_folder_url = \"\";var hupso_twitter_via=\"crsyvrs\";var hupso_url_c=\"\";<\/script><script type=\"text\/javascript\" src=\"http:\/\/static.hupso.com\/share\/js\/counters.js\"><\/script><!-- Hupso Share Buttons --><\/div> ","protected":false},"excerpt":{"rendered":"<div style=\"padding-bottom:20px; padding-top:10px;\" class=\"hupso-share-buttons\"><!-- Hupso Share Buttons - https:\/\/www.hupso.com\/share\/ --><a class=\"hupso_counters\" href=\"https:\/\/www.hupso.com\/share\/\"><img src=\"http:\/\/static.hupso.com\/share\/buttons\/lang\/es\/share-small.png\" style=\"border:0px; padding-top:2px; float:left;\" alt=\"Share Button\"\/><\/a><script type=\"text\/javascript\">var hupso_services_c=new Array(\"twitter\",\"facebook_like\",\"google\");var hupso_counters_lang = \"es_LA\";var hupso_image_folder_url = \"\";var hupso_twitter_via=\"crsyvrs\";var hupso_url_c=\"\";<\/script><script type=\"text\/javascript\" src=\"http:\/\/static.hupso.com\/share\/js\/counters.js\"><\/script><!-- Hupso Share Buttons --><\/div><p>El film de Pau Curotto cuenta el amor de Mat\u00edas por Jer\u00f3nimo, truncada por los prejuicios familiares, y el posterior reencuentro de los dos j\u00f3venes. &nbsp; Se estrena \u201cEsteros\u201d, una pel\u00edcula argentina dirigida por Papu Curotto, donde Mat\u00edas y&#46;&#46;&#46;<\/p>\n<div style=\"padding-bottom:20px; padding-top:10px;\" class=\"hupso-share-buttons\"><!-- Hupso Share Buttons - https:\/\/www.hupso.com\/share\/ --><a class=\"hupso_counters\" href=\"https:\/\/www.hupso.com\/share\/\"><img src=\"http:\/\/static.hupso.com\/share\/buttons\/lang\/es\/share-small.png\" style=\"border:0px; padding-top:2px; float:left;\" alt=\"Share Button\"\/><\/a><script type=\"text\/javascript\">var hupso_services_c=new Array(\"twitter\",\"facebook_like\",\"google\");var hupso_counters_lang = \"es_LA\";var hupso_image_folder_url = \"\";var hupso_twitter_via=\"crsyvrs\";var hupso_url_c=\"\";<\/script><script type=\"text\/javascript\" src=\"http:\/\/static.hupso.com\/share\/js\/counters.js\"><\/script><!-- Hupso Share Buttons --><\/div>","protected":false},"author":5,"featured_media":14097,"comment_status":"open","ping_status":"closed","sticky":false,"template":"","format":"standard","meta":{"footnotes":""},"categories":[4],"tags":[7749,7748,7750],"class_list":["post-14095","post","type-post","status-publish","format-standard","has-post-thumbnail","hentry","category-cine","tag-esteban-masturini","tag-ignacio-rogers","tag-papu-curotto"],"_links":{"self":[{"href":"http:\/\/cronicasyversiones.com\/index.php?rest_route=\/wp\/v2\/posts\/14095","targetHints":{"allow":["GET"]}}],"collection":[{"href":"http:\/\/cronicasyversiones.com\/index.php?rest_route=\/wp\/v2\/posts"}],"about":[{"href":"http:\/\/cronicasyversiones.com\/index.php?rest_route=\/wp\/v2\/types\/post"}],"author":[{"embeddable":true,"href":"http:\/\/cronicasyversiones.com\/index.php?rest_route=\/wp\/v2\/users\/5"}],"replies":[{"embeddable":true,"href":"http:\/\/cronicasyversiones.com\/index.php?rest_route=%2Fwp%2Fv2%2Fcomments&post=14095"}],"version-history":[{"count":0,"href":"http:\/\/cronicasyversiones.com\/index.php?rest_route=\/wp\/v2\/posts\/14095\/revisions"}],"wp:featuredmedia":[{"embeddable":true,"href":"http:\/\/cronicasyversiones.com\/index.php?rest_route=\/wp\/v2\/media\/14097"}],"wp:attachment":[{"href":"http:\/\/cronicasyversiones.com\/index.php?rest_route=%2Fwp%2Fv2%2Fmedia&parent=14095"}],"wp:term":[{"taxonomy":"category","embeddable":true,"href":"http:\/\/cronicasyversiones.com\/index.php?rest_route=%2Fwp%2Fv2%2Fcategories&post=14095"},{"taxonomy":"post_tag","embeddable":true,"href":"http:\/\/cronicasyversiones.com\/index.php?rest_route=%2Fwp%2Fv2%2Ftags&post=14095"}],"curies":[{"name":"wp","href":"https:\/\/api.w.org\/{rel}","templated":true}]}}