{"id":14391,"date":"2017-03-15T13:59:08","date_gmt":"2017-03-15T16:59:08","guid":{"rendered":"http:\/\/cronicasyversiones.com\/?p=14391"},"modified":"2017-03-15T13:59:08","modified_gmt":"2017-03-15T16:59:08","slug":"entrepalabras-abre-la-temporada-2017-de-cuentos","status":"publish","type":"post","link":"http:\/\/cronicasyversiones.com\/?p=14391","title":{"rendered":"Entrepalabras abre la \u00abtemporada 2017\u00bb de cuentos"},"content":{"rendered":"<div style=\"padding-bottom:20px; padding-top:10px;\" class=\"hupso-share-buttons\"><!-- Hupso Share Buttons - https:\/\/www.hupso.com\/share\/ --><a class=\"hupso_counters\" href=\"https:\/\/www.hupso.com\/share\/\"><img decoding=\"async\" src=\"http:\/\/static.hupso.com\/share\/buttons\/lang\/es\/share-small.png\" style=\"border:0px; padding-top:2px; float:left;\" alt=\"Share Button\"\/><\/a><script type=\"text\/javascript\">var hupso_services_c=new Array(\"twitter\",\"facebook_like\",\"google\");var hupso_counters_lang = \"es_LA\";var hupso_image_folder_url = \"\";var hupso_twitter_via=\"crsyvrs\";var hupso_url_c=\"\";<\/script><script type=\"text\/javascript\" src=\"http:\/\/static.hupso.com\/share\/js\/counters.js\"><\/script><!-- Hupso Share Buttons --><\/div><h2>Este grupo de narraci\u00f3n oral presentar\u00e1 el espect\u00e1culo \u00abEspejos\u00bb, con historias que \u00abreflejan, inquietan, emocionan e interpelan\u00bb.<\/h2>\n<p><img loading=\"lazy\" decoding=\"async\" class=\"wp-image-14393 aligncenter\" src=\"http:\/\/cronicasyversiones.com\/wp-content\/uploads\/2017\/03\/Entre.jpg\" alt=\"\" width=\"749\" height=\"384\" srcset=\"http:\/\/cronicasyversiones.com\/wp-content\/uploads\/2017\/03\/Entre.jpg 800w, http:\/\/cronicasyversiones.com\/wp-content\/uploads\/2017\/03\/Entre-300x154.jpg 300w, http:\/\/cronicasyversiones.com\/wp-content\/uploads\/2017\/03\/Entre-768x394.jpg 768w\" sizes=\"auto, (max-width: 749px) 100vw, 749px\" \/><\/p>\n<p>El grupo de narraci\u00f3n oral <strong>Entrepalabras<\/strong> se presentar\u00e1, una vez m\u00e1s, en la casa de t\u00e9 <em><strong>\u00abPeumay\u00e9n\u00bb<\/strong><\/em> (Bouchard 1402, Adrogu\u00e9), este domingo 19 de marzo, a las 18.<\/p>\n<p>En esta oportunidad, las narradoras presentar\u00e1n el espect\u00e1culo <em><strong>\u00abEspejos\u00bb,<\/strong><\/em> con historias que \u00abreflejan, inquietan, emocionan e interpelan\u00bb.<\/p>\n<p>De esta forma, el p\u00fablico podr\u00e1 disfrutar de cuentos de autores como <strong>Manuel Mujica L\u00e1inez, Juana de Ibarbourou y Alejandro Dolina,<\/strong> entre otros, en las voces y los cuerpos de estas mujeres que inauguran el tercer a\u00f1o de llevar historias a la oralidad.<\/p>\n<p>El costo de la entrada es al sobre.\u00a0 S\u00f3lo con reservas al 4214-4023.<\/p>\n<h4>Sobre Entrepalabras<\/h4>\n<p><strong>Entrepalabras<\/strong> es un grupo de narraci\u00f3n oral, integrado por siete mujeres, de distintas generaciones, con distintas profesiones y ocupaciones, unidas por el placer de narrar. No, no leemos cuentos ni recitamos historias de memoria: utilizamos la palabra y el texto como columna vertebral y los trasladamos a la oralidad, acompa\u00f1\u00e1ndolo con el cuerpo, con los gestos, con la mirada.<\/p>\n<p>Las integrantes de este grupo son Natalia Arenas, Roxana G\u00f3mez, Mar\u00eda Isabel Giraldez, Adriana Molina, Cristina Rodr\u00edguez, Betty Rubens y Victoria Russo.<\/p>\n<p>&nbsp;<\/p>\n<div style=\"padding-bottom:20px; padding-top:10px;\" class=\"hupso-share-buttons\"><!-- Hupso Share Buttons - https:\/\/www.hupso.com\/share\/ --><a class=\"hupso_counters\" href=\"https:\/\/www.hupso.com\/share\/\"><img decoding=\"async\" src=\"http:\/\/static.hupso.com\/share\/buttons\/lang\/es\/share-small.png\" style=\"border:0px; padding-top:2px; float:left;\" alt=\"Share Button\"\/><\/a><script type=\"text\/javascript\">var hupso_services_c=new Array(\"twitter\",\"facebook_like\",\"google\");var hupso_counters_lang = \"es_LA\";var hupso_image_folder_url = \"\";var hupso_twitter_via=\"crsyvrs\";var hupso_url_c=\"\";<\/script><script type=\"text\/javascript\" src=\"http:\/\/static.hupso.com\/share\/js\/counters.js\"><\/script><!-- Hupso Share Buttons --><\/div> ","protected":false},"excerpt":{"rendered":"<div style=\"padding-bottom:20px; padding-top:10px;\" class=\"hupso-share-buttons\"><!-- Hupso Share Buttons - https:\/\/www.hupso.com\/share\/ --><a class=\"hupso_counters\" href=\"https:\/\/www.hupso.com\/share\/\"><img src=\"http:\/\/static.hupso.com\/share\/buttons\/lang\/es\/share-small.png\" style=\"border:0px; padding-top:2px; float:left;\" alt=\"Share Button\"\/><\/a><script type=\"text\/javascript\">var hupso_services_c=new Array(\"twitter\",\"facebook_like\",\"google\");var hupso_counters_lang = \"es_LA\";var hupso_image_folder_url = \"\";var hupso_twitter_via=\"crsyvrs\";var hupso_url_c=\"\";<\/script><script type=\"text\/javascript\" src=\"http:\/\/static.hupso.com\/share\/js\/counters.js\"><\/script><!-- Hupso Share Buttons --><\/div><p>Este grupo de narraci\u00f3n oral presentar\u00e1 el espect\u00e1culo \u00abEspejos\u00bb, con historias que \u00abreflejan, inquietan, emocionan e interpelan\u00bb. El grupo de narraci\u00f3n oral Entrepalabras se presentar\u00e1, una vez m\u00e1s, en la casa de t\u00e9 \u00abPeumay\u00e9n\u00bb (Bouchard 1402, Adrogu\u00e9), este domingo&#46;&#46;&#46;<\/p>\n<div style=\"padding-bottom:20px; padding-top:10px;\" class=\"hupso-share-buttons\"><!-- Hupso Share Buttons - https:\/\/www.hupso.com\/share\/ --><a class=\"hupso_counters\" href=\"https:\/\/www.hupso.com\/share\/\"><img src=\"http:\/\/static.hupso.com\/share\/buttons\/lang\/es\/share-small.png\" style=\"border:0px; padding-top:2px; float:left;\" alt=\"Share Button\"\/><\/a><script type=\"text\/javascript\">var hupso_services_c=new Array(\"twitter\",\"facebook_like\",\"google\");var hupso_counters_lang = \"es_LA\";var hupso_image_folder_url = \"\";var hupso_twitter_via=\"crsyvrs\";var hupso_url_c=\"\";<\/script><script type=\"text\/javascript\" src=\"http:\/\/static.hupso.com\/share\/js\/counters.js\"><\/script><!-- Hupso Share Buttons --><\/div>","protected":false},"author":5,"featured_media":0,"comment_status":"open","ping_status":"closed","sticky":false,"template":"","format":"standard","meta":{"footnotes":""},"categories":[7],"tags":[7030,1283],"class_list":["post-14391","post","type-post","status-publish","format-standard","hentry","category-literatura","tag-entrepalabras","tag-narracion-oral"],"_links":{"self":[{"href":"http:\/\/cronicasyversiones.com\/index.php?rest_route=\/wp\/v2\/posts\/14391","targetHints":{"allow":["GET"]}}],"collection":[{"href":"http:\/\/cronicasyversiones.com\/index.php?rest_route=\/wp\/v2\/posts"}],"about":[{"href":"http:\/\/cronicasyversiones.com\/index.php?rest_route=\/wp\/v2\/types\/post"}],"author":[{"embeddable":true,"href":"http:\/\/cronicasyversiones.com\/index.php?rest_route=\/wp\/v2\/users\/5"}],"replies":[{"embeddable":true,"href":"http:\/\/cronicasyversiones.com\/index.php?rest_route=%2Fwp%2Fv2%2Fcomments&post=14391"}],"version-history":[{"count":0,"href":"http:\/\/cronicasyversiones.com\/index.php?rest_route=\/wp\/v2\/posts\/14391\/revisions"}],"wp:attachment":[{"href":"http:\/\/cronicasyversiones.com\/index.php?rest_route=%2Fwp%2Fv2%2Fmedia&parent=14391"}],"wp:term":[{"taxonomy":"category","embeddable":true,"href":"http:\/\/cronicasyversiones.com\/index.php?rest_route=%2Fwp%2Fv2%2Fcategories&post=14391"},{"taxonomy":"post_tag","embeddable":true,"href":"http:\/\/cronicasyversiones.com\/index.php?rest_route=%2Fwp%2Fv2%2Ftags&post=14391"}],"curies":[{"name":"wp","href":"https:\/\/api.w.org\/{rel}","templated":true}]}}