{"id":14451,"date":"2017-03-18T00:04:08","date_gmt":"2017-03-18T03:04:08","guid":{"rendered":"http:\/\/cronicasyversiones.com\/?p=14451"},"modified":"2017-03-17T16:06:01","modified_gmt":"2017-03-17T19:06:01","slug":"el-partenon-de-libros-de-marta-minujin-llega-a-alemania","status":"publish","type":"post","link":"http:\/\/cronicasyversiones.com\/?p=14451","title":{"rendered":"El \u201cParten\u00f3n de Libros\u201d de Marta Minuj\u00edn llega a Alemania"},"content":{"rendered":"<div style=\"padding-bottom:20px; padding-top:10px;\" class=\"hupso-share-buttons\"><!-- Hupso Share Buttons - https:\/\/www.hupso.com\/share\/ --><a class=\"hupso_counters\" href=\"https:\/\/www.hupso.com\/share\/\"><img decoding=\"async\" src=\"http:\/\/static.hupso.com\/share\/buttons\/lang\/es\/share-small.png\" style=\"border:0px; padding-top:2px; float:left;\" alt=\"Share Button\"\/><\/a><script type=\"text\/javascript\">var hupso_services_c=new Array(\"twitter\",\"facebook_like\",\"google\");var hupso_counters_lang = \"es_LA\";var hupso_image_folder_url = \"\";var hupso_twitter_via=\"crsyvrs\";var hupso_url_c=\"\";<\/script><script type=\"text\/javascript\" src=\"http:\/\/static.hupso.com\/share\/js\/counters.js\"><\/script><!-- Hupso Share Buttons --><\/div><h2>La artista desempolvar\u00e1 en Documenta 14 a la muestra de arte contempor\u00e1neo m\u00e1s importante del mundo, que emplazo en Buenos Aires en 1983.<\/h2>\n<p><img loading=\"lazy\" decoding=\"async\" class=\"wp-image-14452 aligncenter\" src=\"http:\/\/cronicasyversiones.com\/wp-content\/uploads\/2017\/03\/Marta.jpg\" alt=\"\" width=\"781\" height=\"439\" srcset=\"http:\/\/cronicasyversiones.com\/wp-content\/uploads\/2017\/03\/Marta.jpg 960w, http:\/\/cronicasyversiones.com\/wp-content\/uploads\/2017\/03\/Marta-300x169.jpg 300w, http:\/\/cronicasyversiones.com\/wp-content\/uploads\/2017\/03\/Marta-768x432.jpg 768w\" sizes=\"auto, (max-width: 781px) 100vw, 781px\" \/><\/p>\n<p><strong>Marta Minuj\u00edn<\/strong> desempolvar\u00e1 en <strong>Documenta 14,<\/strong> la muestra de arte contempor\u00e1neo m\u00e1s importante del planeta a su ic\u00f3nico <em><strong>\u00abParten\u00f3n de Libros prohibidos\u00bb<\/strong><\/em> y para este fin lanz\u00f3 una campa\u00f1a de recolecci\u00f3n de libros censurados, en la <strong>Ciudad de Buenos Aires.<\/strong><\/p>\n<p>Con esta creaci\u00f3n, la artista argentina le dio forma a un s\u00edmbolo de resistencia en contra de la censura y la persecuci\u00f3n, que realiz\u00f3 en 1983, cuando instal\u00f3 en la Avenida 9 de Julio su primer Parten\u00f3n de libros <strong>contra la censura de la dictadura militar en la Argentina.<\/strong><\/p>\n<p>El Parten\u00f3n que emplazar\u00e1 en <strong>Documenta<\/strong> estar\u00e1 conformado por 100 mil libros procedentes de todo el mundo, que est\u00e1n o estuvieron censurados en diferentes lugares.<\/p>\n<p>A estos libro, se sumar\u00e1n los recolectados en la Ciudad de Buenos Aires, para levantar la gigantesca obra que ser\u00e1 la puerta de entrada a Documenta 14, en la<strong> Friedrichsplatz de Kassel.<\/strong><\/p>\n<p style=\"text-align: center;\"><strong><em>Esta reedici\u00f3n de su ic\u00f3nica obra medir\u00e1 70 metros de largo por 30 metros de ancho y 20 metros de altura, las mismas dimensiones del templo ateniense, s\u00edmbolo de la democracia.<\/em><\/strong><\/p>\n<p>El Parten\u00f3n de Libros prohibidos ser\u00e1 instalado en la plaza de Kassel, en donde el 19 de mayo de 1933, en una acci\u00f3n llamada <em><strong>\u00abCampa\u00f1a en contra del esp\u00edritu no-germano\u00bb,<\/strong><\/em> los nazis quemaron unos 2 mil libros.<\/p>\n<p>El Gobierno porte\u00f1o, trav\u00e9s del <strong>Ministerio de Ambiente y Espacio P\u00fablico<\/strong>, instal\u00f3 contenedores especialmente dise\u00f1ados en puntos estrat\u00e9gicos: Centro Cultural Recoleta, Museo de Arte Moderno de Buenos Aires (avenida San Juan 350), Pasaje de Carruajes del Teatro Col\u00f3n, Centro Cultural San Mart\u00edn, Usina del Arte, Casa de la Cultura (Avenida de Mayo 575).<\/p>\n<p>Otros de lugares son la Biblioteca Ricardo G\u00fciraldes (Talcahuano 1261), Biblioteca Nacional (Museo del Libro y de la Lengua, avenida Las Heras 2555), Museo Nacional de Bellas Artes (Asociaci\u00f3n de Amigos), Fundaci\u00f3n PROA, Museo Nacional de Arte Decorativo (Avenida del Libertador 1902).<\/p>\n<p>La obra, que mostrar\u00e1 una variante del ic\u00f3nico <strong>Parten\u00f3n de Atenas<\/strong>, un s\u00edmbolo de la vuelta de la Democracia, es una reedici\u00f3n de la instalaci\u00f3n realizada en la Avenida 9 de Julio en 1983 por la propia <strong>Marta Minuj\u00edn<\/strong> con libros vetados, quemados y destruidos durante la \u00faltima dictadura militar argentina por ser considerados subversivos.<\/p>\n<p>Marta Minuj\u00edn cosech\u00f3 un gran reconocimiento por sus obras vanguardistas producidas principalmente durante a partir de los \u201960 y su creatividad se mantiene a\u00fan vigente, mientras que sigue trabajando como artista en su taller en el barrio porte\u00f1o de San Crist\u00f3bal.<\/p>\n<p>En su larga carrera art\u00edstica recibi\u00f3 el <strong>Premio Konex-Menci\u00f3n Especial<\/strong> (2012) adem\u00e1s del Konex de Platino (1982 y 1992) otorgados por la Fundaci\u00f3n Konex.<\/p>\n<div style=\"padding-bottom:20px; padding-top:10px;\" class=\"hupso-share-buttons\"><!-- Hupso Share Buttons - https:\/\/www.hupso.com\/share\/ --><a class=\"hupso_counters\" href=\"https:\/\/www.hupso.com\/share\/\"><img decoding=\"async\" src=\"http:\/\/static.hupso.com\/share\/buttons\/lang\/es\/share-small.png\" style=\"border:0px; padding-top:2px; float:left;\" alt=\"Share Button\"\/><\/a><script type=\"text\/javascript\">var hupso_services_c=new Array(\"twitter\",\"facebook_like\",\"google\");var hupso_counters_lang = \"es_LA\";var hupso_image_folder_url = \"\";var hupso_twitter_via=\"crsyvrs\";var hupso_url_c=\"\";<\/script><script type=\"text\/javascript\" src=\"http:\/\/static.hupso.com\/share\/js\/counters.js\"><\/script><!-- Hupso Share Buttons --><\/div> ","protected":false},"excerpt":{"rendered":"<div style=\"padding-bottom:20px; padding-top:10px;\" class=\"hupso-share-buttons\"><!-- Hupso Share Buttons - https:\/\/www.hupso.com\/share\/ --><a class=\"hupso_counters\" href=\"https:\/\/www.hupso.com\/share\/\"><img src=\"http:\/\/static.hupso.com\/share\/buttons\/lang\/es\/share-small.png\" style=\"border:0px; padding-top:2px; float:left;\" alt=\"Share Button\"\/><\/a><script type=\"text\/javascript\">var hupso_services_c=new Array(\"twitter\",\"facebook_like\",\"google\");var hupso_counters_lang = \"es_LA\";var hupso_image_folder_url = \"\";var hupso_twitter_via=\"crsyvrs\";var hupso_url_c=\"\";<\/script><script type=\"text\/javascript\" src=\"http:\/\/static.hupso.com\/share\/js\/counters.js\"><\/script><!-- Hupso Share Buttons --><\/div><p>La artista desempolvar\u00e1 en Documenta 14 a la muestra de arte contempor\u00e1neo m\u00e1s importante del mundo, que emplazo en Buenos Aires en 1983. Marta Minuj\u00edn desempolvar\u00e1 en Documenta 14, la muestra de arte contempor\u00e1neo m\u00e1s importante del planeta a&#46;&#46;&#46;<\/p>\n<div style=\"padding-bottom:20px; padding-top:10px;\" class=\"hupso-share-buttons\"><!-- Hupso Share Buttons - https:\/\/www.hupso.com\/share\/ --><a class=\"hupso_counters\" href=\"https:\/\/www.hupso.com\/share\/\"><img src=\"http:\/\/static.hupso.com\/share\/buttons\/lang\/es\/share-small.png\" style=\"border:0px; padding-top:2px; float:left;\" alt=\"Share Button\"\/><\/a><script type=\"text\/javascript\">var hupso_services_c=new Array(\"twitter\",\"facebook_like\",\"google\");var hupso_counters_lang = \"es_LA\";var hupso_image_folder_url = \"\";var hupso_twitter_via=\"crsyvrs\";var hupso_url_c=\"\";<\/script><script type=\"text\/javascript\" src=\"http:\/\/static.hupso.com\/share\/js\/counters.js\"><\/script><!-- Hupso Share Buttons --><\/div>","protected":false},"author":5,"featured_media":0,"comment_status":"open","ping_status":"closed","sticky":false,"template":"","format":"standard","meta":{"footnotes":""},"categories":[8],"tags":[931],"class_list":["post-14451","post","type-post","status-publish","format-standard","hentry","category-artes-plasticas","tag-marta-minujin"],"_links":{"self":[{"href":"http:\/\/cronicasyversiones.com\/index.php?rest_route=\/wp\/v2\/posts\/14451","targetHints":{"allow":["GET"]}}],"collection":[{"href":"http:\/\/cronicasyversiones.com\/index.php?rest_route=\/wp\/v2\/posts"}],"about":[{"href":"http:\/\/cronicasyversiones.com\/index.php?rest_route=\/wp\/v2\/types\/post"}],"author":[{"embeddable":true,"href":"http:\/\/cronicasyversiones.com\/index.php?rest_route=\/wp\/v2\/users\/5"}],"replies":[{"embeddable":true,"href":"http:\/\/cronicasyversiones.com\/index.php?rest_route=%2Fwp%2Fv2%2Fcomments&post=14451"}],"version-history":[{"count":0,"href":"http:\/\/cronicasyversiones.com\/index.php?rest_route=\/wp\/v2\/posts\/14451\/revisions"}],"wp:attachment":[{"href":"http:\/\/cronicasyversiones.com\/index.php?rest_route=%2Fwp%2Fv2%2Fmedia&parent=14451"}],"wp:term":[{"taxonomy":"category","embeddable":true,"href":"http:\/\/cronicasyversiones.com\/index.php?rest_route=%2Fwp%2Fv2%2Fcategories&post=14451"},{"taxonomy":"post_tag","embeddable":true,"href":"http:\/\/cronicasyversiones.com\/index.php?rest_route=%2Fwp%2Fv2%2Ftags&post=14451"}],"curies":[{"name":"wp","href":"https:\/\/api.w.org\/{rel}","templated":true}]}}