{"id":14545,"date":"2017-03-24T08:21:12","date_gmt":"2017-03-24T11:21:12","guid":{"rendered":"http:\/\/cronicasyversiones.com\/?p=14545"},"modified":"2017-03-24T08:21:12","modified_gmt":"2017-03-24T11:21:12","slug":"norma-aleandro-relatara-cuentos-en-las-bibliotecas-portenas","status":"publish","type":"post","link":"http:\/\/cronicasyversiones.com\/?p=14545","title":{"rendered":"Norma Aleandro relatar\u00e1 cuentos en las bibliotecas porte\u00f1as"},"content":{"rendered":"<div style=\"padding-bottom:20px; padding-top:10px;\" class=\"hupso-share-buttons\"><!-- Hupso Share Buttons - https:\/\/www.hupso.com\/share\/ --><a class=\"hupso_counters\" href=\"https:\/\/www.hupso.com\/share\/\"><img decoding=\"async\" src=\"http:\/\/static.hupso.com\/share\/buttons\/lang\/es\/share-small.png\" style=\"border:0px; padding-top:2px; float:left;\" alt=\"Share Button\"\/><\/a><script type=\"text\/javascript\">var hupso_services_c=new Array(\"twitter\",\"facebook_like\",\"google\");var hupso_counters_lang = \"es_LA\";var hupso_image_folder_url = \"\";var hupso_twitter_via=\"crsyvrs\";var hupso_url_c=\"\";<\/script><script type=\"text\/javascript\" src=\"http:\/\/static.hupso.com\/share\/js\/counters.js\"><\/script><!-- Hupso Share Buttons --><\/div><h2>El ciclo, \u00abBuenos Aires te Cuenta un Cuento\u00bb, incluir\u00e1 tambi\u00e9n a las actrices Claudia Lapac\u00f3, Luisa Kuliok, Ana Mar\u00eda Picchio y Marilina Ross.<\/h2>\n<p><img loading=\"lazy\" decoding=\"async\" class=\" wp-image-14546\" src=\"http:\/\/cronicasyversiones.com\/wp-content\/uploads\/2017\/03\/Norma-1024x573.jpg\" alt=\"\" width=\"746\" height=\"418\" srcset=\"http:\/\/cronicasyversiones.com\/wp-content\/uploads\/2017\/03\/Norma-1024x573.jpg 1024w, http:\/\/cronicasyversiones.com\/wp-content\/uploads\/2017\/03\/Norma-300x168.jpg 300w, http:\/\/cronicasyversiones.com\/wp-content\/uploads\/2017\/03\/Norma-768x429.jpg 768w, http:\/\/cronicasyversiones.com\/wp-content\/uploads\/2017\/03\/Norma.jpg 1284w\" sizes=\"auto, (max-width: 746px) 100vw, 746px\" \/><\/p>\n<p>Norma Aleandro, Claudia Lapac\u00f3, Luisa Kuliok, Ana Mar\u00eda Picchio y Marilina Ross realizar\u00e1n una lectura abierta de relatos dirigidos a toda la familia, en las <strong>bibliotecas de la Ciudad de Buenos Aires,<\/strong> hasta el 23 de julio.<\/p>\n<p>El ciclo lleva el t\u00edtulo de <em><strong>\u00abBuenos Aires te Cuenta un Cuento\u00bb <\/strong><\/em>y cuanta con la direcci\u00f3n de <strong>Helena Tritek.<\/strong> Las \u00a0actrices realizar\u00e1n un recorrido por cuentos argentinos y del mundo a trav\u00e9s de diferentes autores como Horacio Quiroga y Oscar Wilde.<\/p>\n<p style=\"text-align: center;\"><em><strong>La lectura se realizar\u00e1 durante nueve domingos, hasta fines de julio, inform\u00f3 el Ministerio de Cultura porte\u00f1o.<\/strong><\/em><\/p>\n<p>El 26 de marzo, a las 18, se inicia el ciclo en la <strong>Biblioteca Ricardo G\u00fciraldes<\/strong> -Talcahuano 1261- en Recoleta, donde leer\u00e1n relatos <strong>Norma Aleandro y Ana Mar\u00eda Picchio<\/strong>.<\/p>\n<p>El 23 de abril, a las 18, la actividad tendr\u00e1 lugar en la<strong> Casa de la Lectura<\/strong> -Lavalleja 924- en Villa Crespo, donde leer\u00e1n <strong>Norma Aleandro y Marilina Ross.<\/strong><\/p>\n<p>El 30 de abril, a las 16, la lectura se realizar\u00e1 en la <strong>Biblioteca Reina Batata<\/strong> -11 de septiembre 1801- en Barrancas de Belgrano. All\u00ed leer\u00e1n <strong>Norma Aleandro y Ana Mar\u00eda Picchio<\/strong>.<\/p>\n<p>El 21 de mayo, a las 18, en la <strong>Biblioteca Carlos Guido y Spano<\/strong> &#8211; G\u00fcemes 4601- de Palermo, realizar\u00e1n las lecturas <strong>Norma Aleandro y Claudia Lapac\u00f3<\/strong>.<\/p>\n<p>El 28 de mayo, a las 16, la actividad tendr\u00e1 lugar en la <strong>Biblioteca Enrique Banchs<\/strong> -Avenida Caseros 3102- de Parque Patricios. Leer\u00e1n cuentos <strong>Norma Aleandro y Ana Mar\u00eda Picchio.\u00a0<\/strong><\/p>\n<p>El 18 de junio, a las 18, en la <strong>Biblioteca Antonio Devoto<\/strong> -Bah\u00eda Blanca 4025- de Villa Devoto, los cuentos estar\u00e1n a cargo de <strong>Norma Aleandro y Luisa Kuliok.\u00a0<\/strong><\/p>\n<p>Por su parte, el 25 de junio, a las 18, en la <strong>Biblioteca Mart\u00edn Del Barco Centenera<\/strong> -Venezuela 1538- de Monserrat, leer\u00e1n <strong>Norma Aleandro y Ana Mar\u00eda Picchio.\u00a0<\/strong><\/p>\n<p>El 23 de julio, a las 18, en la <strong>Biblioteca Villa 31,<\/strong> leer\u00e1n <strong>Norma Aleandro y Marilina Ross<\/strong>.<\/p>\n<p>Mientras que el 30 de julio, a las 18, en la <strong>Biblioteca Ricardo G\u00fciraldes,<\/strong> el ciclo cerrar\u00e1 con lecturas de las actrices <strong>Norma Aleandro y Claudia Lapac\u00f3.<\/strong><\/p>\n<p>&nbsp;<\/p>\n<div style=\"padding-bottom:20px; padding-top:10px;\" class=\"hupso-share-buttons\"><!-- Hupso Share Buttons - https:\/\/www.hupso.com\/share\/ --><a class=\"hupso_counters\" href=\"https:\/\/www.hupso.com\/share\/\"><img decoding=\"async\" src=\"http:\/\/static.hupso.com\/share\/buttons\/lang\/es\/share-small.png\" style=\"border:0px; padding-top:2px; float:left;\" alt=\"Share Button\"\/><\/a><script type=\"text\/javascript\">var hupso_services_c=new Array(\"twitter\",\"facebook_like\",\"google\");var hupso_counters_lang = \"es_LA\";var hupso_image_folder_url = \"\";var hupso_twitter_via=\"crsyvrs\";var hupso_url_c=\"\";<\/script><script type=\"text\/javascript\" src=\"http:\/\/static.hupso.com\/share\/js\/counters.js\"><\/script><!-- Hupso Share Buttons --><\/div> ","protected":false},"excerpt":{"rendered":"<div style=\"padding-bottom:20px; padding-top:10px;\" class=\"hupso-share-buttons\"><!-- Hupso Share Buttons - https:\/\/www.hupso.com\/share\/ --><a class=\"hupso_counters\" href=\"https:\/\/www.hupso.com\/share\/\"><img src=\"http:\/\/static.hupso.com\/share\/buttons\/lang\/es\/share-small.png\" style=\"border:0px; padding-top:2px; float:left;\" alt=\"Share Button\"\/><\/a><script type=\"text\/javascript\">var hupso_services_c=new Array(\"twitter\",\"facebook_like\",\"google\");var hupso_counters_lang = \"es_LA\";var hupso_image_folder_url = \"\";var hupso_twitter_via=\"crsyvrs\";var hupso_url_c=\"\";<\/script><script type=\"text\/javascript\" src=\"http:\/\/static.hupso.com\/share\/js\/counters.js\"><\/script><!-- Hupso Share Buttons --><\/div><p>El ciclo, \u00abBuenos Aires te Cuenta un Cuento\u00bb, incluir\u00e1 tambi\u00e9n a las actrices Claudia Lapac\u00f3, Luisa Kuliok, Ana Mar\u00eda Picchio y Marilina Ross. Norma Aleandro, Claudia Lapac\u00f3, Luisa Kuliok, Ana Mar\u00eda Picchio y Marilina Ross realizar\u00e1n una lectura abierta&#46;&#46;&#46;<\/p>\n<div style=\"padding-bottom:20px; padding-top:10px;\" class=\"hupso-share-buttons\"><!-- Hupso Share Buttons - https:\/\/www.hupso.com\/share\/ --><a class=\"hupso_counters\" href=\"https:\/\/www.hupso.com\/share\/\"><img src=\"http:\/\/static.hupso.com\/share\/buttons\/lang\/es\/share-small.png\" style=\"border:0px; padding-top:2px; float:left;\" alt=\"Share Button\"\/><\/a><script type=\"text\/javascript\">var hupso_services_c=new Array(\"twitter\",\"facebook_like\",\"google\");var hupso_counters_lang = \"es_LA\";var hupso_image_folder_url = \"\";var hupso_twitter_via=\"crsyvrs\";var hupso_url_c=\"\";<\/script><script type=\"text\/javascript\" src=\"http:\/\/static.hupso.com\/share\/js\/counters.js\"><\/script><!-- Hupso Share Buttons --><\/div>","protected":false},"author":5,"featured_media":0,"comment_status":"open","ping_status":"closed","sticky":false,"template":"","format":"standard","meta":{"footnotes":""},"categories":[7],"tags":[4758,7556,7837,4761,1283,4366],"class_list":["post-14545","post","type-post","status-publish","format-standard","hentry","category-literatura","tag-ana-maria-picchio","tag-claudia-lapaco","tag-luisa-kuliok","tag-marilina-ross","tag-narracion-oral","tag-norma-aleandro"],"_links":{"self":[{"href":"http:\/\/cronicasyversiones.com\/index.php?rest_route=\/wp\/v2\/posts\/14545","targetHints":{"allow":["GET"]}}],"collection":[{"href":"http:\/\/cronicasyversiones.com\/index.php?rest_route=\/wp\/v2\/posts"}],"about":[{"href":"http:\/\/cronicasyversiones.com\/index.php?rest_route=\/wp\/v2\/types\/post"}],"author":[{"embeddable":true,"href":"http:\/\/cronicasyversiones.com\/index.php?rest_route=\/wp\/v2\/users\/5"}],"replies":[{"embeddable":true,"href":"http:\/\/cronicasyversiones.com\/index.php?rest_route=%2Fwp%2Fv2%2Fcomments&post=14545"}],"version-history":[{"count":0,"href":"http:\/\/cronicasyversiones.com\/index.php?rest_route=\/wp\/v2\/posts\/14545\/revisions"}],"wp:attachment":[{"href":"http:\/\/cronicasyversiones.com\/index.php?rest_route=%2Fwp%2Fv2%2Fmedia&parent=14545"}],"wp:term":[{"taxonomy":"category","embeddable":true,"href":"http:\/\/cronicasyversiones.com\/index.php?rest_route=%2Fwp%2Fv2%2Fcategories&post=14545"},{"taxonomy":"post_tag","embeddable":true,"href":"http:\/\/cronicasyversiones.com\/index.php?rest_route=%2Fwp%2Fv2%2Ftags&post=14545"}],"curies":[{"name":"wp","href":"https:\/\/api.w.org\/{rel}","templated":true}]}}