{"id":14549,"date":"2017-03-25T00:01:26","date_gmt":"2017-03-25T03:01:26","guid":{"rendered":"http:\/\/cronicasyversiones.com\/?p=14549"},"modified":"2017-03-24T11:55:00","modified_gmt":"2017-03-24T14:55:00","slug":"cuarenta-anos-sin-rodolfo-walsh","status":"publish","type":"post","link":"http:\/\/cronicasyversiones.com\/?p=14549","title":{"rendered":"Cuarenta a\u00f1os sin Rodolfo Walsh"},"content":{"rendered":"<div style=\"padding-bottom:20px; padding-top:10px;\" class=\"hupso-share-buttons\"><!-- Hupso Share Buttons - https:\/\/www.hupso.com\/share\/ --><a class=\"hupso_counters\" href=\"https:\/\/www.hupso.com\/share\/\"><img decoding=\"async\" src=\"http:\/\/static.hupso.com\/share\/buttons\/lang\/es\/share-small.png\" style=\"border:0px; padding-top:2px; float:left;\" alt=\"Share Button\"\/><\/a><script type=\"text\/javascript\">var hupso_services_c=new Array(\"twitter\",\"facebook_like\",\"google\");var hupso_counters_lang = \"es_LA\";var hupso_image_folder_url = \"\";var hupso_twitter_via=\"crsyvrs\";var hupso_url_c=\"\";<\/script><script type=\"text\/javascript\" src=\"http:\/\/static.hupso.com\/share\/js\/counters.js\"><\/script><!-- Hupso Share Buttons --><\/div><h4>Por Edgardo Solano<\/h4>\n<h2>El 25 de marzo de 1977 un grupo de tareas baleaba y secuestraba a este escritor, luego de que la publicaci\u00f3n de su \u201cCarta abierta de un escritor a la Junta Militar\u201d.<\/h2>\n<p><img loading=\"lazy\" decoding=\"async\" class=\" wp-image-14550\" src=\"http:\/\/cronicasyversiones.com\/wp-content\/uploads\/2017\/03\/rodolfo_walsh_retrato-1024x767.jpg\" alt=\"\" width=\"761\" height=\"570\" srcset=\"http:\/\/cronicasyversiones.com\/wp-content\/uploads\/2017\/03\/rodolfo_walsh_retrato-1024x767.jpg 1024w, http:\/\/cronicasyversiones.com\/wp-content\/uploads\/2017\/03\/rodolfo_walsh_retrato-300x225.jpg 300w, http:\/\/cronicasyversiones.com\/wp-content\/uploads\/2017\/03\/rodolfo_walsh_retrato-768x575.jpg 768w, http:\/\/cronicasyversiones.com\/wp-content\/uploads\/2017\/03\/rodolfo_walsh_retrato-640x480.jpg 640w, http:\/\/cronicasyversiones.com\/wp-content\/uploads\/2017\/03\/rodolfo_walsh_retrato.jpg 1812w\" sizes=\"auto, (max-width: 761px) 100vw, 761px\" \/><\/p>\n<p>El 24 de marzo de 1977, al cumplirse el primer aniversario del golpe militar, <strong>Rodolfo Walsh<\/strong> termin\u00f3 su \u00faltima obra, la <em><strong>\u201cCarta abierta de un escritor a la Junta Militar\u201d<\/strong><\/em>, en la que denunciaba tanto los cr\u00edmenes de secuestro y desaparici\u00f3n de personas y tambi\u00e9n las graves consecuencias de las medidas aplicadas por Jos\u00e9 Alfredo Mart\u00ednez de Hoz, por entonces Ministro de Econom\u00eda de Jorge Rafael Videla.<\/p>\n<p>S\u00f3lo un d\u00eda despu\u00e9s, se produjo su desaparici\u00f3n en el cruce de las <strong>Avenidas San Juan y Entre R\u00edos,<\/strong> en el barrio de San Crist\u00f3bal, cuando lo intercept\u00f3 un Grupo de Tareas de la <strong>Escuela de Mec\u00e1nica de la Armada.<\/strong><\/p>\n<p><strong>En aquella jornada, ocurrida hace exactamente 40 a\u00f1os,<\/strong> el escritor baj\u00f3 de un auto en una intersecci\u00f3n concurrida de la Ciudad de Buenos Aires y le dieron la orden de entregarse, pero Walsh se resisti\u00f3, sac\u00f3 un arma de que llevaba consigo y abri\u00f3 fuego sobre ellos.<\/p>\n<p>En su resistencia, logr\u00f3 herir a uno de los atacantes, pero fue acribillado por una r\u00e1faga de FAL y herido de muerte. <strong>Estando herido y moribundo<\/strong>, fue subido al auto de sus atacantes y secuestrado, mientras que hay testimonios de sobrevivientes que se\u00f1alaron haber visto el cuerpo sin vida de Walsh en la <strong>ESMA,<\/strong> pero no hay informaci\u00f3n exacta del paradero de sus restos hasta la fecha, formando parte de la n\u00f3mina de detenidos desaparecidos.<\/p>\n<p><em>\u201cEstas son las reflexiones que en el primer aniversario de su infausto gobierno he querido hacer llegar a los miembros de esa Junta, sin esperanza de ser escuchado, con la certeza de ser perseguido, pero fiel al compromiso que asum\u00ed hace mucho tiempo de dar testimonio en momentos dif\u00edciles\u201d,<\/em> hab\u00eda escrito Walsh en el tramo final de su \u201cCarta\u201d.<\/p>\n<p>Por esos d\u00edas, Walsh resid\u00eda en la localidad de San Vicente, junto <strong>Lilia Ferreyra,<\/strong> su \u00faltima pareja. El escritor escogi\u00f3 este lugar en el interior bonaerense, junto a la laguna, luego que su casa de Tigre fuera allanada por fuerzas militares.<\/p>\n<p>Portador de sangre irlandesa, <strong>Rodolfo Walsh<\/strong> hab\u00eda nacido en 1927 en la patag\u00f3nica provincia de <strong>R\u00edo Negro<\/strong> y se radic\u00f3 en Buenos Aires en su adolescencia. Ingres\u00f3 en la Universidad Nacional de La Plata, mientras se ganaba la vida en diversos oficios y comenzaba a hacer sus primeras armas en el periodismo y en el mundo literario.<\/p>\n<p>En su amplia labor period\u00edstica, fue colaborador de las revistas <strong>Leopl\u00e1n, Vea y Lea, Panorama, Primera Plana, Semanario Villero,<\/strong> de las editoriales Hachette y de los peri\u00f3dicos Mayor\u00eda y Noticias. Cre\u00f3 y dirigi\u00f3 el semanario CGT y particip\u00f3 de la gestaci\u00f3n y de los primeros pasos de la agencia cubana <strong>Prensa Latina<\/strong>, mientras que tambi\u00e9n cre\u00f3 <strong>ANCLA (Agencia de Noticias Clandestina)<\/strong> y la Cadena Informativa, en medio de la censura.<\/p>\n<p>Este escritor, traductor, periodista, intelectual y militante fue autor de la emblem\u00e1tica investigaci\u00f3n <strong>\u00abOperaci\u00f3n Masacre\u00bb,<\/strong> considerada la primera obra de no ficci\u00f3n -de la que este a\u00f1o se cumplen 60 a\u00f1os de su publicaci\u00f3n-, donde narra a la manera de una novela policial los fusilamientos ilegales de un grupo de prisioneros peronistas el 9 de junio de 1956 en <strong>Jos\u00e9 Le\u00f3n Su\u00e1rez<\/strong> por parte de la <strong>Revoluci\u00f3n Libertadora.<\/strong><\/p>\n<div class=\"video-container\">\n<blockquote class=\"wp-embedded-content\" data-secret=\"R5bkds0Krn\"><p><a href=\"http:\/\/cronicasyversiones.com\/?p=14497\">Homenajean a Rodolfo Walsh por los 60 a\u00f1os de \u201cOperaci\u00f3n Masacre\u201d<\/a><\/p><\/blockquote>\n<p><iframe loading=\"lazy\" class=\"wp-embedded-content\" sandbox=\"allow-scripts\" security=\"restricted\" style=\"position: absolute; clip: rect(1px, 1px, 1px, 1px);\" title=\"\u00abHomenajean a Rodolfo Walsh por los 60 a\u00f1os de \u201cOperaci\u00f3n Masacre\u201d\u00bb \u2014    \" src=\"http:\/\/cronicasyversiones.com\/?p=14497&#038;embed=true#?secret=rSvGf9QL4k#?secret=R5bkds0Krn\" data-secret=\"R5bkds0Krn\" width=\"600\" height=\"338\" frameborder=\"0\" marginwidth=\"0\" marginheight=\"0\" scrolling=\"no\"><\/iframe><\/div>\n<p>Este libro es el predecesor en su g\u00e9nero a <em><strong>\u201cA sangre fr\u00eda\u201d,<\/strong><\/em> la novela del periodista y escritor estadounidense <strong>Truman Capote<\/strong>, que fue comenzada en 1959 y finalmente publicada en 1966.<\/p>\n<p>La g\u00e9nesis de <em><strong>\u201cOperaci\u00f3n Masacre\u201d<\/strong><\/em> comenz\u00f3 se produjo en 1956 con un levantamiento militar contra el gobierno de facto. El levantamiento fue reprimido y durante la madrugada entre el 9 y el 10 de junio nueve civiles fueron detenidos y fusilados en un basural de Jos\u00e9 Le\u00f3n Su\u00e1rez .<\/p>\n<p>El escritor fue testigo del levantamiento y los combates callejeros en La Plata, donde resid\u00eda por entonces. Meses despu\u00e9s, en un bar que frecuentaba, un desconocido se le acerc\u00f3 y le dio el dato clave con que con el que comenzar\u00eda la investigaci\u00f3n: <strong>\u201cHay un fusilado que vive\u201d.\u00a0<\/strong><\/p>\n<p><strong>Con su sagacidad investigativa,<\/strong> logr\u00f3 identificar al sobreviviente como <strong>Juan Carlos Livraga,<\/strong> al que entrevist\u00f3, y por quien pudo saber que hab\u00eda tambi\u00e9n otros sobrevivientes. Los meses siguientes fueron de un arduo trabajo, interrogando a conocidos, vecinos y sobrevivientes hasta terminar el libro.<\/p>\n<p>En esa misma l\u00ednea escribi\u00f3<em><strong> \u201c\u00bfQui\u00e9n mat\u00f3 a Rosendo?\u201d<\/strong><\/em> una investigaci\u00f3n sobre el asesinato del dirigente sindical Rosendo Garc\u00eda, y<em><strong> \u201cEl caso Satanovsky\u201d<\/strong><\/em>. Tambi\u00e9n son parte de su obra \u201cDiez cuentos policiales\u201d, \u201cVariaciones en rojo\u201d, \u201cLos oficios terrestres\u201d y \u201cUn kilo de oro\u201d, entre otros t\u00edtulos.<\/p>\n<p>&nbsp;<\/p>\n<div style=\"padding-bottom:20px; padding-top:10px;\" class=\"hupso-share-buttons\"><!-- Hupso Share Buttons - https:\/\/www.hupso.com\/share\/ --><a class=\"hupso_counters\" href=\"https:\/\/www.hupso.com\/share\/\"><img decoding=\"async\" src=\"http:\/\/static.hupso.com\/share\/buttons\/lang\/es\/share-small.png\" style=\"border:0px; padding-top:2px; float:left;\" alt=\"Share Button\"\/><\/a><script type=\"text\/javascript\">var hupso_services_c=new Array(\"twitter\",\"facebook_like\",\"google\");var hupso_counters_lang = \"es_LA\";var hupso_image_folder_url = \"\";var hupso_twitter_via=\"crsyvrs\";var hupso_url_c=\"\";<\/script><script type=\"text\/javascript\" src=\"http:\/\/static.hupso.com\/share\/js\/counters.js\"><\/script><!-- Hupso Share Buttons --><\/div> ","protected":false},"excerpt":{"rendered":"<div style=\"padding-bottom:20px; padding-top:10px;\" class=\"hupso-share-buttons\"><!-- Hupso Share Buttons - https:\/\/www.hupso.com\/share\/ --><a class=\"hupso_counters\" href=\"https:\/\/www.hupso.com\/share\/\"><img src=\"http:\/\/static.hupso.com\/share\/buttons\/lang\/es\/share-small.png\" style=\"border:0px; padding-top:2px; float:left;\" alt=\"Share Button\"\/><\/a><script type=\"text\/javascript\">var hupso_services_c=new Array(\"twitter\",\"facebook_like\",\"google\");var hupso_counters_lang = \"es_LA\";var hupso_image_folder_url = \"\";var hupso_twitter_via=\"crsyvrs\";var hupso_url_c=\"\";<\/script><script type=\"text\/javascript\" src=\"http:\/\/static.hupso.com\/share\/js\/counters.js\"><\/script><!-- Hupso Share Buttons --><\/div><p>Por Edgardo Solano El 25 de marzo de 1977 un grupo de tareas baleaba y secuestraba a este escritor, luego de que la publicaci\u00f3n de su \u201cCarta abierta de un escritor a la Junta Militar\u201d. El 24 de marzo&#46;&#46;&#46;<\/p>\n<div style=\"padding-bottom:20px; padding-top:10px;\" class=\"hupso-share-buttons\"><!-- Hupso Share Buttons - https:\/\/www.hupso.com\/share\/ --><a class=\"hupso_counters\" href=\"https:\/\/www.hupso.com\/share\/\"><img src=\"http:\/\/static.hupso.com\/share\/buttons\/lang\/es\/share-small.png\" style=\"border:0px; padding-top:2px; float:left;\" alt=\"Share Button\"\/><\/a><script type=\"text\/javascript\">var hupso_services_c=new Array(\"twitter\",\"facebook_like\",\"google\");var hupso_counters_lang = \"es_LA\";var hupso_image_folder_url = \"\";var hupso_twitter_via=\"crsyvrs\";var hupso_url_c=\"\";<\/script><script type=\"text\/javascript\" src=\"http:\/\/static.hupso.com\/share\/js\/counters.js\"><\/script><!-- Hupso Share Buttons --><\/div>","protected":false},"author":5,"featured_media":0,"comment_status":"open","ping_status":"closed","sticky":false,"template":"","format":"standard","meta":{"footnotes":""},"categories":[7,9],"tags":[3866],"class_list":["post-14549","post","type-post","status-publish","format-standard","hentry","category-literatura","category-sociedad","tag-rodolfo-walsh"],"_links":{"self":[{"href":"http:\/\/cronicasyversiones.com\/index.php?rest_route=\/wp\/v2\/posts\/14549","targetHints":{"allow":["GET"]}}],"collection":[{"href":"http:\/\/cronicasyversiones.com\/index.php?rest_route=\/wp\/v2\/posts"}],"about":[{"href":"http:\/\/cronicasyversiones.com\/index.php?rest_route=\/wp\/v2\/types\/post"}],"author":[{"embeddable":true,"href":"http:\/\/cronicasyversiones.com\/index.php?rest_route=\/wp\/v2\/users\/5"}],"replies":[{"embeddable":true,"href":"http:\/\/cronicasyversiones.com\/index.php?rest_route=%2Fwp%2Fv2%2Fcomments&post=14549"}],"version-history":[{"count":0,"href":"http:\/\/cronicasyversiones.com\/index.php?rest_route=\/wp\/v2\/posts\/14549\/revisions"}],"wp:attachment":[{"href":"http:\/\/cronicasyversiones.com\/index.php?rest_route=%2Fwp%2Fv2%2Fmedia&parent=14549"}],"wp:term":[{"taxonomy":"category","embeddable":true,"href":"http:\/\/cronicasyversiones.com\/index.php?rest_route=%2Fwp%2Fv2%2Fcategories&post=14549"},{"taxonomy":"post_tag","embeddable":true,"href":"http:\/\/cronicasyversiones.com\/index.php?rest_route=%2Fwp%2Fv2%2Ftags&post=14549"}],"curies":[{"name":"wp","href":"https:\/\/api.w.org\/{rel}","templated":true}]}}